{"id":232479,"date":"2026-09-04T09:38:15","date_gmt":"2026-09-04T09:38:15","guid":{"rendered":"https:\/\/www.europesays.com\/hu\/232479\/"},"modified":"2026-09-04T09:38:15","modified_gmt":"2026-09-04T09:38:15","slug":"george-clooney-7-hihetetlen-sztori-a-sztar-karrierjebol","status":"publish","type":"post","link":"https:\/\/www.europesays.com\/hu\/232479\/","title":{"rendered":"George Clooney: 7 hihetetlen sztori a szt\u00e1r karrierj\u00e9b\u0151l"},"content":{"rendered":"<p>\n\t\t\t\t\t\t\t\t\tA 65 \u00e9ves George Clooney k\u00e9tszeres Oscar-d\u00edjas \u00e9s h\u00e1romszoros Golden Globe-d\u00edjas amerikai sz\u00edn\u00e9sz, rendez\u0151, producer \u00e9s forgat\u00f3k\u00f6nyv\u00edr\u00f3 kapta id\u00e9n az Arany Oroszl\u00e1n-\u00e9letm\u0171d\u00edjat. Ez t\u00f6k\u00e9letes alkalom arra, hogy visszatekints\u00fcnk n\u00e9h\u00e1ny kev\u00e9sb\u00e9 ismert fejezetre a karrierj\u00e9b\u0151l.&#13;\n\t\t\t\t\t\t\t\t<\/p>\n<p>George Clooney az Arany Oroszl\u00e1n-\u00e9letm\u0171d\u00edjat Laura Dernt\u0151l vette \u00e1t a 83. Velencei Nemzetk\u00f6zi Filmfesztiv\u00e1lon.<br \/>\nAz amerikai sz\u00edn\u00e9sz, rendez\u0151 \u00e9s producer Hollywood megh\u00f3d\u00edt\u00e1sa el\u0151tt a sportban is jeleskedett.<br \/>\nTudtad, hogy a South Parkban is k\u00f6lcs\u00f6n\u00f6zte a hangj\u00e1t valakinek?\u00a0<\/p>\n<p>Neh\u00e9z elk\u00e9pzelni a fiatal, \u00fatkeres\u0151 George Clooney-t, aki m\u00e9g nem tudja, pontosan milyen ter\u00fcleten akar kiteljesedni. M\u00e1ra Hollywood legsokoldal\u00fabb m\u0171v\u00e9sze, akinek p\u00e1ly\u00e1j\u00e1t id\u00e9n szeptemberben Arany Oroszl\u00e1n-\u00e9letm\u0171d\u00edjjal ismert\u00e9k el. A r\u00e9gi hollywoodi szt\u00e1rok vil\u00e1g\u00e1t id\u00e9z\u0151 eleganci\u00e1ja, magabiztoss\u00e1ga m\u00e1ra a v\u00e9djegy\u00e9v\u00e9 v\u00e1lt, pedig egykor \u0151 is ugyanolyan bizonytalan \u00fatkeres\u0151 volt, mint b\u00e1rki m\u00e1s.<\/p>\n<p>Nem mindennapi elismer\u00e9s<\/p>\n<p>Clooney szeptember 2-\u00e1n a fesztiv\u00e1l megnyit\u00f3\u00fcnneps\u00e9g Laura Dern laud\u00e1ci\u00f3ja ut\u00e1n vette \u00e1t a d\u00edjat. A sz\u00edn\u00e9sz a t\u0151le megszokott ir\u00f3ni\u00e1val fogadta az elismer\u00e9st: elmond\u00e1sa szerint Velencei Filmfesztiv\u00e1l mindig is a kedvenc filmes esem\u00e9nye volt, \u00edgy hatalmas megtiszteltet\u00e9s sz\u00e1m\u00e1ra az Arany Oroszl\u00e1n. B\u00e1r viccel\u0151dve hozz\u00e1tette: \u201eVal\u00f3sz\u00edn\u0171leg azt jelenti, hogy \u00f6reg vagyok.\u201d A szakmai elismer\u00e9s kapcs\u00e1n \u00f6sszegy\u0171jt\u00f6tt\u00fcnk n\u00e9h\u00e1ny \u00e9rdekess\u00e9get Clooney p\u00e1lyafut\u00e1s\u00e1b\u00f3l.<\/p>\n<p>7 \u00e9rdekess\u00e9g George Clooney korai \u00e9veib\u0151l<br \/>\n1. Miel\u0151tt vil\u00e1gszt\u00e1r lett, eg\u00e9szen m\u00e1s karrierr\u0151l \u00e1lmodott<\/p>\n<p>Clooney Kentuckyban n\u0151tt fel, \u00e9s baseballrajong\u00f3 tin\u00e9dzserk\u00e9nt arr\u00f3l \u00e1lmodott, hogy profi j\u00e1t\u00e9kos lesz. 1977-ben, mind\u00f6ssze 16 \u00e9vesen r\u00e9szt vett a Cincinnati Reds pr\u00f3baj\u00e1t\u00e9k\u00e1n, amely akkoriban a Major League Baseball egyik leger\u0151sebb csapata volt. A szerz\u0151d\u00e9s azonban soha nem j\u00f6tt l\u00e9tre.<\/p>\n<p>2. N\u0151i cip\u0151ket \u00e1rult \u00e9s doh\u00e1nyt sz\u00fcretelt<\/p>\n<p>Clooney \u00fatja a baseball ut\u00e1n nem egyenesen Hollywoodba vezetett. Miel\u0151tt meg tudott volna \u00e9lni a sz\u00edn\u00e9szetb\u0151l, mindenf\u00e9le munk\u00e1t elv\u00e1llalt: n\u0151i cip\u0151ket \u00e1rult, DJ-k\u00e9nt dolgozott, h\u00e1zr\u00f3l h\u00e1zra j\u00e1rva biztos\u00edt\u00e1sokat \u00e9rt\u00e9kes\u00edtett, \u00e9s \u00f3r\u00e1nk\u00e9nt valamivel t\u00f6bb mint h\u00e1rom doll\u00e1r\u00e9rt doh\u00e1nyt apr\u00edtott.<\/p>\n<p>22 \u00e9vesen k\u00f6r\u00fclbel\u00fcl 300 doll\u00e1rral a zseb\u00e9ben \u00e9s egy r\u00e9gi Chevrolet Monte Carl\u00f3val indult Los Angelesbe. Ekkor nagyn\u00e9nje Rosemary Clooney m\u00e1r befutott \u00e9nekesn\u0151 \u00e9s sz\u00edn\u00e9szn\u0151 volt Hollywoodban. Egy \u00e9vig a nagyn\u00e9nje asszisztensek\u00e9nt \u00e9s sof\u0151rjek\u00e9nt dolgozott.<\/p>\n<p>Miut\u00e1n elk\u00f6lt\u00f6z\u00f6tt a nagyn\u00e9nj\u00e9t\u0151l, egy bar\u00e1tja t\u00e1rol\u00f3helyis\u00e9g\u00e9ben aludt, mik\u00f6zben ker\u00e9kp\u00e1rral j\u00e1rt a meghallgat\u00e1sokra. A nagy \u00e1tt\u00f6r\u00e9s el\u0151tt m\u00e9g \u00e9vekig kisebb szerepek \u00e9s sikertelen produkci\u00f3k k\u00f6vetkeztek.<\/p>\n<p>3. A V\u00e9szhelyzet el\u0151tt sem volt ismeretlen a telev\u00edzi\u00f3ban<\/p>\n<p>K\u00f6zel t\u00edz \u00e9vvel azel\u0151tt, hogy a gyermekorvos Doug Ross felt\u0171nt volna a V\u00e9szhelyzet (angolul ER) c\u00edm\u0171 sorozatban \u2013 amely 1994-ben nemzetk\u00f6zi szt\u00e1rr\u00e1 tette \u2013, George Clooney m\u00e1r egyszer fel\u00f6lt\u00f6tte az orvosi k\u00f6penyt. 1984-ben ugyanis szerepelt az E\/R c\u00edm\u0171 sitcomban, amiben egy Ace nev\u0171 fiatal orvost alak\u00edtott.<\/p>\n<p>A sorozat mind\u00f6ssze egy \u00e9vadot \u00e9lt meg. Clooney ekkoriban els\u0151sorban telev\u00edzi\u00f3sorozatokban t\u0171nt fel, mint a The Facts of Life, az \u00d6regl\u00e1nyok \u00e9s a Roseanne.\u00a0<\/p>\n<p>4. Brad Pitt miatt vesz\u00edtette el a Thelma \u00e9s Louise szerep\u00e9t<\/p>\n<p>Miel\u0151tt bar\u00e1tok, koll\u00e9g\u00e1k \u00e9s az Ocean\u2019s-filmek \u00e1lland\u00f3 partnerei lettek volna, Clooney \u00e9s Brad Pitt egy fontos szerepv\u00e1logat\u00e1son egym\u00e1s konkurensei voltak. Clooney ugyanis megpr\u00f3b\u00e1lta megszerezni J.D. szerep\u00e9t a <a href=\"https:\/\/nlc.hu\/szabadido\/20220128\/a-thelma-louise-legendas-sziklarol-a-melybe-hajtos-zarojelenete-kis-hijan-nem-szuletett-meg\/\" target=\"_blank\" rel=\"noopener nofollow\">Thelma \u00e9s Louise<\/a> c\u00edm\u0171 filmben, de a szerepet v\u00e9g\u00fcl az akkor m\u00e9g szinte ismeretlen Brad Pitt kapta. Ez a szerep jelent\u0151sen hozz\u00e1j\u00e1rult ahhoz, hogy Pitt Hollywood egyik \u00faj kedvenc\u00e9v\u00e9 v\u00e1ljon.<\/p>\n<p>5. A V\u00e9szhelyzet\u00e9rt k\u00fczdenie kellett<\/p>\n<p>Nem egy t\u00falbuzg\u00f3 castingos szemelte ki George Clooney-t Doug Ross szerep\u00e9re, hanem Clooney lett figyelmes az \u00faj produkci\u00f3ra, amit\u0151l azt rem\u00e9lte, \u00e1tt\u00f6r\u00e9st jelenthet a karrierj\u00e9ben.<\/p>\n<p><img title=\"george-clooney-karrierje-7-teny-2 - N\u0151k Lapja\" loading=\"lazy\" decoding=\"async\" class=\"wp-image-430632 size-noklapja-960\" src=\"https:\/\/www.europesays.com\/hu\/wp-content\/uploads\/2026\/09\/george-clooney-karrierje-7-teny-2-960x720.jpg\" alt=\"\" width=\"960\" height=\"720\"  \/><\/p>\n<p class=\"wp-caption-text\">Cameo a J\u00f3bar\u00e1tokban: Clooney Ross doktor szerep\u00e9ben felbukkant a sikeres sitcomban (Forr\u00e1s: Getty Images)<\/p>\n<p>A Television Academy besz\u00e1mol\u00f3ja szerint Clooney megtudta, hogy a sorozat el\u0151k\u00e9sz\u00edt\u00e9si st\u00e1diumban van, megszerezte a forgat\u00f3k\u00f6nyvet, \u00e9s elkezdett lobbizni, hogy r\u00e9szt vehessen a meghallgat\u00e1son. Sz\u00fcks\u00e9ge volt egy olyan szerepre, ami beind\u00edtja a karrierj\u00e9t.<\/p>\n<p>Ez is \u00e9rdekelhet: \u00cdgy n\u00e9znek ki <a href=\"https:\/\/www.noklapja.hu\/kikapcs\/2025\/06\/20\/veszhelyzet-sztarjai-akkor-es-most\/\" target=\"_blank\" rel=\"noopener nofollow\">napjainkban a V\u00e9szhelyzet legn\u00e9pszer\u0171bb szerepl\u0151i<\/a><\/p>\n<p><a href=\"https:\/\/www.noklapja.hu\/hetilap\/2025\/07\/05\/mozisztarok-szinpadon\/\" target=\"_blank\" rel=\"noopener nofollow\">Clooney<\/a> \u00f6t \u00e9vadon kereszt\u00fcl maradt a s\u00e1rmos, l\u00e1zad\u00f3 \u00e9s t\u00f6k\u00e9letlen gyermekorvos szerep\u00e9ben, ami vil\u00e1gszerte ismertt\u00e9 tette.<\/p>\n<p>6. A South Park egyik legfurcs\u00e1bb vend\u00e9gszerepl\u00e9se<\/p>\n<p>Karrierj\u00e9nek egyik vicces szerepe k\u00e9ts\u00e9gtelen\u00fcl a South Park els\u0151 \u00e9vad\u00e1ban volt. 1997-ben, amikor a V\u00e9szhelyzetnek k\u00f6sz\u00f6nhet\u0151en m\u00e1r Amerika egyik legismertebb telev\u00edzi\u00f3s szt\u00e1rja volt, <a href=\"https:\/\/www.noklapja.hu\/hetilap\/2024\/10\/22\/amal-es-george-clooney-tiz-eve-boldog-hazassagban\/\" target=\"_blank\" rel=\"noopener nofollow\">George Clooney<\/a> k\u00f6lcs\u00f6n\u00f6zte a hangj\u00e1t Sparkynak, Stan kuty\u00e1j\u00e1nak.<\/p>\n<p>A karakternek gyakorlatilag nem volt sz\u00f6vege: Clooney k\u00f6zrem\u0171k\u00f6d\u00e9se f\u0151k\u00e9nt ny\u00fcsz\u00edt\u00e9sb\u0151l \u00e9s ugat\u00e1sb\u00f3l \u00e1llt. \u00c9vekkel k\u00e9s\u0151bb maga Clooney is rendszeresen po\u00e9nkodott ezzel az \u00e9lm\u00e9nnyel, hogy val\u00f3j\u00e1ban ez tette teljess\u00e9 a karrierj\u00e9t.<\/p>\n<p>7. Batman-korszak<\/p>\n<p>1997-re George Clooney m\u00e1r el\u00e9g ismert volt ahhoz, hogy Bruce Wayne-t, vagyis Batmant alak\u00edtsa Joel Schumacher Batman \u00e9s Robin c\u00edm\u0171 filmj\u00e9ben.\u00a0<\/p>\n<p><img title=\"george-clooney-karrierje-7-teny-1 - N\u0151k Lapja\" loading=\"lazy\" decoding=\"async\" aria-describedby=\"caption-attachment-430630\" class=\"size-full wp-image-430630\" src=\"https:\/\/www.europesays.com\/hu\/wp-content\/uploads\/2026\/09\/george-clooney-karrierje-7-teny-1.jpg\" alt=\"George Clooney mint Batman\" width=\"1200\" height=\"900\"  \/><\/p>\n<p id=\"caption-attachment-430630\" class=\"wp-caption-text\">George Clooney mindenid\u0151k legrosszabb Batmanjek\u00e9nt (Forr\u00e1s: Getty Images)<\/p>\n<p>A szuperh\u0151s\u00f6s mozi azonban m\u00e1s miatt vonult be a filmt\u00f6rt\u00e9netbe, mint ahogy azt k\u00e9sz\u00edt\u0151i rem\u00e9lt\u00e9k: a kritikusok alaposan leh\u00fazt\u00e1k, \u00e9s m\u00e1ig a Batman-filmek egyik legvitatottabb epiz\u00f3djak\u00e9nt tartj\u00e1k sz\u00e1mon. Clooney az az\u00f3ta eltelt \u00e9vekben a kedvenc anekdot\u00e1jak\u00e9nt adja el\u0151 ezt a buk\u00e1st, rendszeresen nevet saj\u00e1t alak\u00edt\u00e1s\u00e1n, \u00e9s ny\u00edltan elismerte, hogy a v\u00e9geredm\u00e9ny nem m\u0171k\u00f6d\u00f6tt.<\/p>\n<p>Ez is \u00e9rdekelhet: \u00cdgy \u00f6regedtek kedvenc <a href=\"https:\/\/www.noklapja.hu\/aktualis\/2025\/02\/12\/retro-sorozat-ferfi-oregedtek\/\" target=\"_blank\" rel=\"noopener nofollow\">retro sorozataink sz\u00edvtipr\u00f3i<\/a> \u2013 Clooney p\u00e9ld\u00e1ul el\u00e9g j\u00f3l<\/p>\n<p>Kiemelt k\u00e9p: Getty Images\/\u00a0Stefania D\u2019Alessandro\/WireImage<\/p>\n","protected":false},"excerpt":{"rendered":"A 65 \u00e9ves George Clooney k\u00e9tszeres Oscar-d\u00edjas \u00e9s h\u00e1romszoros Golden Globe-d\u00edjas amerikai sz\u00edn\u00e9sz, rendez\u0151, producer \u00e9s forgat\u00f3k\u00f6nyv\u00edr\u00f3 kapta&hellip;\n","protected":false},"author":2,"featured_media":232480,"comment_status":"","ping_status":"","sticky":false,"template":"","format":"standard","meta":{"footnotes":"","_share_on_mastodon":"0"},"categories":[21],"tags":[4627,1850,198,137,1285,199,44,42,40,43,41,36841,138,235,9652],"class_list":["post-232479","post","type-post","status-publish","format-standard","has-post-thumbnail","category-hiressegek","tag-aktualis","tag-brad-pitt","tag-celebrities","tag-entertainment","tag-george-clooney","tag-hiressegek","tag-hu","tag-hungarian","tag-hungary","tag-magyar","tag-magyarorszag","tag-south-park","tag-szorakozas","tag-sztarok","tag-velencei-filmfesztival"],"share_on_mastodon":{"url":"https:\/\/pubeurope.com\/@hu\/117212106736646515","error":""},"_links":{"self":[{"href":"https:\/\/www.europesays.com\/hu\/wp-json\/wp\/v2\/posts\/232479","targetHints":{"allow":["GET"]}}],"collection":[{"href":"https:\/\/www.europesays.com\/hu\/wp-json\/wp\/v2\/posts"}],"about":[{"href":"https:\/\/www.europesays.com\/hu\/wp-json\/wp\/v2\/types\/post"}],"author":[{"embeddable":true,"href":"https:\/\/www.europesays.com\/hu\/wp-json\/wp\/v2\/users\/2"}],"replies":[{"embeddable":true,"href":"https:\/\/www.europesays.com\/hu\/wp-json\/wp\/v2\/comments?post=232479"}],"version-history":[{"count":0,"href":"https:\/\/www.europesays.com\/hu\/wp-json\/wp\/v2\/posts\/232479\/revisions"}],"wp:featuredmedia":[{"embeddable":true,"href":"https:\/\/www.europesays.com\/hu\/wp-json\/wp\/v2\/media\/232480"}],"wp:attachment":[{"href":"https:\/\/www.europesays.com\/hu\/wp-json\/wp\/v2\/media?parent=232479"}],"wp:term":[{"taxonomy":"category","embeddable":true,"href":"https:\/\/www.europesays.com\/hu\/wp-json\/wp\/v2\/categories?post=232479"},{"taxonomy":"post_tag","embeddable":true,"href":"https:\/\/www.europesays.com\/hu\/wp-json\/wp\/v2\/tags?post=232479"}],"curies":[{"name":"wp","href":"https:\/\/api.w.org\/{rel}","templated":true}]}}