{"id":232497,"date":"2026-09-04T09:52:14","date_gmt":"2026-09-04T09:52:14","guid":{"rendered":"https:\/\/www.europesays.com\/hu\/232497\/"},"modified":"2026-09-04T09:52:14","modified_gmt":"2026-09-04T09:52:14","slug":"borbely-alexandra-40-eves-igy-lett-a-felvideki-lanybol-dijnyertes-szineszno","status":"publish","type":"post","link":"https:\/\/www.europesays.com\/hu\/232497\/","title":{"rendered":"Borb\u00e9ly Alexandra 40 \u00e9ves: \u00edgy lett a felvid\u00e9ki l\u00e1nyb\u00f3l d\u00edjnyertes sz\u00edn\u00e9szn\u0151"},"content":{"rendered":"<p>\n                        A Testr\u0151l \u00e9s l\u00e9lekr\u0151l M\u00e1ri\u00e1ja \u00e9s A renitens Renije sz\u00fclet\u00e9snapot \u00fcnnepel.                    <\/p>\n<p><a href=\"https:\/\/port.hu\/adatlap\/szemely\/borbely-alexandra\/person-312188\" rel=\"nofollow noopener\" target=\"_blank\">Borb\u00e9ly Alexandra<\/a> J\u00e1szai Mari-d\u00edjas sz\u00edn\u00e9szn\u0151 ma m\u00e1r a magyar sz\u00ednh\u00e1zi \u00e9s filmes vil\u00e1g elismert sz\u00edn\u00e9szn\u0151je, p\u00e1ly\u00e1ja azonban egy\u00e1ltal\u00e1n nem indult z\u00f6kken\u0151mentesen. Els\u0151re nem vett\u00e9k fel a sz\u00ednm\u0171v\u00e9szetire, k\u00e9s\u0151bb pedig egy eg\u00e9szen m\u00e1s szerepre jelentkezett, mint amely v\u00e9g\u00fcl nemzetk\u00f6zi ismerts\u00e9get hozott neki. A Testr\u0151l \u00e9s l\u00e9lekr\u0151l ut\u00e1n a nemzetk\u00f6zi filmes szc\u00e9na is felfigyelt r\u00e1. Sz\u00fclet\u00e9snapja alkalm\u00e1b\u00f3l \u00f6sszegy\u0171jt\u00f6tt\u00fcnk n\u00e9h\u00e1ny \u00e9rdekess\u00e9get Borb\u00e9ly Alexandra p\u00e1ly\u00e1j\u00e1r\u00f3l \u00e9s \u00e9let\u00e9r\u0151l.<\/p>\n<p>&#13;<br \/>\n&#13;<br \/>\nA Felvid\u00e9kr\u0151l indult&#13;<\/p>\n<p>Borb\u00e9ly Alexandra 1986-ban sz\u00fcletett Nyitr\u00e1n, gyermekkor\u00e1t pedig a k\u00f6zeli Nagyc\u00e9t\u00e9nyben t\u00f6lt\u00f6tte. A r\u00e9vkom\u00e1romi Selye J\u00e1nos Gimn\u00e1ziumban tanult, \u00e9s m\u00e1r fiatalon k\u00f6zel ker\u00fclt a sz\u00ednpad vil\u00e1g\u00e1hoz. Gyerekk\u00e9nt szaval\u00f3versenyekre j\u00e1rt, amelyek saj\u00e1t bevall\u00e1sa szerint is fontos szerepet j\u00e1tszottak abban, hogy k\u00e9s\u0151bb a sz\u00edn\u00e9szet fel\u00e9 fordult.<\/p>\n<p>&#13;<\/p>\n<p>A m\u0171v\u00e9szet ir\u00e1nti \u00e9rdekl\u0151d\u00e9se csal\u00e1di h\u00e1tt\u00e9rb\u0151l is t\u00e1pl\u00e1lkozhatott: \u00e9desanyja maga is szerette a sz\u00edn\u00e9szetet \u00e9s az \u00e9nekl\u00e9st. Alexandra sz\u00e1m\u00e1ra azonban sok\u00e1ig ink\u00e1bb a sz\u00ednh\u00e1z jelentette az igazi c\u00e9lt.<\/p>\n<p>&#13;<br \/>\nR\u00f6g\u00f6s kezdetek&#13;<\/p>\n<p>Borb\u00e9ly Alexandra els\u0151 alkalommal nem jutott be a sz\u00ednm\u0171v\u00e9szetire, a sikertelen felv\u00e9teli azonban v\u00e9g\u00fcl fontos \u00e1llom\u00e1snak bizonyult: <a href=\"https:\/\/port.hu\/adatlap\/szemely\/jordan-tamas\/person-4487\" rel=\"nofollow noopener\" target=\"_blank\">Jord\u00e1n Tam\u00e1s<\/a> lehet\u0151s\u00e9get adott neki, hogy egy \u00e9vet a Nemzeti Sz\u00ednh\u00e1z st\u00fadi\u00f3j\u00e1ban t\u00f6lts\u00f6n. A kit\u00e9r\u0151 ut\u00e1n m\u00e1r sikerrel j\u00e1rt, \u00e9s beker\u00fclt a Sz\u00ednh\u00e1z- \u00e9s Filmm\u0171v\u00e9szeti Egyetemre, ahol <a href=\"https:\/\/port.hu\/adatlap\/szemely\/mate-gabor\/person-5368\" rel=\"nofollow noopener\" target=\"_blank\">M\u00e1t\u00e9 G\u00e1bor<\/a> \u00e9s <a href=\"https:\/\/port.hu\/adatlap\/szemely\/domotor-andras\/person-168203\" rel=\"nofollow noopener\" target=\"_blank\">D\u00f6m\u00f6t\u00f6r Andr\u00e1s<\/a> oszt\u00e1ly\u00e1ban tanult. A diploma megszerz\u00e9se ut\u00e1n a <a href=\"https:\/\/port.hu\/helyszin\/szinhaz\/katona-jozsef-szinhaz\/place-8393\" rel=\"nofollow noopener\" target=\"_blank\">Katona J\u00f3zsef Sz\u00ednh\u00e1z<\/a> t\u00e1rsulat\u00e1nak tagja lett, \u00e9s hossz\u00fa ideig els\u0151sorban sz\u00ednpadi sz\u00edn\u00e9szn\u0151k\u00e9nt \u00e9p\u00edtette a karrierj\u00e9t.<\/p>\n<p>&#13;<br \/>\nA film, amely meghozta sz\u00e1m\u00e1ra az elismer\u00e9st&#13;<\/p>\n<p><a href=\"https:\/\/port.hu\/adatlap\/szemely\/enyedi-ildiko\/person-407\" rel=\"nofollow noopener\" target=\"_blank\">Enyedi Ildik\u00f3<\/a> <a href=\"https:\/\/port.hu\/adatlap\/film\/tv\/testrol-es-lelekrol-testrol-es-lelekrol\/movie-174216\" rel=\"nofollow noopener\" target=\"_blank\">Testr\u0151l \u00e9s l\u00e9lekr\u0151l<\/a> c\u00edm\u0171 filmje 2017-ben Borb\u00e9ly Alexandra p\u00e1ly\u00e1j\u00e1t egy m\u00e1sik ir\u00e1nyba vitte el. \u00c9rdekess\u00e9g, hogy a sz\u00edn\u00e9szn\u0151 eredetileg nem M\u00e1ria szerep\u00e9re jelentkezett: a pszichol\u00f3gusn\u0151 karakter\u00e9t szerette volna elj\u00e1tszani, Enyedi Ildik\u00f3 azonban k\u00e9s\u0151bb \u0151t v\u00e1lasztotta a f\u0151szerepre. A d\u00f6nt\u00e9s aligha bizonyult rossznak: a film megnyerte a Berlinale Arany Medve-d\u00edj\u00e1t, Borb\u00e9ly Alexandra pedig 2017-ben elnyerte az Eur\u00f3pai Filmd\u00edjat a legjobb eur\u00f3pai sz\u00edn\u00e9szn\u0151 kateg\u00f3ri\u00e1j\u00e1ban. Magyarorsz\u00e1g ezt a filmet nevezte a 2018-as Oscar-d\u00edjra is, amelynek g\u00e1laestj\u00e9re Alexandra is elutazott.<\/p>\n<p>&#13;<\/p>\n<p>A nemzetk\u00f6zi figyelem szinte egyik napr\u00f3l a m\u00e1sikra \u00e9rkezett a siker ut\u00e1n, \u00e9s annak ellen\u00e9re figyelt fel r\u00e1 a filmes szakma, hogy Alexandra kor\u00e1bban nem hollywoodi vagy nemzetk\u00f6zi karrierr\u0151l \u00e1lmodott.\u00a0 Elmond\u00e1sa szerint eredetileg mind\u00f6ssze azt szerette volna, hogy Budapesten j\u00f3 sz\u00edn\u00e9szn\u0151 lehessen egy j\u00f3 sz\u00ednh\u00e1zban. Borb\u00e9ly Alexandra ezut\u00e1n olyan filmekben kapott szerepet, mint a <a href=\"https:\/\/port.hu\/adatlap\/film\/tv\/drakulics-elvtars-drakulics-elvtars\/movie-190309\" rel=\"nofollow noopener\" target=\"_blank\">Drakulics elvt\u00e1rs<\/a>, a <a href=\"https:\/\/port.hu\/adatlap\/film\/tv\/spiral-spiral\/movie-215048\" rel=\"nofollow noopener\" target=\"_blank\">Spir\u00e1l<\/a> vagy az <a href=\"https:\/\/port.hu\/adatlap\/film\/mozi\/emma-es-a-halalfejes-lepke-emma-and-the-deaths-head-the-hungarian-dressmaker\/movie-255364\" rel=\"nofollow noopener\" target=\"_blank\">Emma \u00e9s a hal\u00e1lfejes lepke<\/a>, j\u00e1tszott tov\u00e1bb\u00e1 a <a href=\"https:\/\/port.hu\/adatlap\/film\/tv\/mellekhatas-mellekhatas\/movie-217290\" rel=\"nofollow noopener\" target=\"_blank\">Mell\u00e9khat\u00e1s<\/a> c\u00edm\u0171 sorozatban, \u00e9s nem utols\u00f3sorban \u0151 vette \u00e1t G\u00e1sp\u00e1r Kata szerep\u00e9t (Somos Ren\u00e1ta) a m\u00e1sodik \u00e9vadt\u00f3l az RTL nagy siker\u0171 <a href=\"https:\/\/port.hu\/adatlap\/film\/tv\/a-renitens-a-renitens\/movie-253420\" rel=\"nofollow noopener\" target=\"_blank\">A renitens<\/a> c\u00edm\u0171 sorozat\u00e1ban.<\/p>\n<p>&#13;<\/p>\n<p><a href=\"https:\/\/port.hu\/cikk\/tv\/uj-dinamika-regi-lendulet-borbely-alexandra-es-makranczi-zalan-meseltek-a-renitensrol-a-pop-kultpontban\/article-125040\" rel=\"nofollow noopener\" target=\"_blank\"><img decoding=\"async\" src=\"https:\/\/www.europesays.com\/hu\/wp-content\/uploads\/2026\/09\/048.webp\" width=\"300\"\/><\/a><a href=\"https:\/\/port.hu\/cikk\/tv\/uj-dinamika-regi-lendulet-borbely-alexandra-es-makranczi-zalan-meseltek-a-renitensrol-a-pop-kultpontban\/article-125040\" rel=\"nofollow noopener\" target=\"_blank\">\u00daj dinamika, r\u00e9gi lend\u00fclet \u2013 Borb\u00e9ly Alexandra \u00e9s Makranczi Zal\u00e1n mes\u00e9ltek A renitensr\u0151l a POP KultPontban<\/a><\/p>\n<p>K\u00f6nnyed hangulat\u00fa, m\u00e9gis \u0151szinte besz\u00e9lget\u00e9sben mes\u00e9lt k\u00f6z\u00f6s munk\u00e1j\u00e1r\u00f3l Borb\u00e9ly Alexandra \u00e9s Makranczi Zal\u00e1n a POP KultPont leg\u00fajabb ad\u00e1s\u00e1ban \u2013 sz\u00f3ba ker\u00fclt A renitens \u00faj \u00e9vada, a szerep\u00e1tv\u00e9tel kih\u00edv\u00e1sai \u00e9s a k\u00f6zt\u00fck kialakult k\u00fcl\u00f6nleges \u00f6sszhang is.<\/p>\n<p><a class=\"article-btn\" href=\"https:\/\/port.hu\/cikk\/tv\/uj-dinamika-regi-lendulet-borbely-alexandra-es-makranczi-zalan-meseltek-a-renitensrol-a-pop-kultpontban\/article-125040\" rel=\"nofollow noopener\" target=\"_blank\">Tov\u00e1bb<\/a><\/p>\n<p>&#13;<\/p>\n<p>\u00a0<\/p>\n<p>&#13;<br \/>\nMacskaf\u00f3bi\u00e1ja van&#13;<\/p>\n<p>Borb\u00e9ly Alexandr\u00e1nak egy eg\u00e9szen k\u00fcl\u00f6n\u00f6s f\u00f3bi\u00e1ja van: a macsk\u00e1kt\u00f3l val\u00f3 f\u00e9lelme. A Spir\u00e1l forgat\u00e1s\u00e1n egy macsk\u00e1val is egy\u00fctt kellett dolgoznia, ami nem volt egyszer\u0171 feladat a sz\u00e1m\u00e1ra, egy kor\u00e1bbi rossz \u00e9lm\u00e9nye kapcsol\u00f3dik ugyanis ezekhez az \u00e1llatokhoz, ami miatt k\u00e9sztet\u00e9st \u00e9rez, hogy menek\u00fclj\u00f6n, ha macsk\u00e1t l\u00e1t. A forgat\u00e1s v\u00e9g\u00e9re azonban siker\u00fclt szemben\u00e9znie a f\u00e9lelm\u00e9vel, olyannyira, hogy a macska m\u00e9g az \u00f6l\u00e9be is be\u00fclt.<\/p>\n<p>&#13;<br \/>\nFeles\u00e9g \u00e9s \u00e9desanya&#13;<\/p>\n<p>Borb\u00e9ly Alexandra \u00e9s a sz\u00edn\u00e9sz \u00e9s orsz\u00e1ggy\u0171l\u00e9si k\u00e9pvisel\u0151 <a href=\"https:\/\/port.hu\/adatlap\/szemely\/nagy-ervin\/person-20360\" rel=\"nofollow noopener\" target=\"_blank\">Nagy Ervin<\/a>, akit id\u00e9n m\u00e1jusban kultur\u00e1lis \u00e9s t\u00e1rsadalmi kapcsolatok\u00e9rt felel\u0151s \u00e1llamtitk\u00e1rr\u00e1 neveztek ki, 2016 \u00f3ta van egy\u00fctt, 2021-ben h\u00e1zasodtak \u00f6ssze, \u00e9s 2022-ben ikerl\u00e1nyaik sz\u00fclettek, akik a Franciska \u00e9s az Elza nevet kapt\u00e1k. Az ikerterhess\u00e9g sz\u00e1m\u00e1ra is meglepet\u00e9s volt, hiszen kor\u00e1bban nem gondolta volna, hogy egyszer ikrei lesznek \u2013 a kezdeti id\u0151szakban nem is volt egyszer\u0171 beletanulnia a bab\u00e1z\u00e1sba, sokat tanult a csecsem\u0151sn\u0151v\u00e9rekt\u0151l. A sz\u00fcl\u00e9s r\u00e1ad\u00e1sul meglehet\u0151sen filmszer\u0171en alakult: Nagy Ervin \u00e9ppen k\u00fclf\u00f6ld\u00f6n forgatott, amikor Alexandra vide\u00f3h\u00edv\u00e1s k\u00f6zben jelezte neki, hogy elfolyt a magzatvize. B\u00e1r Ervin azonnal elindult, az ikrek m\u00e1r megsz\u00fclettek, mire oda\u00e9rt.<\/p>\n<p>&#13;<\/p>\n<p>Borb\u00e9ly Alexandra a <a href=\"https:\/\/24.hu\/elet-stilus\/2023\/05\/11\/borbely-alexandra-szorongas-lelazulas-nagy-ervin-kapcsolat-hazassag\/?utm_source=chatgpt.com\" target=\"_blank\" rel=\"noopener nofollow\">24.hu-nak<\/a> \u0151szint\u00e9n besz\u00e9lt arr\u00f3l, hogy p\u00e1rja szem\u00e9lyis\u00e9ge r\u00e1 is hat\u00e1ssal volt. Saj\u00e1t bevall\u00e1sa szerint kor\u00e1bban t\u00fcrelmetlenebb, stresszel\u0151sebb \u00e9s szorong\u00f3sabb volt, m\u00edg Nagy Ervin sokkal laz\u00e1bb term\u00e9szet. \u00dagy \u00e9rzi, k\u00f6lcs\u00f6n\u00f6sen form\u00e1lt\u00e1k egym\u00e1st, \u00e9s mellette \u0151 is megtanult valamivel k\u00f6nnyedebben venni bizonyos helyzeteket. Az anyas\u00e1g mellett pedig arra is figyel, hogy saj\u00e1t mag\u00e1ra maradjon ideje, az ikrek sz\u00fclet\u00e9se ut\u00e1n p\u00e9ld\u00e1ul t\u00e1rsast\u00e1ncot kezdett tanulni, r\u00e9gi v\u00e1gy\u00e1t val\u00f3s\u00edtva meg ezzel.<\/p>\n<p>&#13;<br \/>\nN\u00c9ZD V\u00c9GIG K\u00c9PGAL\u00c9RI\u00c1NKAT IS BORB\u00c9LY ALEXANDR\u00c1R\u00d3L!&#13;<\/p>\n<p><img decoding=\"async\" src=\"https:\/\/www.europesays.com\/hu\/wp-content\/uploads\/2026\/09\/583.jpg\"\/><\/p>\n<p>40 \u00e9ves lett Borb\u00e9ly Alexandra<\/p>\n<p>\u00a0<\/p>\n<p>20<\/p>\n<p>&#13;<br \/>\n\u00a0&#13;<br \/>\n<a href=\"https:\/\/port.hu\/kereso\/cikk?tags%5B0%5D=k%C3%A9pgal%C3%A9ria\" rel=\"nofollow noopener\" target=\"_blank\">Tov\u00e1bbi k\u00e9pgal\u00e9ri\u00e1k &gt;&gt;<\/a>&#13;<\/p>\n<p>\u00a0<\/p>\n<p>&#13;<\/p>\n<p>\u00a0<\/p>\n<p>                <a href=\"https:\/\/google.com\/preferences\/source?q=https:\/\/port.hu\" target=\"_blank\" class=\"google-pref-banner\" id=\"googlePrefBanner\" rel=\"nofollow noopener\"><br \/>\n                    <img loading=\"lazy\" decoding=\"async\" src=\"https:\/\/port.hu\/img\/svg\/google-logo.svg\" width=\"52\" height=\"52\"\/><br \/>\n                    Itt \u00e1ll\u00edtsa be, hogy a Port az els\u0151k k\u00f6z\u00f6tt legyen a Google-tal\u00e1latokban!<\/p>\n<p>                <\/a><\/p>\n","protected":false},"excerpt":{"rendered":"A Testr\u0151l \u00e9s l\u00e9lekr\u0151l M\u00e1ri\u00e1ja \u00e9s A renitens Renije sz\u00fclet\u00e9snapot \u00fcnnepel. Borb\u00e9ly Alexandra J\u00e1szai Mari-d\u00edjas sz\u00edn\u00e9szn\u0151 ma m\u00e1r&hellip;\n","protected":false},"author":2,"featured_media":232498,"comment_status":"","ping_status":"","sticky":false,"template":"","format":"standard","meta":{"footnotes":"","_share_on_mastodon":"0"},"categories":[21],"tags":[42270,1337,1274,198,137,199,44,42,40,2479,43,41,166,1809,926,138,154,13324],"class_list":["post-232497","post","type-post","status-publish","format-standard","has-post-thumbnail","category-hiressegek","tag-40-eves","tag-a-renitens","tag-borbely-alexandra","tag-celebrities","tag-entertainment","tag-hiressegek","tag-hu","tag-hungarian","tag-hungary","tag-kepgaleria","tag-magyar","tag-magyarorszag","tag-mozi","tag-nagy-ervin","tag-szineszno","tag-szorakozas","tag-szuletesnap","tag-testrol-es-lelekrol"],"share_on_mastodon":{"url":"https:\/\/pubeurope.com\/@hu\/117212161486260574","error":""},"_links":{"self":[{"href":"https:\/\/www.europesays.com\/hu\/wp-json\/wp\/v2\/posts\/232497","targetHints":{"allow":["GET"]}}],"collection":[{"href":"https:\/\/www.europesays.com\/hu\/wp-json\/wp\/v2\/posts"}],"about":[{"href":"https:\/\/www.europesays.com\/hu\/wp-json\/wp\/v2\/types\/post"}],"author":[{"embeddable":true,"href":"https:\/\/www.europesays.com\/hu\/wp-json\/wp\/v2\/users\/2"}],"replies":[{"embeddable":true,"href":"https:\/\/www.europesays.com\/hu\/wp-json\/wp\/v2\/comments?post=232497"}],"version-history":[{"count":0,"href":"https:\/\/www.europesays.com\/hu\/wp-json\/wp\/v2\/posts\/232497\/revisions"}],"wp:featuredmedia":[{"embeddable":true,"href":"https:\/\/www.europesays.com\/hu\/wp-json\/wp\/v2\/media\/232498"}],"wp:attachment":[{"href":"https:\/\/www.europesays.com\/hu\/wp-json\/wp\/v2\/media?parent=232497"}],"wp:term":[{"taxonomy":"category","embeddable":true,"href":"https:\/\/www.europesays.com\/hu\/wp-json\/wp\/v2\/categories?post=232497"},{"taxonomy":"post_tag","embeddable":true,"href":"https:\/\/www.europesays.com\/hu\/wp-json\/wp\/v2\/tags?post=232497"}],"curies":[{"name":"wp","href":"https:\/\/api.w.org\/{rel}","templated":true}]}}