{"id":232528,"date":"2026-09-04T10:20:14","date_gmt":"2026-09-04T10:20:14","guid":{"rendered":"https:\/\/www.europesays.com\/hu\/232528\/"},"modified":"2026-09-04T10:20:14","modified_gmt":"2026-09-04T10:20:14","slug":"hosszas-gondolkodas-merlegeles-utan-lemondott-szinhazi-tagsagarol-szabo-kimmel-tamas","status":"publish","type":"post","link":"https:\/\/www.europesays.com\/hu\/232528\/","title":{"rendered":"&#8222;Hosszas gondolkod\u00e1s-m\u00e9rlegel\u00e9s ut\u00e1n&#8221; &#8211; lemondott sz\u00ednh\u00e1zi tags\u00e1g\u00e1r\u00f3l Szab\u00f3 Kimmel Tam\u00e1s"},"content":{"rendered":"<p>Szab\u00f3 Kimmel Tam\u00e1s is csatlakozott azon sz\u00edn\u00e9szek t\u00e1bor\u00e1hoz, akik szabad\u00fasz\u00f3k\u00e9nt \u0171zik ezt a szakm\u00e1t. \u00dagy d\u00f6nt\u00f6tt az idei \u00e9vadt\u00f3l feladja t\u00e1rsulati tags\u00e1g\u00e1t <a href=\"https:\/\/rtl.hu\/kultura\/2024\/08\/21\/central-szinhazban-folytathatjak-horvath-lajos-otto-szasz-julia-nemzeti-baleset\" rel=\"nofollow noopener\" target=\"_blank\">a Centr\u00e1l Sz\u00ednh\u00e1zban,<\/a> ahol b\u00e1r kor\u00e1bban is j\u00e1tszott vend\u00e9gszerepl\u0151k\u00e9nt, \u00e1lland\u00f3 tagk\u00e9nt a tavalyi \u00e9vben csatlakozott.<\/p>\n<p>Kedves mind, hosszas gondolkod\u00e1s-m\u00e9rlegel\u00e9s ut\u00e1n, azt a d\u00f6nt\u00e9st hoztam, hogy ett\u0151l az \u00e9vadt\u00f3l megv\u00e1lok a Centr\u00e1l Sz\u00ednh\u00e1zas szerepeimt\u0151l, illetve tags\u00e1gomt\u00f3l. K\u00edv\u00e1nok a csod\u00e1latos t\u00e1rsulatnak tov\u00e1bbi j\u00f3 munk\u00e1t \u00e9s sikeres \u00e9vadot! K\u00f6sz\u00f6n\u00f6m a sz\u00ednh\u00e1z fantasztikus k\u00f6z\u00f6ns\u00e9g\u00e9nek a kitart\u00f3 figyelmet \u00e9s a k\u00f6z\u00f6s, fontos pillanatokat!<\/p>\n<p>&#8211; jelentette be k\u00f6z\u00f6ss\u00e9gi-oldal\u00e1n a sz\u00edn\u00e9sz, akire rengeteg \u00faj feladat \u00e9s kih\u00edv\u00e1s v\u00e1r a j\u00f6v\u0151ben: \u00faj el\u0151ad\u00e1sok, improviz\u00e1ci\u00f3s csapat \u00e9s egy izgalmas filmforgat\u00e1s is.<\/p>\n<p>Tal\u00e1lkozhattok velem a Szalagkorl\u00e1t standupomon novembert\u0151l a 6sz\u00ednben, illetve a Fl\u00f3dni, valamint a Szeretetkert impr\u00f3 <a href=\"https:\/\/rtl.hu\/reggeli\/2025\/03\/05\/szabo-kimmel-tamas-onallo-estje-telthazas-siker\" rel=\"nofollow noopener\" target=\"_blank\">el\u0151ad\u00e1sain<\/a>. K\u00e9sz\u00fcl\u00f6k egy \u00faj monodr\u00e1m\u00e1val is az \u00e9vad m\u00e1sodik fel\u00e9ben, illetve egy \u00fajonnan alakul\u00f3 impr\u00f3 csapathoz is csatlakozom! Unatkozni nem fogunk! Most elvonulok forgatni egy \u00faj, izgalmas, kooprodukci\u00f3s dokumentumfilmet, amire ny\u00e1r eleje \u00f3ta k\u00e9sz\u00fcl\u00f6k. Csak el\u0151re!<\/p>\n<p>&#8211; \u00a0z\u00e1rta sorait Szab\u00f3 Kimmel.<\/p>\n","protected":false},"excerpt":{"rendered":"Szab\u00f3 Kimmel Tam\u00e1s is csatlakozott azon sz\u00edn\u00e9szek t\u00e1bor\u00e1hoz, akik szabad\u00fasz\u00f3k\u00e9nt \u0171zik ezt a szakm\u00e1t. \u00dagy d\u00f6nt\u00f6tt az idei&hellip;\n","protected":false},"author":2,"featured_media":232529,"comment_status":"","ping_status":"","sticky":false,"template":"","format":"standard","meta":{"footnotes":"","_share_on_mastodon":"0"},"categories":[21],"tags":[3699,2902,198,1854,137,3218,199,44,42,40,27691,43,4890,1230,41,1032,61338,1857,2149,1650,61337,138],"class_list":["post-232528","post","type-post","status-publish","format-standard","has-post-thumbnail","category-hiressegek","tag-bucsu","tag-bulvar","tag-celebrities","tag-central-szinhaz","tag-entertainment","tag-filmforgatas","tag-hiressegek","tag-hu","tag-hungarian","tag-hungary","tag-improvizacio","tag-magyar","tag-magyar-celebek","tag-magyar-sztarok","tag-magyarorszag","tag-rtl-hiressegek","tag-szabaduszo","tag-szabo-kimmel-tamas","tag-szineszet","tag-szinhaz","tag-szinhazi-tagsag","tag-szorakozas"],"share_on_mastodon":{"url":"https:\/\/pubeurope.com\/@hu\/117212271532320850","error":""},"_links":{"self":[{"href":"https:\/\/www.europesays.com\/hu\/wp-json\/wp\/v2\/posts\/232528","targetHints":{"allow":["GET"]}}],"collection":[{"href":"https:\/\/www.europesays.com\/hu\/wp-json\/wp\/v2\/posts"}],"about":[{"href":"https:\/\/www.europesays.com\/hu\/wp-json\/wp\/v2\/types\/post"}],"author":[{"embeddable":true,"href":"https:\/\/www.europesays.com\/hu\/wp-json\/wp\/v2\/users\/2"}],"replies":[{"embeddable":true,"href":"https:\/\/www.europesays.com\/hu\/wp-json\/wp\/v2\/comments?post=232528"}],"version-history":[{"count":0,"href":"https:\/\/www.europesays.com\/hu\/wp-json\/wp\/v2\/posts\/232528\/revisions"}],"wp:featuredmedia":[{"embeddable":true,"href":"https:\/\/www.europesays.com\/hu\/wp-json\/wp\/v2\/media\/232529"}],"wp:attachment":[{"href":"https:\/\/www.europesays.com\/hu\/wp-json\/wp\/v2\/media?parent=232528"}],"wp:term":[{"taxonomy":"category","embeddable":true,"href":"https:\/\/www.europesays.com\/hu\/wp-json\/wp\/v2\/categories?post=232528"},{"taxonomy":"post_tag","embeddable":true,"href":"https:\/\/www.europesays.com\/hu\/wp-json\/wp\/v2\/tags?post=232528"}],"curies":[{"name":"wp","href":"https:\/\/api.w.org\/{rel}","templated":true}]}}