{"id":232532,"date":"2026-09-04T10:26:10","date_gmt":"2026-09-04T10:26:10","guid":{"rendered":"https:\/\/www.europesays.com\/hu\/232532\/"},"modified":"2026-09-04T10:26:10","modified_gmt":"2026-09-04T10:26:10","slug":"legiosok-ujabb-csavar-mar-kovetni-is-nehez-toth-balazs-ugyet","status":"publish","type":"post","link":"https:\/\/www.europesays.com\/hu\/232532\/","title":{"rendered":"L\u00e9gi\u00f3sok: \u00dajabb csavar, m\u00e1r k\u00f6vetni is neh\u00e9z T\u00f3th Bal\u00e1zs \u00fcgy\u00e9t"},"content":{"rendered":"<p>                    <a href=\"https:\/\/news.google.com\/publications\/CAAqJQgKIh9DQklTRVFnTWFnMEtDMk56WVd0bWIyTnBMbWgxS0FBUAE\" target=\"_blank\" class=\"google-news\" rel=\"nofollow noopener\">A legfrissebb h\u00edrek\u00e9rt k\u00f6vess minket a Csakfoci Google News oldal\u00e1n is!<\/a><\/p>\n<p>A Blackburn Rovers a ny\u00e1ri \u00e1tigazol\u00e1si id\u0151szak lez\u00e1rulta ut\u00e1n rendezni szeretn\u00e9 T\u00f3th Bal\u00e1zs helyzet\u00e9t, miut\u00e1n a magyar v\u00e1logatott kapus Celticbe szerz\u0151d\u00e9se v\u00e9g\u00fcl nem val\u00f3sult meg. A The72 \u00e9rtes\u00fcl\u00e9sei szerint a klub \u00e9s a 28 \u00e9ves j\u00e1t\u00e9kos \u201eb\u00e9k\u00edt\u0151\u201d t\u00e1rgyal\u00e1sokat tarthat, \u00e9s a Blackburn ak\u00e1r \u00faj szerz\u0151d\u00e9st is k\u00edn\u00e1lhat neki, amely magasabb fizet\u00e9st \u00e9s hosszabb t\u00e1v\u00fa elk\u00f6telez\u0151d\u00e9st jelenthetne.<\/p>\n<p>T\u00f3th jelenlegi szerz\u0151d\u00e9se 2027 nyar\u00e1n lej\u00e1r, \u00e9s kor\u00e1bban \u00e1ll\u00edt\u00f3lag visszautas\u00edtott egy hosszabb\u00edt\u00e1si aj\u00e1nlatot. A Celtic a besz\u00e1mol\u00f3k szerint k\u00e9s\u0151n tett konkr\u00e9t aj\u00e1nlatot \u00e9rte, \u00e1m a k\u00f6r\u00fclbel\u00fcl 2,5 milli\u00f3 fontos (\u00a32,5 milli\u00f3) csomag elmaradt a Blackburn \u00e1ltal k\u00e9rt, nagyj\u00e1b\u00f3l 4 milli\u00f3 fontos (\u00a34 milli\u00f3) \u00f6sszegt\u0151l, \u00edgy az \u00fczlet meghi\u00fasult. A glasgow-i g\u00e1rda r\u00e1ad\u00e1sul <a href=\"https:\/\/www.csakfoci.hu\/magyar-foci\/a-celtic-nem-toth-balazzsal-oldotta-meg-a-kapuskerdest-kiderult-meddig-nem-jatszhat-a-magyar-valogatott-jatekos\" rel=\"nofollow noopener\" target=\"_blank\">be is jelentette azt\u00e1n az angol Sam Johnstone \u00e9rkez\u00e9s\u00e9t<\/a> a posztra.<\/p>\n<p>A magyar kapus r\u00e1ad\u00e1sul a Lincoln City elleni m\u00e9rk\u0151z\u00e9st combs\u00e9r\u00fcl\u00e9s miatt kihagyta. A Lancashire Telegraph szerint T\u00f3th edz\u00e9sen s\u00e9r\u00fclt meg, \u00e9s v\u00e1rhat\u00f3an 10 nap\u2013k\u00e9t h\u00e9tig nem lesz bevethet\u0151.<\/p>\n<p><a href=\"https:\/\/www.csakfoci.hu\/kulfoldi-foci\/pl-jozan-esszel-felfoghatatlan-mennyit-koltottek-iden-atigazolasokra-az-angol-csapatok\" class=\"embed-article\" rel=\"nofollow noopener\" target=\"_blank\"><\/p>\n<p>Olvastad m\u00e1r?<\/p>\n<p>            <img loading=\"lazy\" decoding=\"async\" class=\"lazy-img\" src=\"https:\/\/www.europesays.com\/hu\/wp-content\/uploads\/2026\/09\/Kepernyofoto-2026-09-02-9.24.44-768x417.png\" width=\"768\" height=\"417\" alt=\"\"\/><\/p>\n<p>PL: J\u00f3zan \u00e9sszel felfoghatatlan, mennyit k\u00f6lt\u00f6ttek id\u00e9n \u00e1tigazol\u00e1sokra az angol csapatok<\/p>\n<p>A ManCity, a Chelsea \u00e9s a Tottenham vitte a pr\u00edmet, de a t\u00f6bbiek se panaszkodhatnak anyagi gondokra. <\/p>\n<p>Elolvasom<\/p>\n<p><\/a><\/p>\n","protected":false},"excerpt":{"rendered":"A legfrissebb h\u00edrek\u00e9rt k\u00f6vess minket a Csakfoci Google News oldal\u00e1n is! A Blackburn Rovers a ny\u00e1ri \u00e1tigazol\u00e1si id\u0151szak&hellip;\n","protected":false},"author":2,"featured_media":232533,"comment_status":"","ping_status":"","sticky":false,"template":"","format":"standard","meta":{"footnotes":"","_share_on_mastodon":"0"},"categories":[14],"tags":[1069,1680,44,42,40,3209,43,41,45,131,1679],"class_list":["post-232532","post","type-post","status-publish","format-standard","has-post-thumbnail","category-sport","tag-atigazolasok","tag-blackburn-rovers","tag-hu","tag-hungarian","tag-hungary","tag-legiosok","tag-magyar","tag-magyarorszag","tag-sport","tag-sports","tag-toth-balazs"],"share_on_mastodon":{"url":"https:\/\/pubeurope.com\/@hu\/117212295176837165","error":""},"_links":{"self":[{"href":"https:\/\/www.europesays.com\/hu\/wp-json\/wp\/v2\/posts\/232532","targetHints":{"allow":["GET"]}}],"collection":[{"href":"https:\/\/www.europesays.com\/hu\/wp-json\/wp\/v2\/posts"}],"about":[{"href":"https:\/\/www.europesays.com\/hu\/wp-json\/wp\/v2\/types\/post"}],"author":[{"embeddable":true,"href":"https:\/\/www.europesays.com\/hu\/wp-json\/wp\/v2\/users\/2"}],"replies":[{"embeddable":true,"href":"https:\/\/www.europesays.com\/hu\/wp-json\/wp\/v2\/comments?post=232532"}],"version-history":[{"count":0,"href":"https:\/\/www.europesays.com\/hu\/wp-json\/wp\/v2\/posts\/232532\/revisions"}],"wp:featuredmedia":[{"embeddable":true,"href":"https:\/\/www.europesays.com\/hu\/wp-json\/wp\/v2\/media\/232533"}],"wp:attachment":[{"href":"https:\/\/www.europesays.com\/hu\/wp-json\/wp\/v2\/media?parent=232532"}],"wp:term":[{"taxonomy":"category","embeddable":true,"href":"https:\/\/www.europesays.com\/hu\/wp-json\/wp\/v2\/categories?post=232532"},{"taxonomy":"post_tag","embeddable":true,"href":"https:\/\/www.europesays.com\/hu\/wp-json\/wp\/v2\/tags?post=232532"}],"curies":[{"name":"wp","href":"https:\/\/api.w.org\/{rel}","templated":true}]}}