{"id":232577,"date":"2026-09-04T11:07:15","date_gmt":"2026-09-04T11:07:15","guid":{"rendered":"https:\/\/www.europesays.com\/hu\/232577\/"},"modified":"2026-09-04T11:07:15","modified_gmt":"2026-09-04T11:07:15","slug":"majka-elarulta-kikre-irigykedik-a-sztarvilagban","status":"publish","type":"post","link":"https:\/\/www.europesays.com\/hu\/232577\/","title":{"rendered":"Majka el\u00e1rulta, kikre irigykedik a szt\u00e1rvil\u00e1gban"},"content":{"rendered":"<p class=\"a-lead mb-8 text-xl lg:text-xl-plus font-medium&#10;                leading-7.5 lg:leading-8\">\n    Majk\u00e1r\u00f3l aligha a kishit\u0171s\u00e9g jut el\u0151sz\u00f6r az esz\u00fcnkbe, m\u00e9gis gond n\u00e9lk\u00fcl sorolta azokat a koll\u00e9g\u00e1it, akiknek bizonyos k\u00e9pess\u00e9geit sz\u00edvesen elfogadn\u00e1.\n<\/p>\n<p><a href=\"https:\/\/story.hu\/napi-friss\/2026\/09\/03\/majka-rablas-tolvaj\/k0ckjsc\" id=\"ea17adc3-0d0f-49e7-819e-30ca0cba6ae6\" rel=\"nofollow noopener\" target=\"_blank\">Majk\u00e1t\u00f3l<\/a> sosem \u00e1llt t\u00e1vol az eg\u00e9szs\u00e9ges \u00f6nbizalom, \u00e9s azt sem szokta k\u00fcl\u00f6n\u00f6sebben titkolni, ha valamiben j\u00f3nak tartja mag\u00e1t. \u00c1m a nagy duma m\u00f6g\u00f6tt lapul egy meglep\u0151en nagy adag \u00f6nkritika is: pontosan l\u00e1tja, miben marad el m\u00e1sokt\u00f3l, \u00e9s azt is, ha valaki valamiben jobb n\u00e1la. El\u0151tt\u00fck minden tov\u00e1bbi n\u00e9lk\u00fcl megemeli a k\u00e9pzeletbeli kalapj\u00e1t.<\/p>\n<p>                                                                                                                                Haj\u00f3s a koponya<\/p>\n<p><a href=\"https:\/\/www.youtube.com\/watch?v=07MDCY08oFk\" id=\"7c7b7843-b933-474b-96e6-447bbdff230b\" rel=\"nofollow noopener\" target=\"_blank\">Kadarkai Endre faggat\u00f3z\u00e1s\u00e1ra<\/a> Majka el\u00e1rulta, ki az a 3\u20133 szakt\u00e1rsa a zene \u00e9s telev\u00edzi\u00f3z\u00e1s vil\u00e1g\u00e1ban, akiknek egy-egy k\u00e9pess\u00e9g\u00e9t irigyli, mert benne nincs meg. Majka az egyik legjobb bar\u00e1tj\u00e1t, <a href=\"https:\/\/story.hu\/napi-friss\/2026\/06\/05\/hajos-andras-tv2\/p5c9tev\" id=\"18c09e28-3a66-4eef-94f2-7eb60877f5cb\" rel=\"nofollow noopener\" target=\"_blank\">Haj\u00f3s Andr\u00e1s<\/a>t tartja az egyik legnagyobb kopony\u00e1nak a m\u00e9di\u00e1ban.<\/p>\n<p>                        <img class=\"object-contain -landscape mx-auto w-full sm:w-auto\"  src=\"https:\/\/www.europesays.com\/hu\/wp-content\/uploads\/2026\/09\/Y3fk9mBaHR0cHM6Ly9pbWFnZXMuc3RvcnkuaHUvMS9JT3RrOWxCYUhSMGNITTZMeTl2WTJSdUxtVjFMM0IxYkhOamJYTXZUVVJCW.webp\" alt=\"Majka egyik legjobb bar\u00e1tja Haj\u00f3s Andr\u00e1s \" loading=\"lazy\" decoding=\"async\" \/><\/p>\n<p>                    Fotocentral \/ Nagy Zolt\u00e1n<\/p>\n<p>        Majka egyik legjobb bar\u00e1tja Haj\u00f3s Andr\u00e1s <\/p>\n<p>A cs\u00e1v\u00f3 olyan term\u00e9szetess\u00e9ggel, magabiztoss\u00e1ggal tud besz\u00e9lni hossz\u00fa \u00f3r\u00e1kon kereszt\u00fcl egy olyan dologr\u00f3l, ami nem is \u00e9rdekli, ami egyszer\u0171en elk\u00e9peszt\u0151. Olyan talentum, olyan koponya, \u00e9s olyan humora van, hogy a t\u00e1rsas\u00e1g\u00e1ban minden elt\u00f6lt\u00f6tt perc \u00f3ri\u00e1si \u00e9lm\u00e9ny.<\/p>\n<p>\u00d6rd\u00f6g N\u00f3r\u00e1ban eg\u00e9szen m\u00e1st irigyel. \u201eEgy munkakutya, a legcs\u00fany\u00e1bb sz\u00f3val \u00e9lve.<\/p>\n<p>Egy olyan csaj, aki k\u00e9pes v\u00e9gigmel\u00f3zni egy hetet \u00fagy, hogy h\u00e1rom \u00f3r\u00e1t alszik. Kimegy forgatni egy \u00c1zsia Expresszt, dolgoznak napi 17 \u00f3r\u00e1t, mellette m\u00e9g csin\u00e1l egy N\u00e1n\u00e1si-vlogsorozatot, \u00e9s k\u00f6zben \u0151 maga megv\u00e1gja.<\/p>\n<p>Olyan munkab\u00edr\u00e1sa van, hogy nem tudom, honnan j\u00f6n neki&#8221; \u2013 mes\u00e9lte \u00e1mulattal.<\/p>\n<p>                        <img class=\"object-contain -landscape mx-auto w-full sm:w-auto\"  src=\"https:\/\/www.europesays.com\/hu\/wp-content\/uploads\/2026\/09\/pENk9mBaHR0cHM6Ly9pbWFnZXMuc3RvcnkuaHUvMS9ySmtrOWxCYUhSMGNITTZMeTl2WTJSdUxtVjFMM0IxYkhOamJYTXZUVVJCW.webp\" alt=\"R\u00e9gi bar\u00e1ts\u00e1g f\u0171zi Majk\u00e1t Till\u00e1hoz \u00e9s \u00d6rd\u00f6g N\u00f3r\u00e1hoz\" loading=\"lazy\" decoding=\"async\" \/><\/p>\n<p>                    Fotocentral \/ Schumy Csaba<\/p>\n<p>        R\u00e9gi bar\u00e1ts\u00e1g f\u0171zi Majk\u00e1t Till\u00e1hoz \u00e9s \u00d6rd\u00f6g N\u00f3r\u00e1hoz<\/p>\n<p>Szint\u00e9n egyik legk\u00f6zelebbi bar\u00e1tj\u00e1ban, <a href=\"https:\/\/story.hu\/napi-friss\/2026\/09\/01\/tilla-tv2-klubradio\/h7c0v8j\" id=\"261601ec-e6e8-4c28-8a88-3ed14cf49326\" rel=\"nofollow noopener\" target=\"_blank\">Till\u00e1ban<\/a> pedig az emp\u00e1ti\u00e1j\u00e1t csod\u00e1lja.<\/p>\n<p>Az utols\u00f3 ut\u00e1ni pillanatban is meg\u00e9rti a m\u00e1sik ember szemsz\u00f6g\u00e9t. Szerintem ez egy olyan tulajdons\u00e1g, ami nagyon sz\u00fcks\u00e9ges a boldog \u00e9lethez.<\/p>\n<p>                                                                                                                                    Presser az ikon<\/p>\n<p>A rapper \u0151szint\u00e9n elmondta, hogy irigyli az \u00f6sszes olyan zen\u00e9szt, akinek nagyon j\u00f3 hangja van.<\/p>\n<p>Mindig azt mondom, ha nekem olyan hangom lenne, mint a Kir\u00e1ly Viktornak, akkor lehet, hogy \u00fagy j\u00f6ttem volna ide be, hogy sz\u00f3rni kellett volna a r\u00f3zsaszirmokat el\u0151ttem. Mert ha m\u00e1r az is megvan, akkor t\u00e9nyleg annyira men\u0151 lenn\u00e9k, hogy lehet, kicsit m\u00e1r elsz\u00e1lln\u00e9k.<\/p>\n<p>De nem. Nekem mindig extr\u00e1n kell teljes\u00edtenem, pontosan amiatt, mert \u00e9n showman vagyok, \u00e9s az m\u00e1s. Egy el\u0151ad\u00f3.&#8221;<\/p>\n<p>Fiatal koll\u00e9g\u00e1ja, Azahriah sikere is leny\u0171g\u00f6zi. \u201e35 ezer jegyet eladott a cs\u00e1v\u00f3 egy nap alatt. H\u00e1t ez mi, ha nem tiszteletrem\u00e9lt\u00f3? Ilyenkor nem irigykedni kell, hanem azt kell n\u00e9zni, mit csin\u00e1l a cs\u00e1v\u00f3, hogy ez \u00edgy van.\u201d<\/p>\n<p><a href=\"https:\/\/story.hu\/napi-friss\/2026\/08\/01\/presser-gabor-katona-klari\/1fm18dw\" id=\"1cc3a6e1-9414-4a89-9d27-5d7bb6163701\" rel=\"nofollow noopener\" target=\"_blank\">Presser G\u00e1bor<\/a>r\u00f3l pedig \u00edgy fogalmazott:<\/p>\n<p>Nem kell j\u00f6nni-menni, ord\u00edtani, ugr\u00e1lni. Le\u00fcl a zongor\u00e1hoz, \u00e9s van egy olyan kisug\u00e1rz\u00e1sa, olyan jelenl\u00e9te, hogy fantasztikus.<\/p>\n<p>                        <img class=\"object-contain -landscape mx-auto w-full sm:w-auto\"  src=\"https:\/\/www.europesays.com\/hu\/wp-content\/uploads\/2026\/09\/_i4k9mBaHR0cHM6Ly9pbWFnZXMuc3RvcnkuaHUvMS9xMGVrOWxCYUhSMGNITTZMeTl2WTJSdUxtVjFMM0IxYkhOamJYTXZUVVJCW.webp\" alt=\"Presser G\u00e1bor zsenialit\u00e1sa leny\u0171g\u00f6zi Majk\u00e1t\" loading=\"lazy\" decoding=\"async\" \/><\/p>\n<p>                    Fotocentral \/ V\u00f6r\u00f6s Szil\u00e1rd<\/p>\n<p>        Presser G\u00e1bor zsenialit\u00e1sa leny\u0171g\u00f6zi Majk\u00e1t<\/p>\n<p>                                                                                                                                    Bar\u00e1tai majd t\u00fckr\u00f6t mutatnak<\/p>\n<p>Mindek\u00f6zben arra is elkanyarodott a besz\u00e9lget\u00e9s, Majka meddig lehet hiteles abban, amit csin\u00e1l.<\/p>\n<p>\u201eSzerintem \u00e9n az\u00e9rt tudom, hogy mikor leszek \u00f6nmagam par\u00f3di\u00e1ja\u201d \u2013 mondta, de bel\u00e1tta, az is meglehet, hogy ezt nem \u0151 fogja els\u0151k\u00e9nt \u00e9szrevenni.<\/p>\n<p>Azon vagyok, hogy azok az emberek, akiket magam mell\u00e9 \u00e9p\u00edtek az \u00e9vtizedek alatt, azt mondj\u00e1k majd: \u2019Peti, most m\u00e1r ezt \u00edgy nem k\u00e9ne!\u2019<\/p>\n<p>\u2013 rem\u00e9nykedik Majka abban, hogyha egyszer nem venn\u00e9 \u00e9szre mag\u00e1t, a k\u00f6rnyezete k\u00edm\u00e9letlen\u00fcl \u0151szinte lesz vele.<\/p>\n","protected":false},"excerpt":{"rendered":"Majk\u00e1r\u00f3l aligha a kishit\u0171s\u00e9g jut el\u0151sz\u00f6r az esz\u00fcnkbe, m\u00e9gis gond n\u00e9lk\u00fcl sorolta azokat a koll\u00e9g\u00e1it, akiknek bizonyos k\u00e9pess\u00e9geit&hellip;\n","protected":false},"author":2,"featured_media":232578,"comment_status":"","ping_status":"","sticky":false,"template":"","format":"standard","meta":{"footnotes":"","_share_on_mastodon":"0"},"categories":[16],"tags":[1185,137,15264,44,42,40,15478,43,41,2260,1414,17387,2335,138,328,868],"class_list":["post-232577","post","type-post","status-publish","format-standard","has-post-thumbnail","category-szorakozas","tag-eloado","tag-entertainment","tag-hajos-andras","tag-hu","tag-hungarian","tag-hungary","tag-kiraly-viktor","tag-magyar","tag-magyarorszag","tag-majka","tag-ordog-nora","tag-presser-gabor","tag-rapper","tag-szorakozas","tag-vallomas","tag-zenesz"],"share_on_mastodon":{"url":"https:\/\/pubeurope.com\/@hu\/117212456699500640","error":""},"_links":{"self":[{"href":"https:\/\/www.europesays.com\/hu\/wp-json\/wp\/v2\/posts\/232577","targetHints":{"allow":["GET"]}}],"collection":[{"href":"https:\/\/www.europesays.com\/hu\/wp-json\/wp\/v2\/posts"}],"about":[{"href":"https:\/\/www.europesays.com\/hu\/wp-json\/wp\/v2\/types\/post"}],"author":[{"embeddable":true,"href":"https:\/\/www.europesays.com\/hu\/wp-json\/wp\/v2\/users\/2"}],"replies":[{"embeddable":true,"href":"https:\/\/www.europesays.com\/hu\/wp-json\/wp\/v2\/comments?post=232577"}],"version-history":[{"count":0,"href":"https:\/\/www.europesays.com\/hu\/wp-json\/wp\/v2\/posts\/232577\/revisions"}],"wp:featuredmedia":[{"embeddable":true,"href":"https:\/\/www.europesays.com\/hu\/wp-json\/wp\/v2\/media\/232578"}],"wp:attachment":[{"href":"https:\/\/www.europesays.com\/hu\/wp-json\/wp\/v2\/media?parent=232577"}],"wp:term":[{"taxonomy":"category","embeddable":true,"href":"https:\/\/www.europesays.com\/hu\/wp-json\/wp\/v2\/categories?post=232577"},{"taxonomy":"post_tag","embeddable":true,"href":"https:\/\/www.europesays.com\/hu\/wp-json\/wp\/v2\/tags?post=232577"}],"curies":[{"name":"wp","href":"https:\/\/api.w.org\/{rel}","templated":true}]}}