{"id":232631,"date":"2026-09-04T11:53:09","date_gmt":"2026-09-04T11:53:09","guid":{"rendered":"https:\/\/www.europesays.com\/hu\/232631\/"},"modified":"2026-09-04T11:53:09","modified_gmt":"2026-09-04T11:53:09","slug":"fogy-a-gaz-europaban-rekordmelyen-a-taroloi-keszletek","status":"publish","type":"post","link":"https:\/\/www.europesays.com\/hu\/232631\/","title":{"rendered":"Fogy a g\u00e1z Eur\u00f3p\u00e1ban, rekordm\u00e9lyen a t\u00e1rol\u00f3i k\u00e9szletek"},"content":{"rendered":"<p>Devenyi Dalma | 2026.09.04. 13:20<\/p>\n<p>\tEur\u00f3pa komoly bajba ker\u00fclhet, ha a hideg t\u00e9l \u00e9s az ell\u00e1t\u00e1si zavarok egyszerre s\u00fajtj\u00e1k a g\u00e1zpiacot.<\/p>\n<p>\u00a0<\/p>\n<p>Eur\u00f3pa az elm\u00falt 15 \u00e9v legalacsonyabb, erre az id\u0151szakra jellemz\u0151 g\u00e1zt\u00e1rol\u00f3i t\u00f6lt\u00f6tts\u00e9g\u00e9vel k\u00e9sz\u00fcl a t\u00e9lre. A t\u00e1rol\u00f3k jelenleg mind\u00f6ssze 65,6 sz\u00e1zal\u00e9kos t\u00f6lt\u00f6tts\u00e9gen \u00e1llnak, mik\u00f6zben a g\u00e1z\u00e1rak az elm\u00falt k\u00e9t h\u00f3napban t\u00f6bb mint 75 sz\u00e1zal\u00e9kkal emelkedtek, \u00e9s h\u00e1rom\u00e9ves cs\u00facsot \u00e9rtek el \u2013 \u00edrja a londoni <a href=\"https:\/\/www.ft.com\/content\/5e9db3c2-70c0-40da-8767-88dcbaf8cfc5?utm_source=chatgpt.com&amp;syn-25a6b1a6=1\" target=\"_blank\" rel=\"noopener nofollow\">Financial Times<\/a>.<\/p>\n<p>\u00a0<\/p>\n<p>Kev\u00e9s a tartal\u00e9k egy hideg t\u00e9lre<\/p>\n<p>A helyzet az\u00e9rt jelent kock\u00e1zatot, mert egy hidegebb t\u00e9l, az LNG-sz\u00e1ll\u00edt\u00e1sok esetleges zavara vagy a meg\u00fajul\u00f3 alap\u00fa villamosenergia-termel\u00e9s visszaes\u00e9se tov\u00e1bb n\u00f6velheti a g\u00e1zpiaci fesz\u00fclts\u00e9get.<\/p>\n<p style=\"padding-left: 40px;\">\n<p>\u201eHa \u00f6sszetett sokkhat\u00e1ssal kell szemben\u00e9zn\u00fcnk, az probl\u00e9m\u00e1t fog okozni\u201d \u2013 mondta Lucie Boost, a Gas Infrastructure Europe vezet\u0151je a Financial Timesnak.<\/p>\n<\/p>\n<p><a href=\"https:\/\/nrgreport.com\/cikk\/2026\/07\/28\/miert-kapcsolja-le-nemetorszag-egyre-gyakrabban-a-nap-es-szeleromuveit\/\" target=\"_blank\" rel=\"noopener nofollow\">N\u00e9metorsz\u00e1g<\/a> \u00e9s Hollandia m\u00e1r jelezte, hogy v\u00e1rhat\u00f3an nem \u00e9ri el a kit\u0171z\u00f6tt 70, illetve 80 sz\u00e1zal\u00e9kos t\u00e1rol\u00f3i c\u00e9lt. Olaszorsz\u00e1g, Franciaorsz\u00e1g \u00e9s Spanyolorsz\u00e1g ugyanakkor kedvez\u0151bb helyzetben van.<\/p>\n<p>\u00a0<\/p>\n<p>Nem a g\u00e1z beszerz\u00e9se, hanem a bet\u00e1rol\u00e1s lehet a gond<\/p>\n<p>Huibert Vigeveno, a MET Csoport vez\u00e9rigazgat\u00f3ja szerint Eur\u00f3p\u00e1nak az\u00e9rt is fogy az ideje, mert a t\u00e1rol\u00f3k csak meghat\u00e1rozott \u00fctemben t\u00f6lthet\u0151k fel.<\/p>\n<p style=\"padding-left: 40px;\">\n<p>\u201eA val\u00f3s\u00e1gban nem az a k\u00e9rd\u00e9s, hogy mennyi g\u00e1zt lehet beszerezni, hanem az, hogy mennyit lehet bet\u00e1rolni\u201d \u2013 fogalmazott.<\/p>\n<\/p>\n<p>A magas ny\u00e1ri g\u00e1z\u00e1rak miatt a v\u00e1llalatok kev\u00e9sb\u00e9 voltak \u00e9rdekeltek abban, hogy a melegebb h\u00f3napokban felt\u00f6lts\u00e9k a t\u00e1rol\u00f3kat. A t\u00e1rol\u00f3k egy \u00e1tlagos t\u00e9len Eur\u00f3pa g\u00e1zfelhaszn\u00e1l\u00e1s\u00e1nak k\u00f6r\u00fclbel\u00fcl egyharmad\u00e1t fedezik, a t\u00f6bbi vezet\u00e9keken \u00e9s <a href=\"https:\/\/nrgreport.com\/cikk\/2026\/08\/13\/moszkvatol-hormuzig-ketyeg-az-ora-europa-gazpiaca-felett\/\" target=\"_blank\" rel=\"noopener nofollow\">LNG-importon<\/a> kereszt\u00fcl \u00e9rkezik.<\/p>\n<p>\u00a0<\/p>\n<p>Hi\u00e1nyt\u00f3l egyel\u0151re nem tartanak<\/p>\n<p>Elemz\u0151k szerint a t\u00e1rol\u00f3k felt\u00f6lt\u00e9s\u00e9\u00e9rt folytatott verseny tov\u00e1bb emelheti a glob\u00e1lis g\u00e1z\u00e1rakat, de teljes k\u00f6r\u0171 ell\u00e1t\u00e1si hi\u00e1nyra nem sz\u00e1m\u00edtanak.<\/p>\n<p style=\"padding-left: 40px;\">Az Eur\u00f3pai Bizotts\u00e1g szerint nincs k\u00f6zvetlen ell\u00e1t\u00e1sbiztons\u00e1gi kock\u00e1zat, r\u00e1ad\u00e1sul Eur\u00f3pa g\u00e1zfogyaszt\u00e1sa az elm\u00falt \u00e9vekben 17 sz\u00e1zal\u00e9kkal cs\u00f6kkent.<\/p>\n<p>Az idei t\u00e9l v\u00e1rhat\u00f3an enyh\u00e9bb lehet az <a href=\"https:\/\/nrgreport.com\/cikk\/2026\/08\/12\/ujabb-homersekleti-rekord-johet-2026-ban-az-el-nino-miatt\/\" target=\"_blank\" rel=\"noopener nofollow\">El Ni\u00f1o<\/a> miatt, ugyanakkor a holland Gasunie szerint az orsz\u00e1g nincs megfelel\u0151en felk\u00e9sz\u00fclve egy k\u00fcl\u00f6n\u00f6sen kem\u00e9ny t\u00e9lre. A holland korm\u00e1ny ez\u00e9rt 1 milli\u00e1rd eur\u00f3t biztos\u00edt a g\u00e1zt\u00e1rol\u00f3k idei \u00e9s 2027-es felt\u00f6lt\u00e9s\u00e9re.<\/p>\n<p>\u00a0<\/p>\n<p>Kiemelt k\u00e9p forr\u00e1sa: Unsplash<\/p>\n","protected":false},"excerpt":{"rendered":"Devenyi Dalma | 2026.09.04. 13:20 Eur\u00f3pa komoly bajba ker\u00fclhet, ha a hideg t\u00e9l \u00e9s az ell\u00e1t\u00e1si zavarok egyszerre&hellip;\n","protected":false},"author":2,"featured_media":232632,"comment_status":"","ping_status":"","sticky":false,"template":"","format":"standard","meta":{"footnotes":"","_share_on_mastodon":"0"},"categories":[3],"tags":[16548,4140,1961,3282,107,106,61359,429,105,1385,17352,27583,61360,61361,52304,42,8609,43,32056,61362],"class_list":["post-232631","post","type-post","status-publish","format-standard","has-post-thumbnail","category-europa","tag-ellatasbiztonsag","tag-energiaellatas","tag-energiapiac","tag-energiavalsag","tag-eu","tag-europa","tag-europai-gazpiac","tag-europai-unio","tag-europe","tag-foldgaz","tag-gazarak","tag-gazimport","tag-gazkeszletek","tag-gaztaroloi-toltottseg","tag-gaztarolok","tag-hungarian","tag-lng","tag-magyar","tag-met-group","tag-teli-gazellatas"],"share_on_mastodon":{"url":"https:\/\/pubeurope.com\/@hu\/117212637169346414","error":""},"_links":{"self":[{"href":"https:\/\/www.europesays.com\/hu\/wp-json\/wp\/v2\/posts\/232631","targetHints":{"allow":["GET"]}}],"collection":[{"href":"https:\/\/www.europesays.com\/hu\/wp-json\/wp\/v2\/posts"}],"about":[{"href":"https:\/\/www.europesays.com\/hu\/wp-json\/wp\/v2\/types\/post"}],"author":[{"embeddable":true,"href":"https:\/\/www.europesays.com\/hu\/wp-json\/wp\/v2\/users\/2"}],"replies":[{"embeddable":true,"href":"https:\/\/www.europesays.com\/hu\/wp-json\/wp\/v2\/comments?post=232631"}],"version-history":[{"count":0,"href":"https:\/\/www.europesays.com\/hu\/wp-json\/wp\/v2\/posts\/232631\/revisions"}],"wp:featuredmedia":[{"embeddable":true,"href":"https:\/\/www.europesays.com\/hu\/wp-json\/wp\/v2\/media\/232632"}],"wp:attachment":[{"href":"https:\/\/www.europesays.com\/hu\/wp-json\/wp\/v2\/media?parent=232631"}],"wp:term":[{"taxonomy":"category","embeddable":true,"href":"https:\/\/www.europesays.com\/hu\/wp-json\/wp\/v2\/categories?post=232631"},{"taxonomy":"post_tag","embeddable":true,"href":"https:\/\/www.europesays.com\/hu\/wp-json\/wp\/v2\/tags?post=232631"}],"curies":[{"name":"wp","href":"https:\/\/api.w.org\/{rel}","templated":true}]}}