{"id":232645,"date":"2026-09-04T12:00:11","date_gmt":"2026-09-04T12:00:11","guid":{"rendered":"https:\/\/www.europesays.com\/hu\/232645\/"},"modified":"2026-09-04T12:00:11","modified_gmt":"2026-09-04T12:00:11","slug":"index-belfold-a-network4-nel-folytatja-borbas-marcsi-egyuttmukodesre-lepett-a-mediaceg-es-a-kontroll","status":"publish","type":"post","link":"https:\/\/www.europesays.com\/hu\/232645\/","title":{"rendered":"Index &#8211; Belf\u00f6ld &#8211; A Network4-n\u00e9l folytatja Borb\u00e1s Marcsi, egy\u00fcttm\u0171k\u00f6d\u00e9sre l\u00e9pett a m\u00e9diac\u00e9g \u00e9s a Kontroll"},"content":{"rendered":"<p>Szoros egy\u00fcttm\u0171k\u00f6d\u00e9sre l\u00e9p a Network4 \u00e9s a Kontroll \u2013 k\u00f6z\u00f6lte az el\u0151bbi m\u00e9diac\u00e9g egy cs\u00fct\u00f6rt\u00f6ki k\u00f6zlem\u00e9nyben.\u00a0<\/p>\n<p>Az id\u00e9n 20 \u00e9ves Network4 Media Group csatorn\u00e1i \u00e9s fel\u00fcletei nemcsak teljes arculatv\u00e1lt\u00e1son estek \u00e1t, de t\u00f6bb nevet is leigazoltak. N\u00e1luk folytatja t\u00e9v\u00e9s p\u00e1lyafut\u00e1s\u00e1t <a href=\"https:\/\/index.hu\/kultur\/degusztator\/2026\/09\/02\/borbas-marcsi-szakacskonyv-bejelentes\/\" id=\"hyperlink_2b18dd7fd4889385b8ea3d3440826725\" target=\"_blank\" title=\"Kasz\u00e1t kapott Borb\u00e1s Marcsi m\u0171sora, de nagy bejelent\u00e9st \u00edg\u00e9rt a m\u0171sorvezet\u0151\" rel=\"nofollow noopener\">Borb\u00e1s Marcsi<\/a>, aki k\u00e9t m\u0171sorban is szerepelni fog. Az Elgurulva c\u00edm\u0171 m\u0171sorban M\u00e1rfi M\u00e1rk t\u00e1rsas\u00e1g\u00e1ban k\u00e9t ker\u00e9ken fedezi fel a vid\u00e9ki \u00e9letet. Az \u00faj r\u00e9szek okt\u00f3berben deb\u00fct\u00e1lnak, emellett a kor\u00e1bbi epiz\u00f3dok is k\u00e9perny\u0151re ker\u00fclnek. Az \u00c1tvinni a napot c\u00edm\u0171 m\u0171sor m\u00e1r a h\u00e9tv\u00e9g\u00e9n deb\u00fct\u00e1l, amelyben olyan emberekkel besz\u00e9lget, akiknek k\u00fcldet\u00e9s\u00fck \u00e9s mondanival\u00f3juk van a k\u00f6z\u00f6ss\u00e9gnek.\u00a0<\/p>\n<p>Szint\u00e9n a k\u00f6tel\u00e9keikben folytatja <a href=\"https:\/\/index.hu\/kultur\/2026\/08\/31\/papp-gergely-rtl-reggeli-tavozas-bucsu-ajanlat\/\" id=\"hyperlink_af9bedb5810a64082105054fa5a702bd\" target=\"_blank\" title=\"\u00c9l\u0151 ad\u00e1sban jelentette be a t\u00e1voz\u00e1s\u00e1t az RTL n\u00e9pszer\u0171 m\u0171sorvezet\u0151je\" rel=\"nofollow noopener\">Papp Gerg\u0151<\/a>, aki a Riporterek c\u00edm\u0171 m\u0171sor m\u0171sorvezet\u0151je lesz, \u00e9s 15 \u00e9v sz\u00fcnet ut\u00e1n ism\u00e9t alak\u00edthatja Pimasz \u00far karakter\u00e9t. \u201eA m\u0171sor megker\u00fclhetetlen t\u00e9m\u00e1kat \u00e9s elfeledett t\u00f6rt\u00e9neteket dolgoz fel. Papp Gerg\u0151 a riportereivel bemegy oda is, ahova az \u00e1tlag \u00e9rdekl\u0151d\u0151t nem engedn\u00e9k be\u201d \u2013 r\u00e9szletezi a k\u00f6zlem\u00e9ny. A f\u0151szerkeszt\u0151, egyben vezet\u0151 riporter <a href=\"https:\/\/index.hu\/belfold\/2026\/05\/26\/atv-l-dezsi-zoltan-tavozas-riporter-heti-naplo-svaby-andras\/\" id=\"hyperlink_c6f5286bad8cfaa07d4f2c061ec37037\" target=\"_blank\" title=\"T\u00f6bb mint tizen\u00f6t \u00e9v ut\u00e1n t\u00e1vozik az ATV riportere: L. D\u00e9zsi Zolt\u00e1n elhagyja a Heti Napl\u00f3t\" rel=\"nofollow noopener\">L. D\u00e9zsi Zolt\u00e1n<\/a> lesz.<\/p>\n<p>Ez a v\u00e1lt\u00e1s pedig abb\u00f3l a szempontb\u00f3l is \u00e9rdekes, hogy a Network4 szoros egy\u00fcttm\u0171k\u00f6d\u00e9sre l\u00e9p a Kontroll-lal. Ut\u00f3bbi nemcsak saj\u00e1t gy\u00e1rt\u00e1s\u00fa produkci\u00f3kat fog k\u00e9sz\u00edteni, de t\u00f6bb m\u0171soruk is \u00e1tk\u00f6lt\u00f6zik a telev\u00edzi\u00f3ba, mint p\u00e9ld\u00e1ul a\u00a0Szabadsajt\u00f3 Klub c\u00edm\u0171 k\u00f6z\u00e9leti vitam\u0171sor, valamint a Sorsok m\u00f6g\u00f6tt c\u00edm\u0171 m\u00e9lyinterj\u00fa-sorozat.<\/p>\n<p>\n                          (Bor\u00edt\u00f3k\u00e9p: Borb\u00e1s Marcsi 2023. augusztus 1-j\u00e9n. Fot\u00f3: N\u00e9meth Kata \/ Index)\n                        <\/p>\n<p><a href=\"https:\/\/dex.hu\/x.php?id=googlepref_desktop&amp;url=https:\/\/google.com\/preferences\/source?q=https:\/\/index.hu\" class=\"google-pref-banner \" id=\"googlePrefBanner\" rel=\"nofollow noopener\" target=\"_blank\"><\/p>\n<p>    Itt \u00e1ll\u00edtsa be, hogy az Index az els\u0151k k\u00f6z\u00f6tt legyen a Google-tal\u00e1latokban!<\/p>\n<p><\/a><\/p>\n<p>    <img decoding=\"async\" src=\"https:\/\/index.hu\/assets\/images\/social-follow\/logo-big.svg\" alt=\"Index.hu logo\"\/><\/p>\n<p>K\u00f6vesse az Indexet Facebookon is!<\/p>\n<p>    <a href=\"https:\/\/facebook.com\/Indexhu\" target=\"_blank\" rel=\"nofollow noopener\"><\/p>\n<p>        K\u00f6vetem!<br \/>\n    <\/a><\/p>\n","protected":false},"excerpt":{"rendered":"Szoros egy\u00fcttm\u0171k\u00f6d\u00e9sre l\u00e9p a Network4 \u00e9s a Kontroll \u2013 k\u00f6z\u00f6lte az el\u0151bbi m\u00e9diac\u00e9g egy cs\u00fct\u00f6rt\u00f6ki k\u00f6zlem\u00e9nyben.\u00a0 Az id\u00e9n&hellip;\n","protected":false},"author":2,"featured_media":232646,"comment_status":"","ping_status":"","sticky":false,"template":"","format":"standard","meta":{"footnotes":"","_share_on_mastodon":"0"},"categories":[19],"tags":[80,14023,430,137,44,42,40,22275,43,41,3736,45125,36811,138,191],"class_list":["post-232645","post","type-post","status-publish","format-standard","has-post-thumbnail","category-tv","tag-belfold","tag-borbas-marcsi","tag-egyuttmukodes","tag-entertainment","tag-hu","tag-hungarian","tag-hungary","tag-kontroll","tag-magyar","tag-magyarorszag","tag-musor","tag-network4","tag-papp-gergo","tag-szorakozas","tag-tv"],"share_on_mastodon":{"url":"https:\/\/pubeurope.com\/@hu\/117212665242716292","error":""},"_links":{"self":[{"href":"https:\/\/www.europesays.com\/hu\/wp-json\/wp\/v2\/posts\/232645","targetHints":{"allow":["GET"]}}],"collection":[{"href":"https:\/\/www.europesays.com\/hu\/wp-json\/wp\/v2\/posts"}],"about":[{"href":"https:\/\/www.europesays.com\/hu\/wp-json\/wp\/v2\/types\/post"}],"author":[{"embeddable":true,"href":"https:\/\/www.europesays.com\/hu\/wp-json\/wp\/v2\/users\/2"}],"replies":[{"embeddable":true,"href":"https:\/\/www.europesays.com\/hu\/wp-json\/wp\/v2\/comments?post=232645"}],"version-history":[{"count":0,"href":"https:\/\/www.europesays.com\/hu\/wp-json\/wp\/v2\/posts\/232645\/revisions"}],"wp:featuredmedia":[{"embeddable":true,"href":"https:\/\/www.europesays.com\/hu\/wp-json\/wp\/v2\/media\/232646"}],"wp:attachment":[{"href":"https:\/\/www.europesays.com\/hu\/wp-json\/wp\/v2\/media?parent=232645"}],"wp:term":[{"taxonomy":"category","embeddable":true,"href":"https:\/\/www.europesays.com\/hu\/wp-json\/wp\/v2\/categories?post=232645"},{"taxonomy":"post_tag","embeddable":true,"href":"https:\/\/www.europesays.com\/hu\/wp-json\/wp\/v2\/tags?post=232645"}],"curies":[{"name":"wp","href":"https:\/\/api.w.org\/{rel}","templated":true}]}}