{"id":232675,"date":"2026-09-04T12:21:12","date_gmt":"2026-09-04T12:21:12","guid":{"rendered":"https:\/\/www.europesays.com\/hu\/232675\/"},"modified":"2026-09-04T12:21:12","modified_gmt":"2026-09-04T12:21:12","slug":"transtelex-romania-europa-legadakozobb-orszagai-koze-tartozik-egy-friss-felmeres-szerint","status":"publish","type":"post","link":"https:\/\/www.europesays.com\/hu\/232675\/","title":{"rendered":"Transtelex: Rom\u00e1nia Eur\u00f3pa legadakoz\u00f3bb orsz\u00e1gai k\u00f6z\u00e9 tartozik egy friss felm\u00e9r\u00e9s szerint"},"content":{"rendered":"<p>Rom\u00e1nia \u00e9s \u00cdrorsz\u00e1g Eur\u00f3pa legadakoz\u00f3bb orsz\u00e1gai k\u00f6z\u00e9 tartoznak <a href=\"https:\/\/www.euronews.com\/business\/2026\/09\/03\/europes-most-charitable-countries-where-do-people-give-the-most\" target=\"_blank\" rel=\"nofollow noopener\">egy friss jelent\u00e9s szerint,<\/a> amely azt vizsg\u00e1lta, hogy az emberek milyen nagy r\u00e9sze adom\u00e1nyoz, illetve j\u00f6vedelm\u00fck milyen h\u00e1nyad\u00e1t ford\u00edtj\u00e1k adakoz\u00e1sra.<\/p>\n<p>2025-ben t\u00edz eur\u00f3paib\u00f3l hat adom\u00e1nyozott valamilyen j\u00f3 \u00fcgy \u00e9rdek\u00e9ben, seg\u00edtett r\u00e1szorul\u00f3knak, j\u00f3t\u00e9konys\u00e1gi szervezetnek vagy vall\u00e1si c\u00e9lra aj\u00e1nlott fel p\u00e9nzt. Mindez a <a href=\"https:\/\/www.worldgivingreport.org\/\" target=\"_blank\" rel=\"nofollow noopener\">Charities Aid Foundation (CAF) World Giving Report<\/a> c\u00edm\u0171 jelent\u00e9s\u00e9b\u0151l der\u00fcl ki.<\/p>\n<p>A CAF legfrissebb glob\u00e1lis jelent\u00e9s\u00e9hez 2026. janu\u00e1r 5. \u00e9s febru\u00e1r 18. k\u00f6z\u00f6tt 105 orsz\u00e1gban \u00f6sszesen 60\u202f443 embert k\u00e9rdeztek meg a 2025-\u00f6s adakoz\u00e1si szok\u00e1saikr\u00f3l. Az egyes orsz\u00e1gokban \u00e1ltal\u00e1ban 250\u20131000 feln\u0151tt vett r\u00e9szt a felm\u00e9r\u00e9sben, az orsz\u00e1g lakoss\u00e1g\u00e1val ar\u00e1nyosan, hogy a minta reprezentat\u00edv lehessen.<\/p>\n<p>A felm\u00e9r\u00e9s szerint Eur\u00f3pa legadakoz\u00f3bb orsz\u00e1gai k\u00f6z\u00e9 tartozik \u00cdrorsz\u00e1g \u00e9s Rom\u00e1nia. Ha kifejezetten a j\u00f3t\u00e9konys\u00e1gi adom\u00e1nyoz\u00e1st vizsg\u00e1ljuk, \u00cdrorsz\u00e1gban \u00e9s Hollandi\u00e1ban volt a legmagasabb az adom\u00e1nyoz\u00f3k ar\u00e1nya. Rom\u00e1nia akkor ker\u00fclt a lista elej\u00e9re, amikor azt n\u00e9zt\u00e9k, hogy az emberek j\u00f6vedelm\u00fck mekkora r\u00e9sz\u00e9t adom\u00e1nyozz\u00e1k el. Mindh\u00e1rom orsz\u00e1gban a j\u00f3t\u00e9konys\u00e1gi c\u00e9l\u00fa adom\u00e1nyok \u00e1tlagosan a j\u00f6vedelem mintegy 0,4 sz\u00e1zal\u00e9k\u00e1t tett\u00e9k ki.<\/p>\n<p>A CAF adatai szerint 2025-ben \u00cdrorsz\u00e1gban az emberek t\u00f6bb mint k\u00e9tharmada adom\u00e1nyozott j\u00f3t\u00e9konys\u00e1gi c\u00e9lra, ami valamivel magasabb ar\u00e1ny, mint Hollandi\u00e1ban. Rom\u00e1nia ezzel szemben eg\u00e9szen m\u00e1s k\u00e9pet mutat: mind\u00f6ssze 27 sz\u00e1zal\u00e9k adom\u00e1nyozott j\u00f3t\u00e9konys\u00e1gi c\u00e9lra, az adom\u00e1nyok azonban \u00e1tlagosan a j\u00f6vedelem 0,4 sz\u00e1zal\u00e9k\u00e1t tett\u00e9k ki.<\/p>\n<p>Amikor az \u00f6sszes adom\u00e1nyt vizsg\u00e1lt\u00e1k \u2013 bele\u00e9rtve a vall\u00e1si c\u00e9l\u00fa felaj\u00e1nl\u00e1sokat \u00e9s a r\u00e1szorul\u00f3knak k\u00f6zvetlen\u00fcl adott p\u00e9nzt is \u2013, Rom\u00e1nia az uni\u00f3s rangsor \u00e9l\u00e9re ker\u00fclt. Az adom\u00e1nyok \u00e1tlagosan a j\u00f6vedelem 0,9 sz\u00e1zal\u00e9k\u00e1t tett\u00e9k ki.<\/p>\n<p>Horv\u00e1torsz\u00e1g k\u00f6vetkezett 0,8 sz\u00e1zal\u00e9kkal, \u00cdrorsz\u00e1g pedig 0,7 sz\u00e1zal\u00e9kkal. A teljes adom\u00e1nyoz\u00e1s j\u00f6vedelemhez viszony\u00edtott ar\u00e1nya Lettorsz\u00e1gban volt a legalacsonyabb, m\u00edg a kifejezetten j\u00f3t\u00e9konys\u00e1gi szervezeteknek juttatott adom\u00e1nyok ar\u00e1nya Magyarorsz\u00e1gon \u00e9s Szlov\u00e1ki\u00e1ban volt a legalacsonyabb.<\/p>\n<p>Az Eur\u00f3pai Uni\u00f3 h\u00e1rom legnagyobb gazdas\u00e1g\u00e1ban, N\u00e9metorsz\u00e1gban, Franciaorsz\u00e1gban \u00e9s Olaszorsz\u00e1gban, az \u00f6sszes adom\u00e1ny \u00e1tlagosan mind\u00f6ssze a j\u00f6vedelem 0,4 sz\u00e1zal\u00e9k\u00e1t tette ki 2025-ben.<\/p>\n<p>Eur\u00f3pa a legkev\u00e9sb\u00e9 adakoz\u00f3 kontinens, ha azt vizsg\u00e1ljuk, hogy az emberek j\u00f6vedelm\u00fck mekkora r\u00e9sz\u00e9t ford\u00edtj\u00e1k adom\u00e1nyoz\u00e1sra, annak ellen\u00e9re, hogy a kontinens orsz\u00e1gainak d\u00f6nt\u0151 t\u00f6bbs\u00e9ge magas j\u00f6vedelm\u0171 gazdas\u00e1g. Az eur\u00f3paiak \u00e1tlagosan j\u00f6vedelm\u00fck 0,6 sz\u00e1zal\u00e9k\u00e1t adom\u00e1nyozt\u00e1k, szemben az 1 sz\u00e1zal\u00e9kos glob\u00e1lis \u00e1tlaggal.<\/p>\n<p>Az EU-n k\u00edv\u00fcl Ukrajna emelkedik ki: a lakoss\u00e1g 61 sz\u00e1zal\u00e9ka adott p\u00e9nzt valamilyen c\u00e9lra, az adom\u00e1nyok pedig \u00e1tlagosan a j\u00f6vedelem 1,2 sz\u00e1zal\u00e9k\u00e1t tett\u00e9k ki.<\/p>\n<p>A jelent\u00e9s szerint szoros \u00f6sszef\u00fcgg\u00e9s van ak\u00f6z\u00f6tt, hogy egy orsz\u00e1g lak\u00f3i mennyit adom\u00e1nyoznak, illetve hogy mennyire \u00e9rzik \u00fagy, hogy szorosan k\u00f6t\u0151dnek a helyi k\u00f6z\u00f6ss\u00e9g\u00fckh\u00f6z. Azokban az orsz\u00e1gokban, ahol a lakoss\u00e1g t\u00f6bb mint 80 sz\u00e1zal\u00e9ka er\u0151s k\u00f6z\u00f6ss\u00e9gi \u00f6sszetartoz\u00e1st \u00e9rez, \u00e1tlagosan h\u00e1romszor annyit adom\u00e1nyoznak.<\/p>\n","protected":false},"excerpt":{"rendered":"Rom\u00e1nia \u00e9s \u00cdrorsz\u00e1g Eur\u00f3pa legadakoz\u00f3bb orsz\u00e1gai k\u00f6z\u00e9 tartoznak egy friss jelent\u00e9s szerint, amely azt vizsg\u00e1lta, hogy az emberek&hellip;\n","protected":false},"author":2,"featured_media":232676,"comment_status":"","ping_status":"","sticky":false,"template":"","format":"standard","meta":{"footnotes":"","_share_on_mastodon":"0"},"categories":[3],"tags":[505,8193,107,106,429,105,1115,42,1565,43],"class_list":["post-232675","post","type-post","status-publish","format-standard","has-post-thumbnail","category-europa","tag-adomany","tag-adomanygyujtes","tag-eu","tag-europa","tag-europai-unio","tag-europe","tag-felmeres","tag-hungarian","tag-kozelet","tag-magyar"],"share_on_mastodon":{"url":"https:\/\/pubeurope.com\/@hu\/117212747069574746","error":""},"_links":{"self":[{"href":"https:\/\/www.europesays.com\/hu\/wp-json\/wp\/v2\/posts\/232675","targetHints":{"allow":["GET"]}}],"collection":[{"href":"https:\/\/www.europesays.com\/hu\/wp-json\/wp\/v2\/posts"}],"about":[{"href":"https:\/\/www.europesays.com\/hu\/wp-json\/wp\/v2\/types\/post"}],"author":[{"embeddable":true,"href":"https:\/\/www.europesays.com\/hu\/wp-json\/wp\/v2\/users\/2"}],"replies":[{"embeddable":true,"href":"https:\/\/www.europesays.com\/hu\/wp-json\/wp\/v2\/comments?post=232675"}],"version-history":[{"count":0,"href":"https:\/\/www.europesays.com\/hu\/wp-json\/wp\/v2\/posts\/232675\/revisions"}],"wp:featuredmedia":[{"embeddable":true,"href":"https:\/\/www.europesays.com\/hu\/wp-json\/wp\/v2\/media\/232676"}],"wp:attachment":[{"href":"https:\/\/www.europesays.com\/hu\/wp-json\/wp\/v2\/media?parent=232675"}],"wp:term":[{"taxonomy":"category","embeddable":true,"href":"https:\/\/www.europesays.com\/hu\/wp-json\/wp\/v2\/categories?post=232675"},{"taxonomy":"post_tag","embeddable":true,"href":"https:\/\/www.europesays.com\/hu\/wp-json\/wp\/v2\/tags?post=232675"}],"curies":[{"name":"wp","href":"https:\/\/api.w.org\/{rel}","templated":true}]}}