{"id":232683,"date":"2026-09-04T12:25:25","date_gmt":"2026-09-04T12:25:25","guid":{"rendered":"https:\/\/www.europesays.com\/hu\/232683\/"},"modified":"2026-09-04T12:25:25","modified_gmt":"2026-09-04T12:25:25","slug":"tobbgeneracios-szeghalmi-cukraszda-nyitott-latvanyos-fagyidesszertezot-a-bazilika-szomszedsagaban-cikkek","status":"publish","type":"post","link":"https:\/\/www.europesays.com\/hu\/232683\/","title":{"rendered":"T\u00f6bbgener\u00e1ci\u00f3s szeghalmi cukr\u00e1szda nyitott l\u00e1tv\u00e1nyos fagyidesszertez\u0151t a Bazilika szomsz\u00e9ds\u00e1g\u00e1ban &#8211; Cikkek"},"content":{"rendered":"<p>\n    A Bazilika k\u00f6zel\u00e9ben ny\u00edlt G. more than Gelato els\u0151 pillant\u00e1sra ak\u00e1r egy nemzetk\u00f6zi desszertl\u00e1nc budapesti egys\u00e9g\u00e9nek is t\u0171nhet, pedig egy t\u00f6bbgener\u00e1ci\u00f3s szeghalmi cukr\u00e1szda \u00e9s r\u00e9gi bar\u00e1tok k\u00f6z\u00f6s v\u00e1llalkoz\u00e1sa. A Bajcsy-Zsilinszky \u00faton, a Bazilika szomsz\u00e9ds\u00e1g\u00e1ban fagylaltot, pisk\u00f3t\u00e1t \u00e9s ropog\u00f3s felt\u00e9teket r\u00e9tegeznek l\u00e1tv\u00e1nyos desszertekk\u00e9.<\/p>\n<p>    \t                            35 \u00e9ves fagyiz\u00f3s m\u00falt, modern fagyidesszertek\u00a0<\/p>\n<p>Egy profin, l\u00e1that\u00f3lag franchise-c\u00e9llal nyitott hely a <a href=\"http:\/\/welovebudapest.com\/hely\/szent-istvan-bazilika\/\" id=\"hyperlink_13242c5c3ce7db6a31e68be242b754d1\" target=\"_blank\" title=\"Szent Istv\u00e1n-bazilika\" rel=\"nofollow noopener\">Bazilika<\/a> k\u00f6zvetlen k\u00f6zel\u00e9ben, TikTokra k\u00edv\u00e1nkoz\u00f3 finoms\u00e1gokkal. A hasonl\u00f3 \u00e9ttermek, cukr\u00e1szd\u00e1k m\u00f6g\u00f6tt ink\u00e1bb sejteni valami nagyobb, k\u00fclf\u00f6ldi befektet\u0151t, mint egy csal\u00e1d t\u00f6bb gener\u00e1ci\u00f3j\u00e1ra kiterjed\u0151 v\u00e1llalkoz\u00e1s\u00e1t, amit gyerekkori bar\u00e1tok m\u0171k\u00f6dtetnek. A Bajcsy-Zsilinszky \u00fati G. more than Gelato m\u00e9gis ink\u00e1bb az ut\u00f3bbi kateg\u00f3ri\u00e1ba tartozik. Neh\u00e9z elk\u00e9pzelni, de a profi berendez\u00e9st \u00e9s hangulatot a tulajdonosok bar\u00e1tokkal \u00e9s csal\u00e1dtagokkal p\u00e1r h\u00e9t alatt rakt\u00e1k \u00f6ssze, hogy m\u00e9g ny\u00e1ron el tudjanak indulni. Szerencs\u00e9re a csal\u00e1dban t\u00f6bben is dolgoznak az \u00e9p\u00edt\u0151iparban, de m\u00e9g \u00edgy is el\u0151fordult, hogy hajnali 5-ig ment a villanyszerel\u00e9s, hogy id\u0151re k\u00e9szen legyenek.\u00a0<\/p>\n<p>A k\u00fcl\u00f6nleges fagyidesszertet k\u00edn\u00e1l\u00f3 hely m\u00f6g\u00f6tt Farkas-Balogh Bettina \u00e9s Lad\u00e1nyi Krist\u00f3f \u00e1ll. Krist\u00f3f \u00e9s Bettina f\u00e9rje r\u00e9gi bar\u00e1tok, r\u00e9gi \u00e1lmuk volt a k\u00f6z\u00f6s v\u00e1llalkoz\u00e1s. Krist\u00f3f sz\u00fclei 35 \u00e9ve nyitott\u00e1k Szeghalmon csal\u00e1di <a href=\"https:\/\/www.facebook.com\/profile.php?id=100042887300644\" id=\"hyperlink_abd6a8fc655a387233d0aa2051ef5c19\" rel=\"nofollow noopener\" target=\"_blank\">cukr\u00e1szd\u00e1jukat<\/a>, \u00edgy \u0151 m\u00e1r fagyik \u00e9s s\u00fctik k\u00f6z\u00f6tt n\u0151tt fel, maga is sok\u00e1ig vend\u00e9gl\u00e1t\u00f3zott. \u00c9desapja, Lad\u00e1nyi L\u00e1szl\u00f3 Bologn\u00e1ban tanulta meg a fagyik\u00e9sz\u00edt\u00e9st, \u00e9s 2022-ben az \u00c9v Fagylaltja versenyen m\u00e1sodik helyez\u00e9st nyert el Lazy Berry nev\u0171, feh\u00e9r csokis-epres-levendul\u00e1s fagyij\u00e1val. Ezt az \u00edzkombin\u00e1ci\u00f3t egy\u00e9bk\u00e9nt a G.-ban is kipr\u00f3b\u00e1lhatjuk a r\u00e1juk jellemz\u0151 form\u00e1ban.\u00a0<\/p>\n<p>                                <img decoding=\"async\" id=\"kep_71373813\" src=\"https:\/\/www.europesays.com\/hu\/wp-content\/uploads\/2026\/09\/71373813_36ccd5f54215cfb6096d18dca8208956_wm.jpg\" alt=\"Lad\u00e1nyi Krist\u00f3f \u00e9s Farkas-Balogh Bettina\" loading=\"lazy\"\/><\/p>\n<p>Lad\u00e1nyi Krist\u00f3f \u00e9s Farkas-Balogh Bettina            (Fot\u00f3: Medgyesi Mil\u00e1n &#8211; We Love Budapest)<\/p>\n<p>                                <img decoding=\"async\" id=\"kep_71373897\" src=\"https:\/\/www.europesays.com\/hu\/wp-content\/uploads\/2026\/09\/71373897_20abebd5a1f515b84c019ead4d283211_wm.jpg\" alt=\"G. more than Gelato 004 Medgyesi Milan 20260901\" loading=\"lazy\"\/><\/p>\n<p>            (Fot\u00f3: Medgyesi Mil\u00e1n &#8211; We Love Budapest)<\/p>\n<p>                                <img decoding=\"async\" id=\"kep_71373901\" src=\"https:\/\/www.europesays.com\/hu\/wp-content\/uploads\/2026\/09\/71373901_16f270990a1319c2bd55cbcb252937d0_wm.jpg\" alt=\"G. more than Gelato 006 Medgyesi Milan 20260901\" loading=\"lazy\"\/><\/p>\n<p>            (Fot\u00f3: Medgyesi Mil\u00e1n &#8211; We Love Budapest)<\/p>\n<p>                        Pisk\u00f3ta, fagyi, ropog\u00f3s felt\u00e9t, \u00f6ntetek \u2013 12 vari\u00e1ci\u00f3<\/p>\n<p>Mit is jelent ez a saj\u00e1tos forma? A G. more than Gelato tulajdonosai t\u00f6r\u00f6korsz\u00e1gi \u00e9s indon\u00e9ziai \u00fatjaik sor\u00e1n inspir\u00e1l\u00f3dva alkott\u00e1k meg a meglehet\u0151sen hedonista pisk\u00f3t\u00e1s r\u00e9tegek k\u00f6z\u00e9 z\u00e1rt kr\u00e9mes-\u00e9des fagyib\u00f3l \u00e1ll\u00f3 \u00e9s mindenf\u00e9le morzs\u00e1val, \u00f6ntettel gazdagon ell\u00e1tott fagyidesszerteket. A koncepci\u00f3 az volt, hogy egy hagyom\u00e1nyosabb desszertet, \u00edzt modernebb, \u00fajabb form\u00e1ban mutassanak meg. A k\u00fcl\u00f6nb\u00f6z\u0151 \u00e1llagokra, text\u00far\u00e1kra igaz\u00e1n nem lehet panasz.<\/p>\n<p>Ki ne szeretn\u00e9, ahogy a h\u0171v\u00f6s fagyi lassan beleolvad a pisk\u00f3t\u00e1s r\u00e9tegek k\u00f6z\u00e9?<\/p>\n<p>Az \u00e9dess\u00e9g 12 \u00edzben \u00e9rhet\u0151 el, mindegyiket a fiatal tulajdonosok \u00e1ll\u00edtott\u00e1k \u00f6ssze. Nem meglep\u0151 m\u00f3don turist\u00e1kra is c\u00e9loznak, \u00edgy van a k\u00fcl\u00f6nb\u00f6z\u0151 v\u00e1ltozatok k\u00f6z\u00f6tt t\u00f6bb, amit jellegzetes magyar \u00e9dess\u00e9g ihletett, p\u00e9ld\u00e1ul a csokis-\u00e9getett cukros, dobostort\u00e1ra hajaz\u00f3 v\u00e1ltozat, vagy a van\u00edli\u00e1s-di\u00f3s, ami az aranygalusk\u00e1t id\u00e9zi meg. Mi ezek k\u00f6z\u00fcl a t\u00far\u00f3s-barackos R\u00e1k\u00f3czi-t\u00far\u00f3s verzi\u00f3t k\u00f3stoltuk, friss t\u00far\u00f3s fagyival, pisk\u00f3tar\u00e9teggel \u00e9s gazdag barack\u00edzzel, a tetej\u00e9n ropog\u00f3s habcs\u00f3kkal \u00e9s durv\u00e1ra v\u00e1gott di\u00f3val.\u00a0<\/p>\n<p>                                <img decoding=\"async\" id=\"kep_71373993\" src=\"https:\/\/www.europesays.com\/hu\/wp-content\/uploads\/2026\/09\/71373993_38c662299b5e88a2aeeff214a152e13d_wm.jpg\" alt=\"R\u00e1k\u00f3czi-t\u00far\u00f3s fagyidesszert\" loading=\"lazy\"\/><\/p>\n<p>R\u00e1k\u00f3czi-t\u00far\u00f3s fagyidesszert            (Fot\u00f3: Medgyesi Mil\u00e1n &#8211; We Love Budapest)<\/p>\n<p>                                <img decoding=\"async\" id=\"kep_71374003\" src=\"https:\/\/www.europesays.com\/hu\/wp-content\/uploads\/2026\/09\/71374003_b774996df73dcfa3abbc141796259a32_wm.jpg\" alt=\"Mang\u00f3-k\u00f3kusz-passion fruitos v\u00e1ltozat\" loading=\"lazy\"\/><\/p>\n<p>Mang\u00f3-k\u00f3kusz-passion fruitos v\u00e1ltozat            (Fot\u00f3: Medgyesi Mil\u00e1n &#8211; We Love Budapest)<\/p>\n<p>                                <img decoding=\"async\" id=\"kep_71374007\" src=\"https:\/\/www.europesays.com\/hu\/wp-content\/uploads\/2026\/09\/71374007_d5d1387e250eb7969fe98c36467269f1_wm.jpg\" alt=\"G. more than Gelato 015 Medgyesi Milan 20260901\" loading=\"lazy\"\/><\/p>\n<p>            (Fot\u00f3: Medgyesi Mil\u00e1n &#8211; We Love Budapest)<\/p>\n<p>A kedvenc\u00fcnk azonban v\u00e9g\u00fcl ink\u00e1bb a k\u00f6nnyed \u00e9s gy\u00fcm\u00f6lcs\u00f6s mang\u00f3-k\u00f3kusz-passion fruitos v\u00e1ltozat. A fagyi savanyk\u00e1s ny\u00e1ri \u00edzei \u00e9s a k\u00f3kuszos-mandulalisztes pisk\u00f3ta igaz\u00e1n friss\u00edt\u0151 a melegebb napokon, k\u00f6nnyed, glut\u00e9nmentes finoms\u00e1g a v\u00e9geredm\u00e9ny, ezenk\u00edv\u00fcl lakt\u00f3zmentes opci\u00f3k is vannak. Aki hozz\u00e1m hasonl\u00f3an kev\u00e9sb\u00e9 \u00e9dessz\u00e1j\u00fa, \u00e9s szereti, ha a fagyi \u00e1llag\u00e1ban is van egy kis v\u00e1ltozatoss\u00e1g, szeretni fogja a meggy-\u00e9tcsoki v\u00e1ltozatot savanyk\u00e1s meggyel \u00e9s brownie-val, \u00e9rdemes egy kicsit v\u00e1rni, am\u00edg a csokis s\u00fcti besz\u00edvja kicsit az olvad\u00f3 fagyit. A vend\u00e9gek \u00f3ri\u00e1si kedvence a mascarpone-eper-piszt\u00e1cia \u00edzes\u00edt\u00e9s is, piszt\u00e1ci\u00e1s pisk\u00f3t\u00e1val, ezzel az \u00edzkombin\u00e1ci\u00f3val nem nagyon lehet hib\u00e1zni.\u00a0<\/p>\n<p>                                <img decoding=\"async\" id=\"kep_71374015\" src=\"https:\/\/www.europesays.com\/hu\/wp-content\/uploads\/2026\/09\/71374015_7e1f489dd9fc68253bc2b25ab81aaccf_wm.jpg\" alt=\"G. more than Gelato 026 Medgyesi Milan 20260901\" loading=\"lazy\"\/><\/p>\n<p>            (Fot\u00f3: Medgyesi Mil\u00e1n &#8211; We Love Budapest)<\/p>\n<p>                                <img decoding=\"async\" id=\"kep_71374021\" src=\"https:\/\/www.europesays.com\/hu\/wp-content\/uploads\/2026\/09\/71374021_3a6461acf21d84b41480f5cef9243f26_wm.jpg\" alt=\"G. more than Gelato 022 Medgyesi Milan 20260901\" loading=\"lazy\"\/><\/p>\n<p>            (Fot\u00f3: Medgyesi Mil\u00e1n &#8211; We Love Budapest)<\/p>\n<p>                                <img decoding=\"async\" id=\"kep_71374031\" src=\"https:\/\/www.europesays.com\/hu\/wp-content\/uploads\/2026\/09\/71374031_b3f6b64917acf5d6aaeb12818fbf20bc_wm.jpg\" alt=\"G. more than Gelato 023 Medgyesi Milan 20260901\" loading=\"lazy\"\/><\/p>\n<p>            (Fot\u00f3: Medgyesi Mil\u00e1n &#8211; We Love Budapest)<\/p>\n<p>Az \u00f6sszes hozz\u00e1val\u00f3 \u2013 \u00f6ntetek, sz\u00f3r\u00e1sok, fagyik \u2013 Szeghalmon, a csal\u00e1di cukr\u00e1szd\u00e1ban k\u00e9sz\u00fcl, onnan \u00e9rkezik Pestre. A k\u00edn\u00e1latot nem bonyol\u00edtott\u00e1k t\u00fal: a fagyikon k\u00edv\u00fcl p\u00e1r poh\u00e1rdesszertet v\u00e1s\u00e1rolhatunk, \u00e9s a k\u00e1v\u00e9r\u00f3l is \u00e9rdemes n\u00e9h\u00e1ny sz\u00f3t ejteni. A debreceni Black Sheep p\u00f6rk\u00f6l\u0151b\u0151l \u00e9rkezik, \u00e9s nagyon j\u00f3 k\u00f6z\u00e9p\u00fat azoknak, akik specialty k\u00e1v\u00e9t keresnek, de nem j\u00f6n be nekik a nagyon vil\u00e1gos p\u00f6rk\u00f6l\u00e9s (eszpressz\u00f3 890 Ft). A desszertek nem olcs\u00f3k, az \u00e1rk\u00e9pz\u00e9s viszont nem t\u00fal bonyolult, 2980 Ft-ba ker\u00fcl mindegyik v\u00e1ltozat, ez\u00e9rt el\u00e9g nagy adagot kapunk, \u00e9s az \u00edzek, \u00edzp\u00e1rok is el\u00e9gg\u00e9 rendben vannak.\u00a0<\/p>\n<p>                            <a class=\"gallery-image\" href=\"http:\/\/galeria.welovebudapest.com\/cikk\/2026\/09\/02\/g_more_than_gelato\/\" target=\"galesz71374089\" data-contentid=\"6271351\" data-js-galeria-url=\"https:\/\/galeria.welovebudapest.com\/cikk\/2026\/09\/02\/g_more_than_gelato\/\" data-js-galeria-open-with=\"\" rel=\"nofollow noopener\"><br \/>\n                            <img decoding=\"async\" id=\"kep71374089\" src=\"https:\/\/www.europesays.com\/hu\/wp-content\/uploads\/2026\/09\/71374109_0b124052f120c0f006885a825605e4c4_wm.jpg\" alt=\"\" loading=\"lazy\" width=\"727\" height=\"484\"\/><\/p>\n<p>                        <\/a><\/p>\n<p>                                        Gal\u00e9ria: G. more than Gelato            <\/p>\n<p>Pihen\u00e9st a t\u00e9li id\u0151szakban sem terveznek, maradnak a kr\u00e9mes-pisk\u00f3t\u00e1s text\u00far\u00e1k a k\u00f6z\u00e9ppontban, de nem fagyi form\u00e1ban, kar\u00e1csonykor pedig klasszikus t\u00e9li \u00e9dess\u00e9gek is lesznek. S\u0151t, hamarosan akkor is \u00e9rdemes lesz majd ben\u00e9zni hozz\u00e1juk, ha p\u00e9ks\u00fctit szeretn\u00e9nk reggelire. Azt, hogy pontosan mit jelent a G., azt mindenki d\u00f6ntse el maga, n\u00e1lunk mindenesetre valahol a fagyi, a pisk\u00f3ta \u00e9s a ropog\u00f3s text\u00far\u00e1k tal\u00e1lkoz\u00e1s\u00e1n\u00e1l ker\u00fclt a hely\u00e9re a pont.<\/p>\n<p>\n                           EL\u00c9RHET\u0150S\u00c9GEK\n                        <\/p>\n<p>\n                            G. more than Gelato\n                        <\/p>\n<p>\n                          (Bor\u00edt\u00f3k\u00e9p: Medgyesi Mil\u00e1n \u2013 We Love Budapest)\n                        <\/p>\n<p><a href=\"https:\/\/dex.hu\/x.php?id=googlepref_desktop_welovebudapest&amp;url=https:\/\/google.com\/preferences\/source?q=https:\/\/welovebudapest.com\/\" class=\"google-pref-banner \" id=\"googlePrefBanner\" rel=\"nofollow noopener\" target=\"_blank\"><\/p>\n<p>        \u00c1ll\u00edtsd be a Google keres\u0151j\u00e9t, hogy a tal\u00e1latok k\u00f6z\u00f6tt biztos ott legyen a We Love Budapest!    <\/p>\n<p><\/a><\/p>\n<p>        <img decoding=\"async\" class=\"wlbkonyv-ajanlo_img\" src=\"https:\/\/www.europesays.com\/hu\/wp-content\/uploads\/2026\/09\/1788524725_51_71107885_0d706056e4c2d5770ec30c3bc3ac7603_wm.jpg\" alt=\"\" style=\"\"\/><\/p>\n<p class=\"wlbkonyv-ajanlo_promocio\">hirdet\u00e9s<\/p>\n<p>Folytatn\u00e1d az olvas\u00e1st? Szeretsz mindig k\u00e9pben lenni, \u00e9rdekelnek a leg\u00fajabb budapesti h\u00edrek, t\u00f6rt\u00e9netek? <a target=\"_blank\" href=\"https:\/\/welovebudapest.com\/hirlevel\/feliratkozas\" rel=\"nofollow noopener\">Iratkozz fel heti h\u00edrlevel\u00fcnkre<\/a>, az Insiderre, \u00e9s legy\u00e9l te a t\u00e1rsas\u00e1g ir\u00e1nyt\u0171je, ha \u00e9ttermet, kir\u00e1ndul\u00f3helyet vagy programot kerestek!<\/p>\n<p>                C\u00edmk\u00e9k            <\/p>\n","protected":false},"excerpt":{"rendered":"A Bazilika k\u00f6zel\u00e9ben ny\u00edlt G. more than Gelato els\u0151 pillant\u00e1sra ak\u00e1r egy nemzetk\u00f6zi desszertl\u00e1nc budapesti egys\u00e9g\u00e9nek is t\u0171nhet,&hellip;\n","protected":false},"author":2,"featured_media":232684,"comment_status":"","ping_status":"","sticky":false,"template":"","format":"standard","meta":{"footnotes":"","_share_on_mastodon":"0"},"categories":[22],"tags":[12260,3501,73,800,2559,14337,21468,61370,21469,61368,865,44,42,40,43,41,61369,8119],"class_list":["post-232683","post","type-post","status-publish","format-standard","has-post-thumbnail","category-budapest","tag-bajcsy-zsilinszky-ut","tag-belvaros","tag-budapest","tag-cikkek","tag-cukraszda","tag-desszert","tag-fagyi","tag-fagyidesszert","tag-fagylalt","tag-g-more-than-gelato","tag-gasztro","tag-hu","tag-hungarian","tag-hungary","tag-magyar","tag-magyarorszag","tag-ujhullamos-cukraszda","tag-v-kerulet"],"share_on_mastodon":{"url":"https:\/\/pubeurope.com\/@hu\/117212763327834096","error":""},"_links":{"self":[{"href":"https:\/\/www.europesays.com\/hu\/wp-json\/wp\/v2\/posts\/232683","targetHints":{"allow":["GET"]}}],"collection":[{"href":"https:\/\/www.europesays.com\/hu\/wp-json\/wp\/v2\/posts"}],"about":[{"href":"https:\/\/www.europesays.com\/hu\/wp-json\/wp\/v2\/types\/post"}],"author":[{"embeddable":true,"href":"https:\/\/www.europesays.com\/hu\/wp-json\/wp\/v2\/users\/2"}],"replies":[{"embeddable":true,"href":"https:\/\/www.europesays.com\/hu\/wp-json\/wp\/v2\/comments?post=232683"}],"version-history":[{"count":0,"href":"https:\/\/www.europesays.com\/hu\/wp-json\/wp\/v2\/posts\/232683\/revisions"}],"wp:featuredmedia":[{"embeddable":true,"href":"https:\/\/www.europesays.com\/hu\/wp-json\/wp\/v2\/media\/232684"}],"wp:attachment":[{"href":"https:\/\/www.europesays.com\/hu\/wp-json\/wp\/v2\/media?parent=232683"}],"wp:term":[{"taxonomy":"category","embeddable":true,"href":"https:\/\/www.europesays.com\/hu\/wp-json\/wp\/v2\/categories?post=232683"},{"taxonomy":"post_tag","embeddable":true,"href":"https:\/\/www.europesays.com\/hu\/wp-json\/wp\/v2\/tags?post=232683"}],"curies":[{"name":"wp","href":"https:\/\/api.w.org\/{rel}","templated":true}]}}