{"id":232695,"date":"2026-09-04T12:36:06","date_gmt":"2026-09-04T12:36:06","guid":{"rendered":"https:\/\/www.europesays.com\/hu\/232695\/"},"modified":"2026-09-04T12:36:06","modified_gmt":"2026-09-04T12:36:06","slug":"index-kulfold-beszorult-egy-vasuti-atjaroba-a-kamionos-majd-addig-probalkozott-a-kijutassal-amig-le-nem-tarolta-az-erkezo-vonat","status":"publish","type":"post","link":"https:\/\/www.europesays.com\/hu\/232695\/","title":{"rendered":"Index &#8211; K\u00fclf\u00f6ld &#8211; Beszorult egy vas\u00fati \u00e1tj\u00e1r\u00f3ba a kamionos, majd addig pr\u00f3b\u00e1lkozott a kijut\u00e1ssal, am\u00edg le nem tarolta az \u00e9rkez\u0151 vonat"},"content":{"rendered":"<p>\n                K\u00e9t soromp\u00f3 k\u00f6z\u00e9 szorult egy kamionos Lengyelorsz\u00e1gban. A sof\u0151r nem tudta megoldani a kialakult helyzetet, mivel balr\u00f3l letarolta a j\u00e1rm\u0171vet az \u00e9rkez\u0151 vonat. A baleset k\u00f6vetkezt\u00e9ben senki sem s\u00e9r\u00fclt meg.            <\/p>\n<p>Egy kamion \u00e9ppen egy lengyelorsz\u00e1gi vas\u00fati keresztez\u0151d\u00e9sen pr\u00f3b\u00e1lt \u00e1thaladni, azonban pont akkor ereszkedtek le a soromp\u00f3k, amikor a sof\u0151r m\u00e9g ott tart\u00f3zkodott, ez\u00e9rt beszorult a soromp\u00f3k k\u00f6z\u00e9 \u2013 jelezte egy cs\u00fct\u00f6rt\u00f6ki\u00a0<a href=\"https:\/\/x.com\/PiotrMalepszak\/status\/2095501212208517557\" id=\"hyperlink_f4ac45ef9c59f47fa5ff0f8ed02ddc80\" rel=\"nofollow\" target=\"_blank\">X-vide\u00f3ban<\/a> Piotr Malepszak.<\/p>\n<p>A vide\u00f3n j\u00f3l l\u00e1that\u00f3, hogy a kamionos el\u0151sz\u00f6r meg\u00e1llt, majd elkezdett tolatni. Ennek k\u00f6vetkezt\u00e9ben let\u00f6rte a h\u00e1ts\u00f3 soromp\u00f3t, majd ism\u00e9t a meg\u00e1ll\u00e1s mellett d\u00f6nt\u00f6tt. T\u00f6bb alkalommal m\u00e9g az ajt\u00f3t is kinyitotta a sof\u0151r, hogy felm\u00e9rje a terepet.<\/p>\n<p>Ezt k\u00f6vet\u0151en nagy lend\u00fclettel megindult el\u0151re, azonban balr\u00f3l meg\u00e9rkezett a tczew\u2013GDansk vonalon k\u00f6zleked\u0151 vonat, \u00e9s letarolta a kamiont.\u00a0<\/p>\n<p>\u201e\u00dajabb, \u00bbfill\u00e9rek\u00e9rt szerzett\u00ab jogos\u00edtv\u00e1nnyal rendelkez\u0151 kamionsof\u0151r hagyta figyelmen k\u00edv\u00fcl a k\u00f6zeled\u0151 vonatra figyelmeztet\u0151 jelz\u00e9st, majd p\u00e1nikba esett, \u00e9s meg\u00e1llt a vas\u00fati \u00e1tj\u00e1r\u00f3 soromp\u00f3ja el\u0151tt. Nincsenek szavak az ilyenkor tan\u00fas\u00edtott elk\u00e9peszt\u0151 meggondolatlans\u00e1gra\u201d \u2013 fogalmazott a vas\u00fat\u00e9rt felel\u0151s lengyel miniszterhelyettes.\u00a0<\/p>\n<p>Az incidensben senki sem s\u00e9r\u00fclt meg, ugyanakkor a vonalon jelent\u0151s k\u00e9s\u00e9sek alakultak ki.\u00a0<\/p>\n<p><a href=\"https:\/\/dex.hu\/x.php?id=googlepref_desktop&amp;url=https:\/\/google.com\/preferences\/source?q=https:\/\/index.hu\" class=\"google-pref-banner \" id=\"googlePrefBanner\" rel=\"nofollow noopener\" target=\"_blank\"><\/p>\n<p>    Itt \u00e1ll\u00edtsa be, hogy az Index az els\u0151k k\u00f6z\u00f6tt legyen a Google-tal\u00e1latokban!<\/p>\n<p><\/a><\/p>\n<p>    <img decoding=\"async\" src=\"https:\/\/index.hu\/assets\/images\/social-follow\/logo-big.svg\" alt=\"Index.hu logo\"\/><\/p>\n<p>K\u00f6vesse az Indexet Facebookon is!<\/p>\n<p>    <a href=\"https:\/\/facebook.com\/Indexhu\" target=\"_blank\" rel=\"nofollow noopener\"><\/p>\n<p>        K\u00f6vetem!<br \/>\n    <\/a><\/p>\n","protected":false},"excerpt":{"rendered":"K\u00e9t soromp\u00f3 k\u00f6z\u00e9 szorult egy kamionos Lengyelorsz\u00e1gban. A sof\u0151r nem tudta megoldani a kialakult helyzetet, mivel balr\u00f3l letarolta&hellip;\n","protected":false},"author":2,"featured_media":232696,"comment_status":"","ping_status":"","sticky":false,"template":"","format":"standard","meta":{"footnotes":"","_share_on_mastodon":"0"},"categories":[8],"tags":[469,26285,42,7413,64,526,43,34,61375,13619,61374,94,3403,93,92],"class_list":["post-232695","post","type-post","status-publish","format-standard","has-post-thumbnail","category-vilag","tag-baleset","tag-gdansk","tag-hungarian","tag-kamion","tag-kulfold","tag-lengyelorszag","tag-magyar","tag-news","tag-piotr-malepszak","tag-sorompo","tag-tczew","tag-vilag","tag-vonat","tag-world","tag-world-news"],"share_on_mastodon":{"url":"https:\/\/pubeurope.com\/@hu\/117212806898403016","error":""},"_links":{"self":[{"href":"https:\/\/www.europesays.com\/hu\/wp-json\/wp\/v2\/posts\/232695","targetHints":{"allow":["GET"]}}],"collection":[{"href":"https:\/\/www.europesays.com\/hu\/wp-json\/wp\/v2\/posts"}],"about":[{"href":"https:\/\/www.europesays.com\/hu\/wp-json\/wp\/v2\/types\/post"}],"author":[{"embeddable":true,"href":"https:\/\/www.europesays.com\/hu\/wp-json\/wp\/v2\/users\/2"}],"replies":[{"embeddable":true,"href":"https:\/\/www.europesays.com\/hu\/wp-json\/wp\/v2\/comments?post=232695"}],"version-history":[{"count":0,"href":"https:\/\/www.europesays.com\/hu\/wp-json\/wp\/v2\/posts\/232695\/revisions"}],"wp:featuredmedia":[{"embeddable":true,"href":"https:\/\/www.europesays.com\/hu\/wp-json\/wp\/v2\/media\/232696"}],"wp:attachment":[{"href":"https:\/\/www.europesays.com\/hu\/wp-json\/wp\/v2\/media?parent=232695"}],"wp:term":[{"taxonomy":"category","embeddable":true,"href":"https:\/\/www.europesays.com\/hu\/wp-json\/wp\/v2\/categories?post=232695"},{"taxonomy":"post_tag","embeddable":true,"href":"https:\/\/www.europesays.com\/hu\/wp-json\/wp\/v2\/tags?post=232695"}],"curies":[{"name":"wp","href":"https:\/\/api.w.org\/{rel}","templated":true}]}}