{"id":232697,"date":"2026-09-04T12:37:14","date_gmt":"2026-09-04T12:37:14","guid":{"rendered":"https:\/\/www.europesays.com\/hu\/232697\/"},"modified":"2026-09-04T12:37:14","modified_gmt":"2026-09-04T12:37:14","slug":"index-belfold-a-rendorseg-elkapta-a-soroksari-uti-tragediat-okozo-34-eves-ferfit","status":"publish","type":"post","link":"https:\/\/www.europesays.com\/hu\/232697\/","title":{"rendered":"Index &#8211; Belf\u00f6ld &#8211; A rend\u0151rs\u00e9g elkapta a Soroks\u00e1ri \u00fati trag\u00e9di\u00e1t okoz\u00f3 34 \u00e9ves f\u00e9rfit"},"content":{"rendered":"<p>                <a href=\"https:\/\/index.hu\/szerzo\/barta_lorant\" rel=\"nofollow noopener\" target=\"_blank\"><br \/>\n                        <img decoding=\"async\" class=\"szerzo-kep\" src=\"https:\/\/www.europesays.com\/hu\/wp-content\/uploads\/2026\/09\/1788525434_711_57790345_4275703_2d6b9199f29a250226bab3f43e69164c_wm.jpg\" alt=\"Barta L\u00f3r\u00e1nt\"\/><br \/>\n                <\/a><\/p>\n<p>\n                \u0150rizetbe vette \u00e9s letart\u00f3ztat\u00e1s\u00e1t kezdem\u00e9nyezte a rend\u0151rs\u00e9g a Soroks\u00e1ri \u00fati hal\u00e1los baleset 34 \u00e9ves gyan\u00fas\u00edtottj\u00e1nak, akin\u00e9l a helysz\u00ednen elv\u00e9gzett k\u00e1b\u00edt\u00f3szergyorsteszt pozit\u00edv lett. A szerd\u00e1n reggel t\u00f6rt\u00e9nt front\u00e1lis \u00fctk\u00f6z\u00e9sben a v\u00e9tlen sof\u0151r \u00e9let\u00e9t vesztette, utasa s\u00falyosan megs\u00e9r\u00fclt.            <\/p>\n<p>\u0150rizetbe vett\u00e9k a Soroks\u00e1ri \u00fati hal\u00e1los baleset gyan\u00fas\u00edtottj\u00e1t; a Budapesti Rend\u0151r-f\u0151kapit\u00e1nys\u00e1g (BRFK) hal\u00e1lt okoz\u00f3, b\u00f3dult \u00e1llapotban elk\u00f6vetett j\u00e1rm\u0171vezet\u00e9s miatt hallgatta ki a 34 \u00e9ves sof\u0151rt, \u00e9s kezdem\u00e9nyezte letart\u00f3ztat\u00e1s\u00e1t \u2013 k\u00f6z\u00f6lte a rend\u0151rs\u00e9g p\u00e9nteken a <a href=\"https:\/\/www.police.hu\/hu\/hirek-es-informaciok\/legfrissebb-hireink\/kozlekedesrendeszet\/orizetben-a-soroksari-uti-halalos\" id=\"hyperlink_b9bb9428acc93f653c61d5cc2753fd84\" rel=\"nofollow noopener\" target=\"_blank\">police.hu<\/a> oldalon.<\/p>\n<p>A nyomoz\u00e1s eddigi adatai szerint szeptember 3-\u00e1n 6 \u00f3ra k\u00f6r\u00fcl egy szem\u00e9lyaut\u00f3 Budapest IX. ker\u00fclet\u00e9ben a Soroks\u00e1ri \u00faton a Szabadkai \u00fat ir\u00e1ny\u00e1ba hajtott, amikor eddig tiszt\u00e1zatlan okb\u00f3l \u00e1tt\u00e9rt a szemk\u00f6zti oldalra, ahol \u00f6ssze\u00fctk\u00f6z\u00f6tt egy m\u00e1sik aut\u00f3val; az ut\u00f3bbi j\u00e1rm\u0171 az \u00fctk\u00f6z\u00e9s k\u00f6vetkezt\u00e9ben az \u00fatpadk\u00e1nak, majd egy parkol\u00e1st g\u00e1tl\u00f3 oszlopnak csap\u00f3dott \u2013 \u00edrt\u00e1k.<\/p>\n<p>A baleset k\u00f6vetkezt\u00e9ben a v\u00e9tlen sof\u0151r, egy 62 \u00e9ves f\u00e9rfi a helysz\u00ednen \u00e9let\u00e9t vesztette, utas\u00e1t a ment\u0151k s\u00falyos s\u00e9r\u00fcl\u00e9sekkel vitt\u00e9k k\u00f3rh\u00e1zba, a m\u00e1sik aut\u00f3 vezet\u0151je \u00e9s utasa az els\u0151dleges adatok szerint k\u00f6nny\u0171 s\u00e9r\u00fcl\u00e9st szenvedett.<\/p>\n<p>Mint \u00edrt\u00e1k, a baleset felt\u00e9telezett okoz\u00f3j\u00e1val, a 34 \u00e9ves f\u00e9rfival szemben alkalmazott k\u00e1b\u00edt\u00f3szergyorsteszt pozit\u00edv lett.<\/p>\n<p>A rend\u0151r\u00f6k a helysz\u00ednen szeml\u00e9t tartottak, lefoglalt\u00e1k a balesetben \u00e9rintett j\u00e1rm\u0171veket, valamint beszerezt\u00e9k \u00e9s elemezt\u00e9k a t\u00e9rfigyel\u0151 kamer\u00e1k felv\u00e9teleit. Mivel a f\u00e9rfin\u00e1l \u00e9s utas\u00e1n\u00e1l is felmer\u00fclt a k\u00e1b\u00edt\u00f3szer-fogyaszt\u00e1s gyan\u00faja, mindkett\u0151j\u00fckt\u0151l mint\u00e1t vettek.<\/p>\n<p>K\u00f6z\u00f6lt\u00e9k azt is, hogy a f\u00e9rfi a kihallgat\u00e1sa sor\u00e1n nem tett vallom\u00e1st, a gyan\u00fas\u00edt\u00e1s ellen nem \u00e9lt panasszal; a nyomoz\u00f3k \u0151rizetbe vett\u00e9k, \u00e9s kezdem\u00e9nyezt\u00e9k letart\u00f3ztat\u00e1s\u00e1t.<\/p>\n<p>A baleset k\u00f6r\u00fclm\u00e9nyeit a BRFK szak\u00e9rt\u0151k bevon\u00e1s\u00e1val vizsg\u00e1lja \u2013 \u00e1ll a k\u00f6zlem\u00e9nyben.<\/p>\n<p><a href=\"https:\/\/dex.hu\/x.php?id=googlepref_desktop&amp;url=https:\/\/google.com\/preferences\/source?q=https:\/\/index.hu\" class=\"google-pref-banner \" id=\"googlePrefBanner\" rel=\"nofollow noopener\" target=\"_blank\"><\/p>\n<p>    Itt \u00e1ll\u00edtsa be, hogy az Index az els\u0151k k\u00f6z\u00f6tt legyen a Google-tal\u00e1latokban!<\/p>\n<p><\/a><\/p>\n<p>    <img decoding=\"async\" src=\"https:\/\/index.hu\/assets\/images\/social-follow\/logo-big.svg\" alt=\"Index.hu logo\"\/><\/p>\n<p>K\u00f6vesse az Indexet Facebookon is!<\/p>\n<p>    <a href=\"https:\/\/facebook.com\/Indexhu\" target=\"_blank\" rel=\"nofollow noopener\"><\/p>\n<p>        K\u00f6vetem!<br \/>\n    <\/a><\/p>\n","protected":false},"excerpt":{"rendered":"\u0150rizetbe vette \u00e9s letart\u00f3ztat\u00e1s\u00e1t kezdem\u00e9nyezte a rend\u0151rs\u00e9g a Soroks\u00e1ri \u00fati hal\u00e1los baleset 34 \u00e9ves gyan\u00fas\u00edtottj\u00e1nak, akin\u00e9l a helysz\u00ednen&hellip;\n","protected":false},"author":2,"featured_media":232698,"comment_status":"","ping_status":"","sticky":false,"template":"","format":"standard","meta":{"footnotes":"","_share_on_mastodon":"0"},"categories":[6],"tags":[469,80,73,152,4450,44,42,40,70,43,41,79,6238],"class_list":["post-232697","post","type-post","status-publish","format-standard","has-post-thumbnail","category-magyarorszag","tag-baleset","tag-belfold","tag-budapest","tag-ce-napi","tag-gyanusitott","tag-hu","tag-hungarian","tag-hungary","tag-kabitoszer","tag-magyar","tag-magyarorszag","tag-orizetbe-vetel","tag-soroksari-ut"],"share_on_mastodon":{"url":"https:\/\/pubeurope.com\/@hu\/117212810291190060","error":""},"_links":{"self":[{"href":"https:\/\/www.europesays.com\/hu\/wp-json\/wp\/v2\/posts\/232697","targetHints":{"allow":["GET"]}}],"collection":[{"href":"https:\/\/www.europesays.com\/hu\/wp-json\/wp\/v2\/posts"}],"about":[{"href":"https:\/\/www.europesays.com\/hu\/wp-json\/wp\/v2\/types\/post"}],"author":[{"embeddable":true,"href":"https:\/\/www.europesays.com\/hu\/wp-json\/wp\/v2\/users\/2"}],"replies":[{"embeddable":true,"href":"https:\/\/www.europesays.com\/hu\/wp-json\/wp\/v2\/comments?post=232697"}],"version-history":[{"count":0,"href":"https:\/\/www.europesays.com\/hu\/wp-json\/wp\/v2\/posts\/232697\/revisions"}],"wp:featuredmedia":[{"embeddable":true,"href":"https:\/\/www.europesays.com\/hu\/wp-json\/wp\/v2\/media\/232698"}],"wp:attachment":[{"href":"https:\/\/www.europesays.com\/hu\/wp-json\/wp\/v2\/media?parent=232697"}],"wp:term":[{"taxonomy":"category","embeddable":true,"href":"https:\/\/www.europesays.com\/hu\/wp-json\/wp\/v2\/categories?post=232697"},{"taxonomy":"post_tag","embeddable":true,"href":"https:\/\/www.europesays.com\/hu\/wp-json\/wp\/v2\/tags?post=232697"}],"curies":[{"name":"wp","href":"https:\/\/api.w.org\/{rel}","templated":true}]}}