{"id":232701,"date":"2026-09-04T12:39:15","date_gmt":"2026-09-04T12:39:15","guid":{"rendered":"https:\/\/www.europesays.com\/hu\/232701\/"},"modified":"2026-09-04T12:39:15","modified_gmt":"2026-09-04T12:39:15","slug":"freddie-mercury-80","status":"publish","type":"post","link":"https:\/\/www.europesays.com\/hu\/232701\/","title":{"rendered":"Freddie Mercury 80"},"content":{"rendered":"<p>\n                        A Madame Tussauds Budapest tematikus esttel tiszteleg a zenei ikon eml\u00e9ke el\u0151tt.                    <\/p>\n<p>A magyar f\u0151v\u00e1rosban is meg\u00fcnneplik <a href=\"https:\/\/port.hu\/adatlap\/szemely\/freddie-mercury\/person-150274\" rel=\"nofollow noopener\" target=\"_blank\">Freddie Mercury<\/a> 80. sz\u00fclet\u00e9snapj\u00e1t. A <a href=\"https:\/\/port.hu\/helyszin\/kiallitas\/madame-tussauds-budapest\/place-25642\" rel=\"nofollow noopener\" target=\"_blank\">Madame Tussauds Budapest<\/a> szeptember 5-\u00e9n rendezi meg a <a href=\"https:\/\/port.hu\/esemeny\/zene\/ejszaka-a-muzeumban-magical-freddie-mercury-night-dont-stop-me-now\/event-6275534?section=koncert&amp;title=ejszaka-a-muzeumban-magical-freddie-mercury-night-dont-stop-me-now&amp;id=event-6275534\" rel=\"nofollow noopener\" target=\"_blank\">Magical Freddie Mercury Night \u2013 Don\u2019t Stop Me Now<\/a> estet. A kultikus \u00e9nekes \u00e9s dalszerz\u0151 1946. szeptember 5-\u00e9n, indiai sz\u00fcl\u0151k gyermekek\u00e9nt l\u00e1tta meg a napvil\u00e1got Zanzib\u00e1ron, \u00e9s innen futott be p\u00e1ratlanul gazdag, de f\u00e1jdalmasan r\u00f6vid utat.<\/p>\n<p>&#13;<br \/>\n<img decoding=\"async\" src=\"https:\/\/www.europesays.com\/hu\/wp-content\/uploads\/2026\/09\/028.webp\" alt=\"\" caption=\"true\" captiontext=\"Forr\u00e1s: Madame Tussauds Budapest\"\/>Forr\u00e1s: Madame Tussauds Budapest<\/p>\n<p>Freddie Mercury m\u00e1r 1991 novembere \u00f3ta nincs vel\u00fcnk, dalai azonban m\u00e1ig a vil\u00e1g leghallgatottabb rock himnuszai. Az \u00e9nekes a ma Tanz\u00e1ni\u00e1hoz tartoz\u00f3 Zanzib\u00e1r sziget\u00e9n sz\u00fcletett Farrokh Bulsara n\u00e9ven indiai sz\u00e1rmaz\u00e1s\u00fa sz\u00fcl\u0151k gyermekek\u00e9nt. Csal\u00e1dj\u00e1val 18 \u00e9vesen k\u00f6lt\u00f6z\u00f6tt Nagy-Britanni\u00e1ba, ahol Brian May \u00e9s Roger Taylor t\u00e1rsas\u00e1g\u00e1ban megalap\u00edtotta a Queen egy\u00fcttest. \u201eGreatest Hits\u201d c\u00edm\u0171 albumuk minden id\u0151k legt\u00f6bb p\u00e9ld\u00e1nyban elkelt lemeze lett az Egyes\u00fclt Kir\u00e1lys\u00e1gban &#8211; t\u00f6bb mint 6 milli\u00f3 darabot adtak el bel\u0151le. 1985-\u00f6s fell\u00e9p\u00e9s\u00fcket a Live Aid koncerten a vil\u00e1g valaha volt legjobb rockkoncertj\u00e9nek v\u00e1lasztott\u00e1k a zeneipari szak\u00e9rt\u0151k.<\/p>\n<p>&#13;<\/p>\n<p>Az els\u0151 Madame Tussauds figur\u00e1t m\u00e9g az \u00e9nekes \u00e9let\u00e9ben, 1989-ben k\u00e9sz\u00edtett\u00e9k Freddie Mercuryr\u00f3l. A Budapesten l\u00e1that\u00f3 viaszm\u00e1s a 250 \u00e9ves brand London melletti m\u0171hely\u00e9b\u0151l ker\u00fclt ki \u00e9s a sz\u00ednpadon \u00f6r\u00f6k\u00edti meg a vil\u00e1gszt\u00e1rt. A budapesti figura k\u00fcl\u00f6nlegess\u00e9ge, hogy a h\u00e1tter\u00e9ben l\u00e1that\u00f3 a korabeli N\u00e9pstadion \u00e9s a rajong\u00f3k a Tavaszi sz\u00e9l vizet \u00e1raszt c\u00edm\u0171 n\u00e9pdalt is el\u00e9nekelhetik a szt\u00e1rral.<\/p>\n<p>&#13;<br \/>\n<img decoding=\"async\" src=\"https:\/\/www.europesays.com\/hu\/wp-content\/uploads\/2026\/09\/030.webp\" alt=\"\" caption=\"true\" captiontext=\"Forr\u00e1s: Madame Tussauds Budapest\"\/>Forr\u00e1s: Madame Tussauds Budapest<\/p>\n<p>A <a href=\"https:\/\/port.hu\/helyszin\/kiallitas\/madame-tussauds-budapest\/place-25642\" rel=\"nofollow noopener\" target=\"_blank\">Madame Tussauds Budapest<\/a> tematikus esttel, kv\u00edzzel \u00e9s zenei produkci\u00f3kkal \u00e1ll\u00edt eml\u00e9ket az ikonnak. Szeptember 5-\u00e9n egy komolyzenei du\u00f3 \u00e9s egy basszusgit\u00e1ros el\u0151ad\u00f3 is megsz\u00f3laltatja a Queen-sl\u00e1gereket. Az attrakci\u00f3 interakt\u00edv k\u00e1v\u00e9z\u00f3j\u00e1ban, a Selfie Spot &amp; Caf\u00e9ban eg\u00e9sz este Queen playlist sz\u00f3l majd \u00e9s term\u00e9szetesen b\u00e1rki k\u00e9sz\u00edthet k\u00f6z\u00f6s k\u00e9pet a zenet\u00f6rt\u00e9nelem egyik legnagyobb alakj\u00e1nak \u00e9leth\u0171 figur\u00e1j\u00e1val. Egy relikvia is \u00e9rkezik a Dorottya utc\u00e1ba: a brit nagyk\u00f6vets\u00e9g elhozza h\u00edres vend\u00e9gk\u00f6nyv\u00e9t, amelybe a Queen tagjai 1986. j\u00falius\u00e1ban a tisztelet\u00fckre tartott fogad\u00e1s k\u00f6zben a saj\u00e1t kez\u00fckkel \u00edrtak p\u00e1r sort. Az \u00c9jszaka a m\u00fazeumban programsorozat r\u00e9szek\u00e9nt megval\u00f3sul\u00f3 Freddie-est keret\u00e9ben a l\u00e1togat\u00f3k term\u00e9szetesen a teljes attrakci\u00f3t megtekinthetik.<\/p>\n<p>                <a href=\"https:\/\/google.com\/preferences\/source?q=https:\/\/port.hu\" target=\"_blank\" class=\"google-pref-banner\" id=\"googlePrefBanner\" rel=\"nofollow noopener\"><br \/>\n                    <img loading=\"lazy\" decoding=\"async\" src=\"https:\/\/port.hu\/img\/svg\/google-logo.svg\" width=\"52\" height=\"52\"\/><br \/>\n                    Itt \u00e1ll\u00edtsa be, hogy a Port az els\u0151k k\u00f6z\u00f6tt legyen a Google-tal\u00e1latokban!<\/p>\n<p>                <\/a><\/p>\n","protected":false},"excerpt":{"rendered":"A Madame Tussauds Budapest tematikus esttel tiszteleg a zenei ikon eml\u00e9ke el\u0151tt. A magyar f\u0151v\u00e1rosban is meg\u00fcnneplik Freddie&hellip;\n","protected":false},"author":2,"featured_media":232702,"comment_status":"","ping_status":"","sticky":false,"template":"","format":"standard","meta":{"footnotes":"","_share_on_mastodon":"0"},"categories":[22],"tags":[73,6985,61376,44,42,40,18547,35602,715,43,41,177],"class_list":["post-232701","post","type-post","status-publish","format-standard","has-post-thumbnail","category-budapest","tag-budapest","tag-fesztival","tag-freddie-mercury-80","tag-hu","tag-hungarian","tag-hungary","tag-kult","tag-madame-tussauds-budapest","tag-magazin","tag-magyar","tag-magyarorszag","tag-zene"],"share_on_mastodon":{"url":"https:\/\/pubeurope.com\/@hu\/117212818221076851","error":""},"_links":{"self":[{"href":"https:\/\/www.europesays.com\/hu\/wp-json\/wp\/v2\/posts\/232701","targetHints":{"allow":["GET"]}}],"collection":[{"href":"https:\/\/www.europesays.com\/hu\/wp-json\/wp\/v2\/posts"}],"about":[{"href":"https:\/\/www.europesays.com\/hu\/wp-json\/wp\/v2\/types\/post"}],"author":[{"embeddable":true,"href":"https:\/\/www.europesays.com\/hu\/wp-json\/wp\/v2\/users\/2"}],"replies":[{"embeddable":true,"href":"https:\/\/www.europesays.com\/hu\/wp-json\/wp\/v2\/comments?post=232701"}],"version-history":[{"count":0,"href":"https:\/\/www.europesays.com\/hu\/wp-json\/wp\/v2\/posts\/232701\/revisions"}],"wp:featuredmedia":[{"embeddable":true,"href":"https:\/\/www.europesays.com\/hu\/wp-json\/wp\/v2\/media\/232702"}],"wp:attachment":[{"href":"https:\/\/www.europesays.com\/hu\/wp-json\/wp\/v2\/media?parent=232701"}],"wp:term":[{"taxonomy":"category","embeddable":true,"href":"https:\/\/www.europesays.com\/hu\/wp-json\/wp\/v2\/categories?post=232701"},{"taxonomy":"post_tag","embeddable":true,"href":"https:\/\/www.europesays.com\/hu\/wp-json\/wp\/v2\/tags?post=232701"}],"curies":[{"name":"wp","href":"https:\/\/api.w.org\/{rel}","templated":true}]}}