{"id":232741,"date":"2026-09-04T13:13:13","date_gmt":"2026-09-04T13:13:13","guid":{"rendered":"https:\/\/www.europesays.com\/hu\/232741\/"},"modified":"2026-09-04T13:13:13","modified_gmt":"2026-09-04T13:13:13","slug":"sydney-sweeney-meztelenruhaban-perzselte-fel-velence-utcait","status":"publish","type":"post","link":"https:\/\/www.europesays.com\/hu\/232741\/","title":{"rendered":"Sydney Sweeney meztelenruh\u00e1ban perzselte fel Velence utc\u00e1it"},"content":{"rendered":"<p>Csak \u00fagy vonzotta a tekinteteket Sydney Sweeney. A 28 \u00e9ves sz\u00edn\u00e9szn\u0151 jelenleg Velenc\u00e9ben tart\u00f3zkodik, ahova elk\u00eds\u00e9rte \u0151t kedvese, Scooter Braun is. A lesifot\u00f3sok ez\u00fattal az utc\u00e1n kapt\u00e1k lencsev\u00e9gre \u0151ket.<\/p>\n<p>        Mer\u00e9sz szettet v\u00e1lasztott<\/p>\n<p>Le sem tagadhatn\u00e1k, mennyire szerelmesek egym\u00e1sba: <a href=\"https:\/\/www.glamour.hu\/cimke\/sydney-sweeney\" id=\"bf65282d-2139-4fd7-be4c-e0fc0c02fea9\" rel=\"nofollow noopener\" target=\"_blank\">Sydney Sweeneyt<\/a> \u00e9s p\u00e1rj\u00e1t, Scooter Braunt k\u00e9zen fogva fot\u00f3zt\u00e1k le <a href=\"https:\/\/femina.hu\/cimke\/velencei-filmfesztiv%C3%A1l\/\" id=\"ec748b2e-1774-4fe9-96f4-fd20be4c10d2\" target=\"_blank\" rel=\"nofollow noopener\">Velence <\/a>utc\u00e1in. A 28 \u00e9ves amerikai sz\u00edn\u00e9szn\u0151 egy csillog\u00f3, h\u00e1tul nyitott, flitteres ruh\u00e1t viselt, amely meglehet\u0151sen \u00e1ttetsz\u0151 volt, kiss\u00e9 \u00e1tsejlett benne a bugyija \u00e9s a mellbimb\u00f3ja is. Hossz\u00fa, sz\u0151ke haj\u00e1t hagyta v\u00e1llaira omlani.<\/p>\n<p>45 \u00e9ves kedvese egy eleg\u00e1ns fekete \u00f6lt\u00f6nyt \u00e9s feh\u00e9r inget vett fel. \u00c9pp az <a href=\"https:\/\/www.glamour.hu\/cimke\/giorgio-armani\" id=\"91de6cba-e1e4-4c50-98ac-b87b93acf278\" rel=\"nofollow noopener\" target=\"_blank\">Armani <\/a>Beauty vacsor\u00e1j\u00e1ra igyekeztek, vid\u00e1man besz\u00e9lgettek \u00e9s mosolyogva egym\u00e1sra pillantgattak, amikor a lesifot\u00f3sok elcs\u00edpt\u00e9k \u0151ket. A p\u00e1ros egy\u00e9bk\u00e9nt igyekszik kihaszn\u00e1lni, hogy \u00e9pp a vil\u00e1g egyik legromantikusabb v\u00e1ros\u00e1ban vannak, a minap gondol\u00e1ban \u00fclve, cs\u00f3kol\u00f3zva kapt\u00e1k lencsev\u00e9gre \u0151ket.<\/p>\n<p>                <a class=\"position-absolute pinterestImgShare\" href=\"https:\/\/pinterest.com\/pin\/create\/button\/?url=https:\/\/image.glamour.hu\/1\/Ex0k9kpTURBXy8wMjYwN2ZlYmQ2YmIzYjA0NjYyYjNhMWNkMmYyZDQ0Ni5qcGeQ3gABoTAF&amp;media=https:\/\/image.glamour.hu\/1\/Ex0k9kpTURBXy8wMjYwN2ZlYmQ2YmIzYjA0NjYyYjNhMWNkMmYyZDQ0Ni5qcGeQ3gABoTAF\" aria-label=\"Pinterest\" target=\"_blank\" rel=\"noopener nofollow\"><\/p>\n<p>                <\/a><\/p>\n<p>                    <a href=\"https:\/\/image.glamour.hu\/1\/Ex0k9kpTURBXy8wMjYwN2ZlYmQ2YmIzYjA0NjYyYjNhMWNkMmYyZDQ0Ni5qcGeQ3gABoTAF\" data-lightbox=\"\" data-title=\"Sydney Sweeney ebben az \u00e1ttetsz\u0151 szettben ment az Armani Beauty vacsor\u00e1ra p\u00e1rj\u00e1val\" data-alt=\"Sydney Sweeney ebben az \u00e1ttetsz\u0151 szettben ment az Armani Beauty vacsor\u00e1ra p\u00e1rj\u00e1val\" rel=\"nofollow noopener\" target=\"_blank\"><\/p>\n<p>                                <img decoding=\"async\" src=\"https:\/\/www.europesays.com\/hu\/wp-content\/uploads\/2026\/09\/hU4ktkpTURBXy8wMjYwN2ZlYmQ2YmIzYjA0NjYyYjNhMWNkMmYyZDQ0Ni5qcGeRlQLNA8YAwsM.jpeg\" class=\"img-fluid d-block\" alt=\"Sydney Sweeney ebben az \u00e1ttetsz\u0151 szettben ment az Armani Beauty vacsor\u00e1ra p\u00e1rj\u00e1val\"\/><\/p>\n<p>                    <\/a><\/p>\n<p>\n                        Sydney Sweeney ebben az \u00e1ttetsz\u0151 szettben ment az Armani Beauty vacsor\u00e1ra p\u00e1rj\u00e1val\n                    <\/p>\n<p>\n                        Fot\u00f3: Profimedia\n                    <\/p>\n<p>\t<a class=\"article_recommendation_link\" href=\"https:\/\/www.glamour.hu\/sztarok\/sydney-sweeney-velencei-filmfesztival-pucerfelso\/n1by25d?ca_ei&amp;length=12&amp;blockIndex=8&amp;pubId=egcqhrd\" target=\"_blank\" rel=\"nofollow noopener\"><\/p>\n<p class=\"flex-shrink-0\">\n<p>\t\t\t\t\tSydney Sweeney puc\u00e9rfels\u0151ben \u00e9rkezett a Velencei Filmfesztiv\u00e1lra, csak \u00fagy \u00e1rad bel\u0151le a sikk<\/p>\n<p>\t\t\t\t\t\t\t<img decoding=\"async\" class=\"col-lg-12 px-0 img-fluid lazyload\" src=\"https:\/\/www.europesays.com\/hu\/wp-content\/uploads\/2026\/09\/uDEktlyaHR0cHM6Ly9pbWFnZS5nbGFtb3VyLmh1LzEvVFA0a3RrcFRVUkJYeTh3Tm1VeFpHSTJNREl5TWpZMllUUm1ZalZoWW1Oa.jpeg\" alt=\"Sydney Sweeney puc\u00e9rfels\u0151ben \u00e9rkezett a Velencei Filmfesztiv\u00e1lra, csak \u00fagy \u00e1rad bel\u0151le a sikk\"\/><\/p>\n<p>\t<\/a><\/p>\n<p>        J\u00f3l kij\u00f6n p\u00e1rja gyermekeivel is<\/p>\n<p>A <a href=\"https:\/\/www.dailymail.com\/tvshowbiz\/article-16103487\/Sydney-Sweeney-Armani-Beauty-Venice-Film-Festival.html\" id=\"2d564693-8d05-4427-9e89-ed357da85777\" rel=\"nofollow noopener\" target=\"_blank\">Daily Mail <\/a>azt \u00edrja, a velencei utaz\u00e1suk el\u0151tt Sydney Sweeney-t Los Angelesben l\u00e1tt\u00e1k Scooter Braun t\u00e1rsas\u00e1g\u00e1ban, akivel tavaly<a href=\"https:\/\/www.glamour.hu\/sztarhirek\/sydney-sweeney-scooter-braun-randi\/dvy7cgy\" id=\"5c371c83-a692-4807-8af4-f330a84f6afb\" rel=\"nofollow noopener\" target=\"_blank\"> szeptember \u00f3ta<\/a> alkotnak egy p\u00e1rt. Akkor csatlakozott hozz\u00e1juk a f\u00e9rfi h\u00e1rom gyermeke \u2013 a 11 \u00e9ves Jagger Joseph, a 9 \u00e9ves Levi Magnus \u00e9s a 7 \u00e9ves Hart Violet \u2013, akiket exfeles\u00e9g\u00e9vel, Yael Cohennel k\u00f6z\u00f6sen nevel.<\/p>\n<p>A lemezkiad\u00f3-vezet\u0151 \u00e9s volt p\u00e1rja 2014-ben h\u00e1zasodtak \u00f6ssze, \u00e1m h\u00e9t \u00e9vvel k\u00e9s\u0151bb elv\u00e1ltak. A fot\u00f3k alapj\u00e1n \u00fagy t\u0171nt, a sz\u00edn\u00e9szn\u0151 remek\u00fcl kij\u00f6n a kicsikkel, s\u00e9ta k\u00f6zben meg\u00e1lltak egy turmixra is.<\/p>\n<p>Sydney Sweeney tavaly \u00e9v elej\u00e9n bontotta fel <a href=\"https:\/\/femina.hu\/vilagsztar\/sydney-sweeney-eskuvo-lefujasa\/\" id=\"5ff2faa1-01aa-4ff6-9bf8-153b4f45a42d\" target=\"_blank\" rel=\"nofollow noopener\">eljegyz\u00e9s\u00e9t <\/a>Jonathan Davin\u00f3val, ut\u00e1na kezdett el tal\u00e1lkozgatni jelenlegi p\u00e1rj\u00e1val, akivel eleinte csak ismerkedtek, v\u00e9g\u00fcl azonban a bennfentesek szerint kapcsolatuk komolyra fordult. \u201eRemek\u00fcl mennek a dolgok k\u00f6z\u00f6tt\u00fck. Elk\u00f6telezett kapcsolatban \u00e9lnek, \u00e9s a dolgok komolyan alakulnak\u201d &#8211; mes\u00e9lte egy forr\u00e1s.<\/p>\n","protected":false},"excerpt":{"rendered":"Csak \u00fagy vonzotta a tekinteteket Sydney Sweeney. A 28 \u00e9ves sz\u00edn\u00e9szn\u0151 jelenleg Velenc\u00e9ben tart\u00f3zkodik, ahova elk\u00eds\u00e9rte \u0151t kedvese,&hellip;\n","protected":false},"author":2,"featured_media":232742,"comment_status":"","ping_status":"","sticky":false,"template":"","format":"standard","meta":{"footnotes":"","_share_on_mastodon":"0"},"categories":[16],"tags":[61383,137,44,42,40,43,41,740,1253,138,9652],"class_list":["post-232741","post","type-post","status-publish","format-standard","has-post-thumbnail","category-szorakozas","tag-armani-beauty","tag-entertainment","tag-hu","tag-hungarian","tag-hungary","tag-magyar","tag-magyarorszag","tag-nemzetkozi-sztarok","tag-sydney-sweeney","tag-szorakozas","tag-velencei-filmfesztival"],"share_on_mastodon":{"url":"https:\/\/pubeurope.com\/@hu\/117212952170915490","error":""},"_links":{"self":[{"href":"https:\/\/www.europesays.com\/hu\/wp-json\/wp\/v2\/posts\/232741","targetHints":{"allow":["GET"]}}],"collection":[{"href":"https:\/\/www.europesays.com\/hu\/wp-json\/wp\/v2\/posts"}],"about":[{"href":"https:\/\/www.europesays.com\/hu\/wp-json\/wp\/v2\/types\/post"}],"author":[{"embeddable":true,"href":"https:\/\/www.europesays.com\/hu\/wp-json\/wp\/v2\/users\/2"}],"replies":[{"embeddable":true,"href":"https:\/\/www.europesays.com\/hu\/wp-json\/wp\/v2\/comments?post=232741"}],"version-history":[{"count":0,"href":"https:\/\/www.europesays.com\/hu\/wp-json\/wp\/v2\/posts\/232741\/revisions"}],"wp:featuredmedia":[{"embeddable":true,"href":"https:\/\/www.europesays.com\/hu\/wp-json\/wp\/v2\/media\/232742"}],"wp:attachment":[{"href":"https:\/\/www.europesays.com\/hu\/wp-json\/wp\/v2\/media?parent=232741"}],"wp:term":[{"taxonomy":"category","embeddable":true,"href":"https:\/\/www.europesays.com\/hu\/wp-json\/wp\/v2\/categories?post=232741"},{"taxonomy":"post_tag","embeddable":true,"href":"https:\/\/www.europesays.com\/hu\/wp-json\/wp\/v2\/tags?post=232741"}],"curies":[{"name":"wp","href":"https:\/\/api.w.org\/{rel}","templated":true}]}}