{"id":232753,"date":"2026-09-04T13:20:20","date_gmt":"2026-09-04T13:20:20","guid":{"rendered":"https:\/\/www.europesays.com\/hu\/232753\/"},"modified":"2026-09-04T13:20:20","modified_gmt":"2026-09-04T13:20:20","slug":"gyokeres-valtozas-jon-a-haziorvosi-mukodesben","status":"publish","type":"post","link":"https:\/\/www.europesays.com\/hu\/232753\/","title":{"rendered":"Gy\u00f6keres v\u00e1ltoz\u00e1s j\u00f6n a h\u00e1ziorvosi m\u0171k\u00f6d\u00e9sben"},"content":{"rendered":"<p>        \u00c1talakul a h\u00e1ziorvosi m\u0171k\u00f6d\u00e9si rendszer, ism\u00e9t k\u00f6telez\u0151 lesz a kamarai tags\u00e1g a gy\u00f3gy\u00edt\u00f3 munk\u00e1hoz. Az eg\u00e9szs\u00e9g\u00fcgyi t\u00f6rv\u00e9nyalkot\u00e1sban maga a kamara is nagyobb szerepet kap a j\u00f6v\u0151ben.<\/p>\n<p class=\"text-left\" data-alignment=\"left\" data-block-key=\"fapml\">Amint azt <a href=\"https:\/\/www.hazipatika.com\/tarsadalom\/egeszsegugy\/cikkek\/kotelezo-orvosi-kamarai-tagsag-hegedus-zsolt\" rel=\"noopener noreferrer nofollow\" target=\"_blank\">a H\u00e1zipatika<\/a> dr. Heged\u0171s Zsolt <a href=\"https:\/\/divany.hu\/eletem\/2026\/04\/14\/video-nemzetkozi-sajto-magyar-valasztas-hegedus-zsolt-tisza-part\/?utm_source=divany&amp;utm_medium=cikklink&amp;utm_campaign=cikklink_belso\" rel=\"noopener noreferrer nofollow\" target=\"_blank\">eg\u00e9szs\u00e9g\u00fcgyi miniszter<\/a> Facebook-posztja <a href=\"https:\/\/www.facebook.com\/plugins\/post.php?href=https%3A%2F%2Fwww.facebook.com%2Fdrhegeduszsolt%2Fposts%2Fpfbid0vEeupGkjkEFwXT8ov1r6qV4cg73NhxngiE6potGsWCvdXxGXNmjshnZAjp14mmZBl&amp;show_text=true&amp;width=500\" rel=\"noopener noreferrer nofollow\" target=\"_blank\">nyom\u00e1n meg\u00edrta<\/a>, a miniszt\u00e9rium vissza\u00e1ll\u00edtja \u00e9s meger\u0151s\u00edti a Magyar Orvosi Kamara (MOK) jogos\u00edtv\u00e1nyait. Az orvosok sz\u00e1m\u00e1ra k\u00f6telez\u0151 kamarai tags\u00e1g mellett a szakmai-etikai elj\u00e1r\u00e1sok is visszaker\u00fclnek a szervezethez.<\/p>\n<p class=\"text-left\" data-alignment=\"left\" data-block-key=\"fapml\">Eur\u00f3pai minta nyom\u00e1n a MOK szerepet kap a jogalkot\u00e1sban, az eg\u00e9szs\u00e9gpolitikai d\u00f6nt\u00e9sek el\u0151k\u00e9sz\u00edt\u00e9s\u00e9ben, a szakmai szab\u00e1lyoz\u00e1sban, a min\u0151s\u00e9gbiztos\u00edt\u00e1sban, az oktat\u00e1sban \u00e9s a tov\u00e1bbk\u00e9pz\u00e9sben is. A miniszter t\u00e1j\u00e9koztat\u00e1sa szerint a c\u00e9l a szakmai,<\/p>\n<p>        <img decoding=\"async\" src=\"https:\/\/divany.hu\/neon\/static\/images\/divany\/divany_quote.svg\" class=\"left-5 w-[20px] h-[20px] md:w-[42px] md:h-[42px] mb-4\" alt=\"Id\u00e9z\u0151jel ikon\"\/><\/p>\n<p x-data=\"quoteAnimation\" x-init=\"init()\">\n          f\u00fcggetlen etikai \u00f6nszab\u00e1lyoz\u00e1s \u00e9s a betegbiztons\u00e1g el\u0151seg\u00edt\u00e9se.\n        <\/p>\n<p>                <img decoding=\"async\" alt=\"id\u0151s\u00f6d\u0151 orvos vizsg\u00e1l egy fi\u00fat, aki a vizsg\u00e1l\u00f3asztalon \u00fcl, az anyuk\u00e1ja m\u00f6g\u00f6tte \u00e1ll\" class=\"w-full h-full object-cover\" height=\"278\" loading=\"lazy\"  src=\"https:\/\/www.europesays.com\/hu\/wp-content\/uploads\/2026\/09\/GettyImages-2233089640.2e16d0ba.format-jpeg.fill-370x278.jpg\"  width=\"370\"\/><\/p>\n<p>\n        A h\u00e1ziorvosoknak k\u00f6telez\u0151v\u00e9 v\u00e1lik ism\u00e9t a kamarai tags\u00e1g\n      <\/p>\n<p>    Fot\u00f3: Drs Producoes \/ Getty Images<\/p>\n<p>      Ez a Magyar Orvosi Kamara feladata<\/p>\n<p class=\"text-left\" data-alignment=\"left\" data-block-key=\"b5k9p\">A MOK minden Magyarorsz\u00e1gon m\u0171k\u00f6d\u0151 orvos f\u00fcggetlen, demokratikus, c\u00e9hszer\u0171 test\u00fclete, <a href=\"https:\/\/mok.hu\/a-kamararol\/kuldetesunk-alapelveink\" rel=\"noopener noreferrer nofollow\" target=\"_blank\">\u00edrj\u00e1k hitvall\u00e1sukban<\/a>. A kamara tagjai sz\u00e1m\u00e1ra nemcsak szakmai, de erk\u00f6lcsi \u00e9s anyagi \u00e9rdekv\u00e9delmet biztos\u00edt. A szervezet orsz\u00e1gos, megyei \u00e9s helyi alegys\u00e9geket is m\u0171k\u00f6dtet,<\/p>\n<p>        <img decoding=\"async\" src=\"https:\/\/divany.hu\/neon\/static\/images\/divany\/divany_quote.svg\" class=\"left-5 w-[20px] h-[20px] md:w-[42px] md:h-[42px] mb-4\" alt=\"Id\u00e9z\u0151jel ikon\"\/><\/p>\n<p x-data=\"quoteAnimation\" x-init=\"init()\">\n          etikai k\u00f3dexe seg\u00edts\u00e9g\u00e9vel\n        <\/p>\n<p class=\"text-left\" data-alignment=\"left\" data-block-key=\"oynr8\">ir\u00e1nyt mutat a gyakorl\u00f3 magyar orvosoknak munk\u00e1juk sor\u00e1n. A tags\u00e1g eg\u00e9szen 2023-ig k\u00f6telez\u0151 volt minden magyarorsz\u00e1gi orvos sz\u00e1m\u00e1ra.<\/p>\n<p>      <img decoding=\"async\" alt=\"\u00cdgy v\u00e1laszd ki a D\u00edv\u00e1nyt!\" class=\"w-full h-auto mob-sm-br:w-[41%] mob-sm-br:float-right mob-sm-br:ml-8 mb-4 mob-sm-br:mb-0\" height=\"168\" loading=\"lazy\"  src=\"https:\/\/www.europesays.com\/hu\/wp-content\/uploads\/2026\/09\/1788528020_533_divany-site-pref.format-jpeg.max-300x300.jpg\" width=\"300\"\/><\/p>\n<p>\n        Ne maradj le a D\u00edv\u00e1ny tartalmair\u00f3l!\n      <\/p>\n<p data-alignment=\"left\" class=\"text-left\" data-block-key=\"1z28p\">A Google \u00faj funkci\u00f3ja seg\u00edts\u00e9g\u00e9vel be\u00e1ll\u00edthat\u00f3, hogy milyen oldalak jelenjenek meg a keres\u00e9si eredm\u00e9nyek k\u00f6z\u00f6tt. Ha nem akarsz lemaradni cikkeinkr\u0151l, kattints <a href=\"https:\/\/www.google.com\/preferences\/source?q=https:\/\/divany.hu\" rel=\"nofollow noopener\" target=\"_blank\">erre a linkre<\/a>. Ut\u00e1na csak annyi a dolgod, hogy bepip\u00e1ld a D\u00edv\u00e1ny neve mellett megjelen\u0151 kis n\u00e9gyzetet \u2013 ahogy a k\u00e9pen l\u00e1tod.\u00a0\u00a0<br \/>Ha mindent j\u00f3l csin\u00e1lt\u00e1l, a \u201eSaj\u00e1t forr\u00e1sok\u201d felirat mellett l\u00e1that\u00f3 leny\u00edl\u00f3 list\u00e1ban l\u00e1tnod kell a D\u00edv\u00e1nyt. Ezzel k\u00e9sz is vagy.\u00a0<\/p>\n<p>      Nyilv\u00e1noss\u00e1 v\u00e1l\u00f3 adatok<\/p>\n<p class=\"text-left\" data-alignment=\"left\" data-block-key=\"24vn8\">Az eg\u00e9szs\u00e9g\u00fcgyi rendszer \u00e1tl\u00e1that\u00f3s\u00e1g\u00e1nak \u00e9rdek\u00e9ben nemr\u00e9g nyilv\u00e1noss\u00e1 v\u00e1lt <a href=\"https:\/\/femina.hu\/egeszseg\/mentok-kierkezesi-ideje-statisztika\/\" rel=\"noopener noreferrer nofollow\" target=\"_blank\">a ment\u0151k ki\u00e9rkez\u00e9si ideje<\/a>. Az Orsz\u00e1gos Ment\u0151szolg\u00e1lat 2026. augusztusa \u00f3ta visszamen\u0151leg is k\u00f6zz\u00e9teszi h\u00f3napr\u00f3l h\u00f3napra a ki\u00e9rkez\u00e9si id\u0151k statisztik\u00e1kat, k\u00f6z\u00e9rthet\u0151, egys\u00e9ges m\u00f3dszertan szerint bemutatva a sz\u00e1mokat,<\/p>\n<p>        <img decoding=\"async\" src=\"https:\/\/divany.hu\/neon\/static\/images\/divany\/divany_quote.svg\" class=\"left-5 w-[20px] h-[20px] md:w-[42px] md:h-[42px] mb-4\" alt=\"Id\u00e9z\u0151jel ikon\"\/><\/p>\n<p x-data=\"quoteAnimation\" x-init=\"init()\">\n          f\u00fcggetlen\u00fcl att\u00f3l, hogy javul\u00f3 vagy roml\u00f3 tendenci\u00e1t mutatnak.\n        <\/p>\n<p class=\"text-left\" data-alignment=\"left\" data-block-key=\"oynr8\"><a href=\"https:\/\/stat.mentok.hu\" rel=\"noopener noreferrer nofollow\" target=\"_blank\">A honlapon<\/a> 75 \u00e9s 90 percentilissel jelzik a ment\u0151k ki\u00e9rkez\u00e9si idej\u00e9t. A 90 percentilis azt az id\u0151t mutatja, hogy legfeljebb mennyi id\u0151n bel\u00fcl \u00e9r ki a ment\u0151 az esetek 90 sz\u00e1zal\u00e9k\u00e1ban, a 75 percentilis eset\u00e9n pedig azt, hogy az esetek 25 sz\u00e1zal\u00e9kban mennyi id\u0151t kell v\u00e1rni \u00e1tlagosan a seg\u00edts\u00e9gre.<\/p>\n<p class=\"text-left\" data-alignment=\"left\" data-block-key=\"oynr8\">Kapcsol\u00f3d\u00f3: <a data-link-preview=\"true\" data-og-column=\"\u00c9letem\" data-og-description=\"2025 janu\u00e1rja \u00f3ta ebben a h\u00f3napban riasztott\u00e1k az OMSZ kocsijait a legt\u00f6bb esethez.\" data-og-image=\"https:\/\/divany.hu\/neon\/media\/images\/66276665_732c8287ae14ad85a595a6.format-avif.max-600x400.avif\" data-og-image-small=\"https:\/\/divany.hu\/neon\/media\/images\/66276665_732c8287ae14ad85a595a6.format-avif.max-370x278.avif\" data-og-tags=\"[\" data-og-title=\"Lassabban \u00e9rtek ki a ment\u0151k augusztusban az esetekhez, mint j\u00faliusban\" href=\"https:\/\/divany.hu\/eletem\/2026\/09\/03\/mento-kierkezesi-ido-2026-augusztus\/?utm_source=divany&amp;utm_medium=cikklink&amp;utm_campaign=cikklink_belso\" rel=\"noopener noreferrer nofollow\" target=\"_blank\">M\u00e1r az augusztusi adatok is nyilv\u00e1nosak a ment\u0151k ki\u00e9rkez\u00e9si idej\u00e9r\u0151l<\/a><\/p>\n<p><a href=\"https:\/\/google.com\/preferences\/source?q=https%3A\/\/divany.hu\" rel=\"noopener nofollow\" referrerpolicy=\"no-referrer-when-downgrade\" class=\"!flex !items-center !gap-5 !py-2 !px-3 w-full !rounded-xl !font-bold cursor-pointer !no-underline relative !bg-white !text-[#202124] !border !border-[#858585] dark:!bg-[#323232] dark:!text-white dark:border-none my-4 \" target=\"_blank\"><br \/>\n  <img decoding=\"async\" src=\"https:\/\/divany.hu\/neon\/static\/images\/favicons\/google_favicon.svg\" alt=\"Google\" class=\"shrink-0 w-7 h-7\"\/><br \/>\n  \u00c1ll\u00edtsd be, hogy a D\u00edv\u00e1ny az els\u0151k k\u00f6z\u00f6tt legyen a Google-tal\u00e1latokban!<\/p>\n<p><\/a><\/p>\n","protected":false},"excerpt":{"rendered":"\u00c1talakul a h\u00e1ziorvosi m\u0171k\u00f6d\u00e9si rendszer, ism\u00e9t k\u00f6telez\u0151 lesz a kamarai tags\u00e1g a gy\u00f3gy\u00edt\u00f3 munk\u00e1hoz. Az eg\u00e9szs\u00e9g\u00fcgyi t\u00f6rv\u00e9nyalkot\u00e1sban maga&hellip;\n","protected":false},"author":2,"featured_media":232754,"comment_status":"","ping_status":"","sticky":false,"template":"","format":"standard","meta":{"footnotes":"","_share_on_mastodon":"0"},"categories":[33],"tags":[38,8718,35,37,44,42,40,8741,43,41,34,36,39],"class_list":["post-232753","post","type-post","status-publish","format-standard","has-post-thumbnail","category-hirek","tag-focimek","tag-haziorvos","tag-headlines","tag-hirek","tag-hu","tag-hungarian","tag-hungary","tag-kamara","tag-magyar","tag-magyarorszag","tag-news","tag-top-stories","tag-vezeto-hirek"],"share_on_mastodon":{"url":"https:\/\/pubeurope.com\/@hu\/117212979839568076","error":""},"_links":{"self":[{"href":"https:\/\/www.europesays.com\/hu\/wp-json\/wp\/v2\/posts\/232753","targetHints":{"allow":["GET"]}}],"collection":[{"href":"https:\/\/www.europesays.com\/hu\/wp-json\/wp\/v2\/posts"}],"about":[{"href":"https:\/\/www.europesays.com\/hu\/wp-json\/wp\/v2\/types\/post"}],"author":[{"embeddable":true,"href":"https:\/\/www.europesays.com\/hu\/wp-json\/wp\/v2\/users\/2"}],"replies":[{"embeddable":true,"href":"https:\/\/www.europesays.com\/hu\/wp-json\/wp\/v2\/comments?post=232753"}],"version-history":[{"count":0,"href":"https:\/\/www.europesays.com\/hu\/wp-json\/wp\/v2\/posts\/232753\/revisions"}],"wp:featuredmedia":[{"embeddable":true,"href":"https:\/\/www.europesays.com\/hu\/wp-json\/wp\/v2\/media\/232754"}],"wp:attachment":[{"href":"https:\/\/www.europesays.com\/hu\/wp-json\/wp\/v2\/media?parent=232753"}],"wp:term":[{"taxonomy":"category","embeddable":true,"href":"https:\/\/www.europesays.com\/hu\/wp-json\/wp\/v2\/categories?post=232753"},{"taxonomy":"post_tag","embeddable":true,"href":"https:\/\/www.europesays.com\/hu\/wp-json\/wp\/v2\/tags?post=232753"}],"curies":[{"name":"wp","href":"https:\/\/api.w.org\/{rel}","templated":true}]}}