{"id":232769,"date":"2026-09-04T13:34:08","date_gmt":"2026-09-04T13:34:08","guid":{"rendered":"https:\/\/www.europesays.com\/hu\/232769\/"},"modified":"2026-09-04T13:34:08","modified_gmt":"2026-09-04T13:34:08","slug":"index-sport-harom-honappal-a-monacoi-nagydij-utan-vettek-el-az-f1-es-pilota-dobogojat","status":"publish","type":"post","link":"https:\/\/www.europesays.com\/hu\/232769\/","title":{"rendered":"Index &#8211; Sport &#8211; H\u00e1rom h\u00f3nappal a Monac\u00f3i Nagyd\u00edj ut\u00e1n vett\u00e9k el az F1-es pil\u00f3ta dobog\u00f3j\u00e1t"},"content":{"rendered":"<p>\n                A Nemzetk\u00f6zi Automobil Sz\u00f6vets\u00e9g (FIA) h\u00e1rom h\u00f3nappal a Formula\u20131-es Monac\u00f3i Nagyd\u00edj ut\u00e1n m\u00e1sodszor is elvette Pierre Gasly harmadik hely\u00e9t, \u00edgy a hercegs\u00e9gi h\u00e9tv\u00e9ge legals\u00f3 dobog\u00f3s foka ism\u00e9t Isack Hadjart illeti meg.            <\/p>\n<p>A j\u00fanius eleji, Monac\u00f3i Nagyd\u00edjon Pierre Gasly, az Alpine versenyz\u0151je harmadik helyen \u00e9rt c\u00e9lba, azonban k\u00e9tszer \u00f6t m\u00e1sodperces b\u00fcntet\u00e9st kapott, miut\u00e1n t\u00fal gyorsan hajtott be a bokszutc\u00e1ba. Csapata fellebbezett, aminek helyt adtak, <a href=\"https:\/\/index.hu\/sport\/forma1\/2026\/06\/12\/pierre-gasly-buntetes-formula-1-forma-1-f1-alpine-dobogo\/\" id=\"hyperlink_030397767b59a6fdf50598f309d1fec0\" target=\"_self\" title=\"T\u00f6r\u00f6lt\u00e9k Gasly b\u00fcntet\u00e9seit, a francia versenyz\u0151\u00e9 a harmadik hely Monac\u00f3ban\" data-recommendation=\"bekezdes_utan\" data-recommendation-preview=\"{&quot;og:title&quot;:&quot;T\u00f6r\u00f6lt\u00e9k Gasly b\u00fcntet\u00e9seit, a francia versenyz\\u0151\u00e9 a harmadik hely Monac\u00f3ban&quot;,&quot;og:description&quot;:&quot;Csapata megnyerte a fellebbez\u00e9st.&quot;,&quot;og:image&quot;:&quot;\\\/\\\/kep.cdn.indexvas.hu\\\/1\\\/0\\\/6990\\\/69909\\\/699098\\\/69909883_5158071_239e5e281e8a8e2915e3b3c065d894a7_wm.jpg&quot;}\" data-recommendation-id=\"6225677\" rel=\"nofollow noopener\">az id\u0151levon\u00e1st \u00edgy t\u00f6r\u00f6lt\u00e9k, a francia versenyz\u0151 pedig visszakapta harmadik hely\u00e9t<\/a> \u2013 Isack Hadjar k\u00e1r\u00e1ra.<\/p>\n<p>A Red Bull \u00e9s a McLaren viszont k\u00f6z\u00f6sen fellebbezett, \u00e9s az FIA ism\u00e9t megv\u00e1ltoztatta d\u00f6nt\u00e9s\u00e9t: a szervezet Nemzetk\u00f6zi Sportd\u00f6nt\u0151b\u00edr\u00f3s\u00e1ga p\u00e9nteken \u00e9rv\u00e9nyes\u00edtette a Gaslyra eredetileg kiszabott b\u00fcntet\u00e9st, \u00edgy a Monac\u00f3i Nagyd\u00edj harmadik helye m\u00e9gis az osztr\u00e1k konstrukt\u0151r franci\u00e1j\u00e1t\u00a0illeti \u2013 \u00edrja az <a href=\"https:\/\/m4sport.hu\/forma-1\/cikk\/2026\/09\/04\/hivatalos-megfosztotta-monacoi-dobogojatol-gaslyt-az-fia-az-ellenfelek-fellebbezese-utan\" id=\"hyperlink_f322ab1f22b6eb2c42f7bdb024d1817c\" target=\"_blank\" rel=\"nofollow noopener\">M4 Sport<\/a>.<\/p>\n<p>\n                          A Formula\u20131 mez\u0151nye ezen a h\u00e9tv\u00e9g\u00e9n Monz\u00e1ban versenyez, majd j\u00f6v\u0151 h\u00e9ten Madridba l\u00e1togat.\n                        <\/p>\n<p><a href=\"https:\/\/dex.hu\/x.php?id=googlepref_desktop&amp;url=https:\/\/google.com\/preferences\/source?q=https:\/\/index.hu\" class=\"google-pref-banner \" id=\"googlePrefBanner\" rel=\"nofollow noopener\" target=\"_blank\"><\/p>\n<p>    Itt \u00e1ll\u00edtsa be, hogy az Index az els\u0151k k\u00f6z\u00f6tt legyen a Google-tal\u00e1latokban!<\/p>\n<p><\/a><\/p>\n<p>    <img decoding=\"async\" src=\"https:\/\/index.hu\/assets\/images\/social-follow\/logo-big.svg\" alt=\"Index.hu logo\"\/><\/p>\n<p>K\u00f6vesse az Indexet Facebookon is!<\/p>\n<p>    <a href=\"https:\/\/facebook.com\/Indexhu\" target=\"_blank\" rel=\"nofollow noopener\"><\/p>\n<p>        K\u00f6vetem!<br \/>\n    <\/a><\/p>\n","protected":false},"excerpt":{"rendered":"A Nemzetk\u00f6zi Automobil Sz\u00f6vets\u00e9g (FIA) h\u00e1rom h\u00f3nappal a Formula\u20131-es Monac\u00f3i Nagyd\u00edj ut\u00e1n m\u00e1sodszor is elvette Pierre Gasly harmadik&hellip;\n","protected":false},"author":2,"featured_media":232770,"comment_status":"","ping_status":"","sticky":false,"template":"","format":"standard","meta":{"footnotes":"","_share_on_mastodon":"0"},"categories":[33],"tags":[12009,637,1335,38,704,35,37,44,42,40,9554,43,41,7170,6846,34,40715,3056,45,36,39],"class_list":["post-232769","post","type-post","status-publish","format-standard","has-post-thumbnail","category-hirek","tag-alpine","tag-f1","tag-fia","tag-focimek","tag-formula-1","tag-headlines","tag-hirek","tag-hu","tag-hungarian","tag-hungary","tag-isack-hadjar","tag-magyar","tag-magyarorszag","tag-monacoi-nagydij","tag-motorsport","tag-news","tag-pierre-gasly","tag-red-bull","tag-sport","tag-top-stories","tag-vezeto-hirek"],"share_on_mastodon":{"url":"https:\/\/pubeurope.com\/@hu\/117213034745763360","error":""},"_links":{"self":[{"href":"https:\/\/www.europesays.com\/hu\/wp-json\/wp\/v2\/posts\/232769","targetHints":{"allow":["GET"]}}],"collection":[{"href":"https:\/\/www.europesays.com\/hu\/wp-json\/wp\/v2\/posts"}],"about":[{"href":"https:\/\/www.europesays.com\/hu\/wp-json\/wp\/v2\/types\/post"}],"author":[{"embeddable":true,"href":"https:\/\/www.europesays.com\/hu\/wp-json\/wp\/v2\/users\/2"}],"replies":[{"embeddable":true,"href":"https:\/\/www.europesays.com\/hu\/wp-json\/wp\/v2\/comments?post=232769"}],"version-history":[{"count":0,"href":"https:\/\/www.europesays.com\/hu\/wp-json\/wp\/v2\/posts\/232769\/revisions"}],"wp:featuredmedia":[{"embeddable":true,"href":"https:\/\/www.europesays.com\/hu\/wp-json\/wp\/v2\/media\/232770"}],"wp:attachment":[{"href":"https:\/\/www.europesays.com\/hu\/wp-json\/wp\/v2\/media?parent=232769"}],"wp:term":[{"taxonomy":"category","embeddable":true,"href":"https:\/\/www.europesays.com\/hu\/wp-json\/wp\/v2\/categories?post=232769"},{"taxonomy":"post_tag","embeddable":true,"href":"https:\/\/www.europesays.com\/hu\/wp-json\/wp\/v2\/tags?post=232769"}],"curies":[{"name":"wp","href":"https:\/\/api.w.org\/{rel}","templated":true}]}}