{"id":232809,"date":"2026-09-04T14:10:12","date_gmt":"2026-09-04T14:10:12","guid":{"rendered":"https:\/\/www.europesays.com\/hu\/232809\/"},"modified":"2026-09-04T14:10:12","modified_gmt":"2026-09-04T14:10:12","slug":"index-futball-futball-1166","status":"publish","type":"post","link":"https:\/\/www.europesays.com\/hu\/232809\/","title":{"rendered":"Index &#8211; Futball &#8211; Futball"},"content":{"rendered":"<p>A fiatal futballista janu\u00e1ri \u00e9rkez\u00e9s\u00e9ig a francia \u00e9lvonalbeli Brest labdar\u00fag\u00f3csapat\u00e1ban szerepel majd k\u00f6lcs\u00f6nben.\u00a0A transfermarkt.com szerint 5 milli\u00f3 eur\u00f3t fizetett a csat\u00e1r\u00e9rt az angol klub.<\/p>\n<p lang=\"en\" dir=\"ltr\">We have agreed a deal to sign Djylian N&#8217;Guessan from Saint-Etienne, with the French forward set to officially join the club on a permanent transfer in January \ud83d\udd34<\/p>\n<p>The 18-year-old will now spend the rest of the 2026-27 season on loan at Ligue 1 side Stade Brestois \u2139\ufe0f <a href=\"https:\/\/t.co\/MoXVl2oCxb\" rel=\"nofollow\">pic.twitter.com\/MoXVl2oCxb<\/a><\/p>\n<p>\u2014 Liverpool FC (@LFC) <a href=\"https:\/\/x.com\/LFC\/status\/2095784053446189298?ref_src=twsrc%5Etfw\" rel=\"nofollow\">September 4, 2026<\/a> <\/p>\n<p>A t\u00e1mad\u00f3 a Saint-Etienne akad\u00e9mi\u00e1j\u00e1n nevelkedett, tavaly janu\u00e1rban mutatkozott be a feln\u0151tt egy\u00fcttesben. Az\u00f3ta 13 m\u00e9rk\u0151z\u00e9sen szerepelt, \u00e9s egy g\u00f3lt szerzett. A tavalyi U20-as vil\u00e1gbajnoks\u00e1gon h\u00e9t meccsen l\u00e9pett p\u00e1ly\u00e1ra a francia v\u00e1logatottban.<\/p>\n<p> A Mersey-partiak a ny\u00e1ri \u00e1tigazol\u00e1si id\u0151szakban egy\u00e9bk\u00e9nt nem sp\u00f3roltak a p\u00e9nzzel. Megszerezt\u00e9k a Paris Saint-Germaint\u0151l 125 milli\u00f3 eur\u00f3\u00e9rt a balsz\u00e9ls\u0151    Bradley Barcol\u00e1t, a Genkt\u0151l\u00a0pedig 18 \u00e9ves kapust v\u00e1s\u00e1roltak    Lucca     Brughmans    szem\u00e9ly\u00e9ben (35 milli\u00f3).<\/p>\n<p>A kett\u0151s a vil\u00e1gbajnoks\u00e1g el\u0151tt szerz\u0151dtetett, szint\u00e9n bal t\u00e1mad\u00f3k\u00e9nt szerepl\u0151  V\u00edctor Munozhoz  (Osasuna \u2013 40 milli\u00f3) \u00e9s az \u00e9v elej\u00e9n megszerzett bels\u0151 v\u00e9d\u0151h\u00f6z,  J\u00e9r\u00e9my Jacquet-hez  (Stade Rennais \u2013 63,6 milli\u00f3) csatlakoztak mint ny\u00e1ri \u00e9rkez\u0151k. A v\u00e9delemben m\u00e9g a Barcelon\u00e1t\u00f3l k\u00f6lcs\u00f6nbe \u00e9rkez\u0151 Ronald Araujo, illetve a 3 milli\u00f3\u00e9rt megv\u00e1s\u00e1rolt Ifeanyi Ndukwe\u00a0(Austria Wien) jelenthet er\u0151s\u00edt\u00e9st.<\/p>\n<p>\n                           A k\u00e9t magyar feln\u0151tt v\u00e1logatottat, Szoboszlai Dominiket \u00e9s Kerkez Milost is soraiban tud\u00f3 Liverpool \u00f6sszesen 269,5 milli\u00f3 eur\u00f3t k\u00f6lt\u00f6tt el a ny\u00e1ri \u00e1tigazol\u00e1si id\u0151szakban.\n                        <\/p>\n<p><a href=\"https:\/\/dex.hu\/x.php?id=googlepref_desktop&amp;url=https:\/\/google.com\/preferences\/source?q=https:\/\/index.hu\" class=\"google-pref-banner \" id=\"googlePrefBanner\" rel=\"nofollow noopener\" target=\"_blank\"><\/p>\n<p>    Itt \u00e1ll\u00edtsa be, hogy az Index az els\u0151k k\u00f6z\u00f6tt legyen a Google-tal\u00e1latokban!<\/p>\n<p><\/a><\/p>\n<p>                <a href=\"https:\/\/konyvek.index.hu\/\" target=\"_blank\" rel=\"nofollow noopener\"><br \/>\n                <img decoding=\"async\" src=\"https:\/\/index.hu\/assets\/images\/konyvajanlo\/book_indapress\/book_indapress_logo.svg\" loading=\"lazy\" alt=\"Inda Press Kiad\u00f3\"\/><br \/>\n                <\/a><\/p>\n<p>                <img decoding=\"async\" src=\"https:\/\/www.europesays.com\/hu\/wp-content\/uploads\/2026\/09\/1788531009_146_rossi.png\" loading=\"lazy\" alt=\"Rossi\"\/><\/p>\n<p>Ismerd meg a magyar labdar\u00fag\u00e1s h\u0151s\u00e9nek eml\u00e9kezetes pillanatait!<br \/>Folytassa, Mister!<\/p>\n<p>                <a class=\"book_index_btn\" href=\"https:\/\/indexadhu.hit.gemius.pl\/hitredir\/id=nSCbubuYpDWJZLZs0TssLrbt33Lk5kbipuiZrkg89G3.g7\/stparam=uciklwjurk\/fastid=efdamtuhsxcjschvtzobuxredglq\/nc=0\/url=https:\/\/www.indapresskiado.hu\/products\/marco-rossi?_pos=1&amp;_psq=rossi&amp;_ss=e&amp;_v=1.0\" target=\"_blank\" rel=\"nofollow noopener\">MEGVESZEM<\/a><\/p>\n<p>    <img loading=\"lazy\" decoding=\"async\" src=\"https:\/\/www.europesays.com\/hu\/wp-content\/uploads\/2026\/09\/1788531011_438_nc=0.gif\" border=\"0\" height=\"0\" width=\"0\"\/><\/p>\n<p>    <img decoding=\"async\" src=\"https:\/\/index.hu\/assets\/images\/social-follow\/logo-big.svg\" alt=\"Index.hu logo\"\/><\/p>\n<p>K\u00f6vesse az Indexet Facebookon is!<\/p>\n<p>    <a href=\"https:\/\/facebook.com\/Indexhu\" target=\"_blank\" rel=\"nofollow noopener\"><\/p>\n<p>        K\u00f6vetem!<br \/>\n    <\/a><\/p>\n<p>                    <script async src=\"https:\/\/platform.twitter.com\/widgets.js\" charset=\"utf-8\"><\/script><\/p>\n","protected":false},"excerpt":{"rendered":"A fiatal futballista janu\u00e1ri \u00e9rkez\u00e9s\u00e9ig a francia \u00e9lvonalbeli Brest labdar\u00fag\u00f3csapat\u00e1ban szerepel majd k\u00f6lcs\u00f6nben.\u00a0A transfermarkt.com szerint 5 milli\u00f3 eur\u00f3t&hellip;\n","protected":false},"author":2,"featured_media":232810,"comment_status":"","ping_status":"","sticky":false,"template":"","format":"standard","meta":{"footnotes":"","_share_on_mastodon":"0"},"categories":[14],"tags":[61394,553,44,42,40,502,1028,43,41,698,45,131],"class_list":["post-232809","post","type-post","status-publish","format-standard","has-post-thumbnail","category-sport","tag-djylian-nguessan","tag-futball","tag-hu","tag-hungarian","tag-hungary","tag-labdarugas","tag-liverpool","tag-magyar","tag-magyarorszag","tag-premier-league","tag-sport","tag-sports"],"share_on_mastodon":{"url":"https:\/\/pubeurope.com\/@hu\/117213176499684812","error":""},"_links":{"self":[{"href":"https:\/\/www.europesays.com\/hu\/wp-json\/wp\/v2\/posts\/232809","targetHints":{"allow":["GET"]}}],"collection":[{"href":"https:\/\/www.europesays.com\/hu\/wp-json\/wp\/v2\/posts"}],"about":[{"href":"https:\/\/www.europesays.com\/hu\/wp-json\/wp\/v2\/types\/post"}],"author":[{"embeddable":true,"href":"https:\/\/www.europesays.com\/hu\/wp-json\/wp\/v2\/users\/2"}],"replies":[{"embeddable":true,"href":"https:\/\/www.europesays.com\/hu\/wp-json\/wp\/v2\/comments?post=232809"}],"version-history":[{"count":0,"href":"https:\/\/www.europesays.com\/hu\/wp-json\/wp\/v2\/posts\/232809\/revisions"}],"wp:featuredmedia":[{"embeddable":true,"href":"https:\/\/www.europesays.com\/hu\/wp-json\/wp\/v2\/media\/232810"}],"wp:attachment":[{"href":"https:\/\/www.europesays.com\/hu\/wp-json\/wp\/v2\/media?parent=232809"}],"wp:term":[{"taxonomy":"category","embeddable":true,"href":"https:\/\/www.europesays.com\/hu\/wp-json\/wp\/v2\/categories?post=232809"},{"taxonomy":"post_tag","embeddable":true,"href":"https:\/\/www.europesays.com\/hu\/wp-json\/wp\/v2\/tags?post=232809"}],"curies":[{"name":"wp","href":"https:\/\/api.w.org\/{rel}","templated":true}]}}