{"id":232822,"date":"2026-09-04T14:23:20","date_gmt":"2026-09-04T14:23:20","guid":{"rendered":"https:\/\/www.europesays.com\/hu\/232822\/"},"modified":"2026-09-04T14:23:20","modified_gmt":"2026-09-04T14:23:20","slug":"torrente-politikuskent-is-ugyanolyan-taplo-kritika","status":"publish","type":"post","link":"https:\/\/www.europesays.com\/hu\/232822\/","title":{"rendered":"Torrente politikusk\u00e9nt is ugyanolyan tapl\u00f3 \u2013 Kritika!"},"content":{"rendered":"<p>\n                        A Torrente 6 \u2013 Az eln\u00f6ki \u00fcgy m\u00e9gsem igazi politikai szat\u00edra, csak rajong\u00f3simogat\u00e1s.                    <\/p>\n<p>K\u00f6zel h\u00fasz \u00e9ve robbant be Jos\u00e9 Luis Torrente a spanyol (\u00e9s nem mellesleg a magyar) popkultur\u00e1lis k\u00f6ztudatba. Im\u00e1dta a n\u00e9p a nacionalista, rasszista, szexista, alkoholista exzsaru r\u00f6hejesen tapl\u00f3 karakter\u00e9t, a <a href=\"http:\/\/port.hu\/adatlap\/film\/tv\/torrente-a-torveny-ket-balkeze-torrente-el-brazo-tonto-de-la-ley\/movie-10201\" rel=\"nofollow noopener\" target=\"_blank\">Torrente, a t\u00f6rv\u00e9ny k\u00e9t balkez\u00e9<\/a>b\u0151l \u00edgy kultfilm lett, az \u00edr\u00f3-rendez\u0151-f\u0151szerepl\u0151 <a href=\"https:\/\/port.hu\/adatlap\/szemely\/santiago-segura\/person-23700\" target=\"_blank\" rel=\"noopener nofollow\">Santiago Segura<\/a> pedig annak rendje \u00e9s m\u00f3dja szerint felh\u00fazott egy kisebb \u00e9letm\u0171vet (\u00e9s nyilv\u00e1n p\u00e1r nagyobb ingatlant) a menetrendszer\u0171en \u00e9rkez\u0151, egyre gyeng\u00e9bb folytat\u00e1sokb\u00f3l, plusz a k\u00e9preg\u00e9nyes \u00e9s a vide\u00f3j\u00e1t\u00e9kos adapt\u00e1ci\u00f3b\u00f3l.<\/p>\n<p>&#13;<br \/>\n&#13;<\/p>\n<p>Az 1998-as eredetiben m\u00e9g nem volt neh\u00e9z \u00e9szrevenni az am\u00fagy baloldali \u00e9rzelm\u0171 Segura \u00e1ltal kitett id\u00e9z\u0151jeleket, amit a spanyol szakma is honor\u00e1lt a legjobb fiatal rendez\u0151nek j\u00e1r\u00f3 Goya-d\u00edjjal. Az a dilemma, hogy a n\u00e9z\u0151k vajon Torrent\u00e9n vagy Torrent\u00e9vel egy\u00fctt nevetnek-e, m\u00e1r term\u00e9szetesen az els\u0151 r\u00e9sz kapcs\u00e1n is felmer\u00fclt, de ha akadtak is n\u00e9z\u0151k, akik kifejezetten szimpatikusnak tal\u00e1lt\u00e1k a xenof\u00f3bi\u00e1j\u00e1t vagy a n\u0151knek c\u00edmzett besz\u00f3l\u00e1sait, a 90-es \u00e9vek v\u00e9g\u00e9n m\u00e9g nem tartottunk ott, hogy b\u00e1rki is a t\u00e1rsadalom perem\u00e9n \u00e9l\u0151, kellemetlen anom\u00e1lia helyett mondjuk p\u00e9ldak\u00e9pnek tartsa \u0151t. Ami akkoriban elk\u00e9pzelhetetlennek t\u0171nt, m\u00e1ra megval\u00f3sult: egy szexista, bunk\u00f3, fogyat\u00e9kosokon g\u00fanyol\u00f3d\u00f3, kutyaev\u0151 migr\u00e1nsokr\u00f3l hazudoz\u00f3, n\u0151ket nyilv\u00e1nosan diszn\u00f3nak nevez\u0151, \u00e1llapotos feles\u00e9g\u00e9t egy porn\u00f3szt\u00e1rral megcsal\u00f3 politikus a vil\u00e1g els\u0151 sz\u00e1m\u00fa vezet\u0151je.<\/p>\n<p>&#13;<\/p>\n<p>Ha pedig Donald Trump lehet az USA eln\u00f6ke, akkor korunk m\u00e1sik nagy antih\u0151se, Torrente mi\u00e9rt is ne futhatna be hasonl\u00f3 p\u00e1ly\u00e1t? Erre a sajn\u00e1latos m\u00f3don m\u00e1r nem is annyira abszurd premissz\u00e1ra \u00e9p\u00fcl a <a href=\"https:\/\/port.hu\/adatlap\/film\/mozi\/torrente-6-az-elnoki-ugy-torrente-presidente\/movie-269572\" rel=\"nofollow noopener\" target=\"_blank\">Torrente 6 \u2013 Az eln\u00f6ki \u00fcgy<\/a>, ami akkor is zseni\u00e1lis alap\u00f6tlet, ha egyr\u00e9szt nyilv\u00e1nval\u00f3, m\u00e1sr\u00e9szt m\u00e9g izgalmasabb lett volna, ha Segura m\u00e1r az els\u0151 Trump-ciklus k\u00f6zben vagy k\u00f6zvetlen\u00fcl ut\u00e1na els\u00fcti. Az ajt\u00f3-ablak helyzet persze csak akkor \u00e9r valamit, ha siker\u00fcl is \u00e9rt\u00e9kes\u00edteni a ziccert, \u00e9s a felvezet\u00e9s alapj\u00e1n \u00fagy t\u0171nik, ez meg is fog t\u00f6rt\u00e9nni.<\/p>\n<p>&#13;<br \/>\n<img decoding=\"async\" src=\"https:\/\/www.europesays.com\/hu\/wp-content\/uploads\/2026\/09\/812.webp\" alt=\"\" caption=\"true\" captiontext=\"Forr\u00e1s: Cinetel Kft.\"\/>Forr\u00e1s: Cinetel Kft.<\/p>\n<p>\u00a0<\/p>\n<p>&#13;<\/p>\n<p>Azt az\u00e9rt Segura is \u00e9rzi, hogy b\u00e1rmennyire is megv\u00e1ltozott a (nagy)politikai kl\u00edma az elm\u00falt b\u0151 egy \u00e9vtizedben, mindenki kedvenc mocskos zsaruj\u00e1t nem lehet csak \u00fagy az eln\u00f6ki sz\u00e9kbe katapult\u00e1lni, a fokozatoss\u00e1g elv\u00e9t illene betartani, hogy legal\u00e1bb a film kontextus\u00e1n bel\u00fcl hihet\u0151 legyen a felemelked\u00e9st\u00f6rt\u00e9net. Antih\u0151s\u00fcnk ez\u00e9rt pont azt csin\u00e1lja a nyit\u00e1nyban, amihez a legjobban \u00e9rt, nagy hangon osztja az \u00e9szt a kedvenc kocsm\u00e1j\u00e1ban (ahol tov\u00e1bbra sem hajland\u00f3 fizetni). A rasszista h\u0151b\u00f6rg\u00e9snek f\u00fcltan\u00faja a felt\u00f6rekv\u0151 populista-sz\u00e9ls\u0151jobboldali p\u00e1rt helyi szervezet\u00e9nek k\u00e9t tagja, akik, l\u00e1tva milyen j\u00f3l sz\u00f3t \u00e9rt Torrente a n\u00e9p egyszer\u0171 gyermekeivel, meginvit\u00e1lj\u00e1k a p\u00e1rt egyik bels\u0151s rendezv\u00e9ny\u00e9re besz\u00e9det mondani. Produkci\u00f3j\u00e1n el\u0151sz\u00f6r m\u00e9g a szervezet vezet\u0151s\u00e9ge is led\u00f6bben, ami nem meglep\u0151, mert Torrente a mikrofon el\u0151tt is \u00f6nazonos (teh\u00e1t bunk\u00f3 seggfej) marad, de l\u00e1tva a hallgat\u00f3s\u00e1g reakci\u00f3j\u00e1t, kabalak\u00e9nt kezdik k\u00f6rbehurcolni a k\u00fcl\u00f6nf\u00e9le p\u00e1rtesem\u00e9nyeken, az eln\u00f6kjel\u00f6ltnek is bemutatj\u00e1k, m\u00edgnem p\u00e1r h\u00e9ttel k\u00e9s\u0151bb m\u00e1r egy \u00e9l\u0151 t\u00e9v\u00e9s vit\u00e1n tal\u00e1lja mag\u00e1t.<\/p>\n<p>&#13;<\/p>\n<p>Am\u00edg a franchise \u00f6sszes eddigi darabja egy-egy akci\u00f3m\u0171faj farviz\u00e9n evezett (a klasszikus zsarumozit\u00f3l a James Bond-parafr\u00e1zison \u00e1t a b\u00f6rt\u00f6nfilmig), Az eln\u00f6ki \u00fcgy politikai szat\u00edr\u00e1nak \u00e1lc\u00e1zza mag\u00e1t. A vonatkoz\u00f3 po\u00e9nok t\u00f6bbs\u00e9ge m\u0171k\u00f6dik is (p\u00e9ld\u00e1ul az, ahogyan a p\u00e1rt vezet\u0151s\u00e9ge pr\u00f3b\u00e1lja a populista hull\u00e1mot meglovagolni, \u00e9s vicces az is, ahogy Torrente miniszteri poz\u00edci\u00f3kkal kecsegteti a kocsmai haverokat), de egy id\u0151 ut\u00e1n vil\u00e1goss\u00e1 v\u00e1lik, hogy Segura nem akar a felsz\u00ednn\u00e9l m\u00e9lyebbre hatolni, \u00e9s<\/p>\n<p>&#13;<\/p>\n<p> Az eln\u00f6ki \u00fcgy is pont ugyanabban a zs\u00e1nerben indul, mint a kor\u00e1bbi r\u00e9szek: sz\u00edntiszta bl\u0151dli.<\/p>\n<p>&#13;<br \/>\n<img decoding=\"async\" src=\"https:\/\/www.europesays.com\/hu\/wp-content\/uploads\/2026\/09\/810.webp\" alt=\"\" caption=\"true\" captiontext=\"Forr\u00e1s: Cinetel Kft.\"\/>Forr\u00e1s: Cinetel Kft.<\/p>\n<p>\u00a0<\/p>\n<p>&#13;<\/p>\n<p>Segura val\u00f3j\u00e1ban nem azoknak k\u00e9sz\u00edtette a filmj\u00e9t, akik nagy rajong\u00f3i az eredetinek \u00e9s egyben a politikai szat\u00edr\u00e1t is kedvelik (mint jelen kritika szerz\u0151je), hanem, akik a teljes frencs\u00e1jzzal meghitt viszonyt \u00e1polnak. Az eln\u00f6ki \u00fcgy ugyanis<\/p>\n<p>&#13;<\/p>\n<p>a m\u00e9rs\u00e9kelten vicces po\u00e9nok enerv\u00e1lt durrogtat\u00e1sa mellett pof\u00e1tlan rajong\u00f3simogat\u00e1s is<\/p>\n<p>&#13;<\/p>\n<p>&#8211; amiben annak kellene \u00f6r\u00fcln\u00fcnk, hogy l\u00e9pten-nyomon bek\u00f6sz\u00f6nnek a r\u00e9gebbi epiz\u00f3dok szerepl\u0151i, illetve a kor\u00e1bbi gegek is \u00fajrahasznos\u00edt\u00e1sra ker\u00fclnek. Az (anyagi) sikerhez a jelek szerint ez is el\u00e9g, Spanyolorsz\u00e1gban mindenk\u00e9pp, ahol k\u00f6zel n\u00e9gymilli\u00f3n \u00fcltek be r\u00e1 a moziban \u2013 a Torrente-kultusz mindenhat\u00f3s\u00e1g\u00e1t j\u00f3l illusztr\u00e1lja, hogy a bemutat\u00f3 el\u0151tt egyetlen trailert vagy jelenetk\u00e9pet se publik\u00e1ltak a filmb\u0151l. Nincs kiz\u00e1rva, hogy a belpolitikai utal\u00e1sok miatt hazai p\u00e1ly\u00e1n pik\u00e1nsabbnak \u00e9rz\u0151dik a produktum, ezek n\u00e9lk\u00fcl viszont pont annyira enerv\u00e1lt \u00e9s felejthet\u0151 Az eln\u00f6ki \u00fcgy, mint Alec Baldwin \u00e9s Kevin Spacey haknicame\u00f3ja.<\/p>\n<p>&#13;<\/p>\n<p><a href=\"https:\/\/port.hu\/cikk\/tv\/igy-keszult-torrente-a-torveny-ket-balkeze\/article-87260\" rel=\"nofollow noopener\" target=\"_blank\"><img decoding=\"async\" src=\"https:\/\/www.europesays.com\/hu\/wp-content\/uploads\/2026\/09\/792.jpg\" width=\"300\"\/><\/a><a href=\"https:\/\/port.hu\/cikk\/tv\/igy-keszult-torrente-a-torveny-ket-balkeze\/article-87260\" rel=\"nofollow noopener\" target=\"_blank\">\u00cdgy k\u00e9sz\u00fclt Torrente, a t\u00f6rv\u00e9ny k\u00e9t balkeze<\/a><\/p>\n<p>Egy felh\u00e1bor\u00edt\u00f3an vicces kom\u00e9dia, amely olyan n\u00e9pszer\u0171 n\u00e1lunk, hogy m\u00e9g a r\u00e1di\u00f3 is leadta.<\/p>\n<p><a class=\"article-btn\" href=\"https:\/\/port.hu\/cikk\/tv\/igy-keszult-torrente-a-torveny-ket-balkeze\/article-87260\" rel=\"nofollow noopener\" target=\"_blank\">Ez is \u00e9rdekelhet<\/a><\/p>\n<p>&#13;<\/p>\n<p>\u00a0<\/p>\n<p>                <a href=\"https:\/\/google.com\/preferences\/source?q=https:\/\/port.hu\" target=\"_blank\" class=\"google-pref-banner\" id=\"googlePrefBanner\" rel=\"nofollow noopener\"><br \/>\n                    <img loading=\"lazy\" decoding=\"async\" src=\"https:\/\/port.hu\/img\/svg\/google-logo.svg\" width=\"52\" height=\"52\"\/><br \/>\n                    Itt \u00e1ll\u00edtsa be, hogy a Port az els\u0151k k\u00f6z\u00f6tt legyen a Google-tal\u00e1latokban!<\/p>\n<p>                <\/a><\/p>\n","protected":false},"excerpt":{"rendered":"A Torrente 6 \u2013 Az eln\u00f6ki \u00fcgy m\u00e9gsem igazi politikai szat\u00edra, csak rajong\u00f3simogat\u00e1s. K\u00f6zel h\u00fasz \u00e9ve robbant be&hellip;\n","protected":false},"author":2,"featured_media":232823,"comment_status":"","ping_status":"","sticky":false,"template":"","format":"standard","meta":{"footnotes":"","_share_on_mastodon":"0"},"categories":[16],"tags":[137,44,42,40,438,43,41,166,18298,2850,22668,138,15339,61397,39109,5898],"class_list":["post-232822","post","type-post","status-publish","format-standard","has-post-thumbnail","category-szorakozas","tag-entertainment","tag-hu","tag-hungarian","tag-hungary","tag-kritika","tag-magyar","tag-magyarorszag","tag-mozi","tag-politikai-szatira","tag-premier","tag-szatira","tag-szorakozas","tag-torrente","tag-torrente-6-az-elnoki-ugy","tag-torrente-a-torveny-ket-balkeze","tag-vigjatek"],"share_on_mastodon":{"url":"https:\/\/pubeurope.com\/@hu\/117213227411442604","error":""},"_links":{"self":[{"href":"https:\/\/www.europesays.com\/hu\/wp-json\/wp\/v2\/posts\/232822","targetHints":{"allow":["GET"]}}],"collection":[{"href":"https:\/\/www.europesays.com\/hu\/wp-json\/wp\/v2\/posts"}],"about":[{"href":"https:\/\/www.europesays.com\/hu\/wp-json\/wp\/v2\/types\/post"}],"author":[{"embeddable":true,"href":"https:\/\/www.europesays.com\/hu\/wp-json\/wp\/v2\/users\/2"}],"replies":[{"embeddable":true,"href":"https:\/\/www.europesays.com\/hu\/wp-json\/wp\/v2\/comments?post=232822"}],"version-history":[{"count":0,"href":"https:\/\/www.europesays.com\/hu\/wp-json\/wp\/v2\/posts\/232822\/revisions"}],"wp:featuredmedia":[{"embeddable":true,"href":"https:\/\/www.europesays.com\/hu\/wp-json\/wp\/v2\/media\/232823"}],"wp:attachment":[{"href":"https:\/\/www.europesays.com\/hu\/wp-json\/wp\/v2\/media?parent=232822"}],"wp:term":[{"taxonomy":"category","embeddable":true,"href":"https:\/\/www.europesays.com\/hu\/wp-json\/wp\/v2\/categories?post=232822"},{"taxonomy":"post_tag","embeddable":true,"href":"https:\/\/www.europesays.com\/hu\/wp-json\/wp\/v2\/tags?post=232822"}],"curies":[{"name":"wp","href":"https:\/\/api.w.org\/{rel}","templated":true}]}}