{"id":232849,"date":"2026-09-04T14:48:09","date_gmt":"2026-09-04T14:48:09","guid":{"rendered":"https:\/\/www.europesays.com\/hu\/232849\/"},"modified":"2026-09-04T14:48:09","modified_gmt":"2026-09-04T14:48:09","slug":"uj-reszekkel-es-szereplokkel-ter-vissza-a-heti-hetes","status":"publish","type":"post","link":"https:\/\/www.europesays.com\/hu\/232849\/","title":{"rendered":"\u00daj r\u00e9szekkel \u00e9s szerepl\u0151kkel t\u00e9r vissza a Heti Hetes"},"content":{"rendered":"<p>V\u00e9get \u00e9r a ny\u00e1ri sz\u00fcnet, szeptember 6-t\u00f3l vas\u00e1rnap est\u00e9nk\u00e9nt \u00faj r\u00e9szekkel folytat\u00f3dik a Heti Hetes az RTL-en \u00e9s az RTL+ Premiumon. A m\u0171sor tavasszal t\u00edz \u00e9v kihagy\u00e1s ut\u00e1n t\u00e9rt vissza a k\u00e9perny\u0151re, most pedig ott folytatja, ahol j\u00faniusban abbahagyta.<\/p>\n<p>A ny\u00e1ri sz\u00fcnet ut\u00e1ni els\u0151 ad\u00e1sban a m\u00e1r megszokott arcokon k\u00edv\u00fcl k\u00e9t \u00faj h\u00edress\u00e9g is felt\u0171nik majd: J\u00e1rai M\u00e1t\u00e9 sz\u00ednmv\u0171\u00e9sz \u00e9s Janklovics P\u00e9ter humorista is csatlakozik a csapathoz<\/p>\n<p>Rajtkuk k\u00edv\u00fcl Fancsikai Eszter, Hev\u00e9r G\u00e1bor, Kajdy Csaba \u00e9s Lilu alkotja a csapatot, a h\u00e1zigazda pedig ez\u00fattal is Nagy \u00c1d\u00e1m lesz.<\/p>\n<p>Arr\u00f3l, mit gondolnak a r\u00e9gi szerepl\u0151k a t\u00edz \u00e9v ut\u00e1n felt\u00e1mad\u00f3 m\u0171sorr\u00f3l, itt mes\u00e9ltek a lapunknak \u2013 t\u00f6bbek k\u00f6zt <a href=\"https:\/\/24.hu\/kultura\/2026\/04\/12\/heti-hetes-2026-ujraindulas-jakso-laszlo-hajos-andras-hajdu-steve\/\" target=\"_blank\" rel=\"noopener nofollow\">J\u00e1ks\u00f3 L\u00e1szl\u00f3<\/a>\u00a0\u00e9s <a href=\"https:\/\/24.hu\/kultura\/2026\/04\/11\/heti-hetes-2026-ujraindulas-havas-henrik-hernadi-judit-verebes-istvan\/\" target=\"_blank\" rel=\"noopener nofollow\">Havas Henrik <\/a>\u2013, az els\u0151 ad\u00e1sr\u00f3l pedig itt \u00edrtunk:<\/p>\n","protected":false},"excerpt":{"rendered":"V\u00e9get \u00e9r a ny\u00e1ri sz\u00fcnet, szeptember 6-t\u00f3l vas\u00e1rnap est\u00e9nk\u00e9nt \u00faj r\u00e9szekkel folytat\u00f3dik a Heti Hetes az RTL-en \u00e9s&hellip;\n","protected":false},"author":2,"featured_media":232850,"comment_status":"","ping_status":"","sticky":false,"template":"","format":"standard","meta":{"footnotes":"","_share_on_mastodon":"0"},"categories":[19],"tags":[137,612,15265,44,42,40,43,41,138,191],"class_list":["post-232849","post","type-post","status-publish","format-standard","has-post-thumbnail","category-tv","tag-entertainment","tag-filmtv","tag-heti-hetes","tag-hu","tag-hungarian","tag-hungary","tag-magyar","tag-magyarorszag","tag-szorakozas","tag-tv"],"share_on_mastodon":{"url":"https:\/\/pubeurope.com\/@hu\/117213325094572984","error":""},"_links":{"self":[{"href":"https:\/\/www.europesays.com\/hu\/wp-json\/wp\/v2\/posts\/232849","targetHints":{"allow":["GET"]}}],"collection":[{"href":"https:\/\/www.europesays.com\/hu\/wp-json\/wp\/v2\/posts"}],"about":[{"href":"https:\/\/www.europesays.com\/hu\/wp-json\/wp\/v2\/types\/post"}],"author":[{"embeddable":true,"href":"https:\/\/www.europesays.com\/hu\/wp-json\/wp\/v2\/users\/2"}],"replies":[{"embeddable":true,"href":"https:\/\/www.europesays.com\/hu\/wp-json\/wp\/v2\/comments?post=232849"}],"version-history":[{"count":0,"href":"https:\/\/www.europesays.com\/hu\/wp-json\/wp\/v2\/posts\/232849\/revisions"}],"wp:featuredmedia":[{"embeddable":true,"href":"https:\/\/www.europesays.com\/hu\/wp-json\/wp\/v2\/media\/232850"}],"wp:attachment":[{"href":"https:\/\/www.europesays.com\/hu\/wp-json\/wp\/v2\/media?parent=232849"}],"wp:term":[{"taxonomy":"category","embeddable":true,"href":"https:\/\/www.europesays.com\/hu\/wp-json\/wp\/v2\/categories?post=232849"},{"taxonomy":"post_tag","embeddable":true,"href":"https:\/\/www.europesays.com\/hu\/wp-json\/wp\/v2\/tags?post=232849"}],"curies":[{"name":"wp","href":"https:\/\/api.w.org\/{rel}","templated":true}]}}