{"id":232872,"date":"2026-09-04T15:11:10","date_gmt":"2026-09-04T15:11:10","guid":{"rendered":"https:\/\/www.europesays.com\/hu\/232872\/"},"modified":"2026-09-04T15:11:10","modified_gmt":"2026-09-04T15:11:10","slug":"index-belfold-magzatkarosito-oldoszer-kerult-a-talajba-az-ivancsai-akkumulatorgyar-teruleten","status":"publish","type":"post","link":"https:\/\/www.europesays.com\/hu\/232872\/","title":{"rendered":"Index &#8211; Belf\u00f6ld &#8211; Magzatk\u00e1ros\u00edt\u00f3 old\u00f3szer ker\u00fclt a talajba az iv\u00e1ncsai akkumul\u00e1torgy\u00e1r ter\u00fclet\u00e9n"},"content":{"rendered":"<p>Szennyez\u00e9s, old\u00f3szer ker\u00fclt a talajba az iv\u00e1ncsai akkumul\u00e1torgy\u00e1r ter\u00fclet\u00e9n; a falu polg\u00e1rmestere azonnal elrendelte helyi kutak viz\u00e9nek bevizsg\u00e1l\u00e1s\u00e1t. Mindez a vezet\u00e9kes iv\u00f3vizet nem \u00e9rinti, az Ercsi fel\u0151l \u00e9rkezik cs\u0151vezet\u00e9ken, sz\u00e1molt be az MTI.<\/p>\n<p>A Fej\u00e9r v\u00e1rmegyei telep\u00fcl\u00e9s p\u00e9nteken a k\u00f6z\u00f6ss\u00e9gi oldal\u00e1n azt \u00edrta: az Sk On akkumul\u00e1torgy\u00e1r arr\u00f3l t\u00e1j\u00e9koztatta Iv\u00e1ncsa k\u00f6zs\u00e9g \u00f6nkorm\u00e1nyzat\u00e1t, hogy az \u00fczem bels\u0151 ter\u00fclet\u00e9n tal\u00e1lhat\u00f3 monitoringk\u00fatban NMP (n-metil-2-pirrolidon) szennyez\u00e9st mutatott ki a gy\u00e1r \u00f6nellen\u0151rz\u0151 m\u00e9r\u00e9se.<\/p>\n<p>Jelezt\u00e9k,<\/p>\n<p>az NMP olyan old\u00f3szer, amely a szervezetbe ker\u00fclve fejti ki k\u00e1ros, p\u00e9ld\u00e1ul magzatk\u00e1ros\u00edt\u00f3 hat\u00e1s\u00e1t.<\/p>\n<p>Az MTI \u00e9rdekl\u0151d\u00e9s\u00e9re S\u00e1f\u00e1r Gabriella jegyz\u0151 elmondta: a gy\u00e1r cs\u00fct\u00f6rt\u00f6k\u00f6n k\u00f6z\u00f6lte az \u00f6nkorm\u00e1nyzattal, hogy augusztus 28-\u00e1n fedezt\u00e9k fel a szennyez\u00e9st, \u00e9s azonnal \u00e9rtes\u00edtett\u00e9k a hat\u00f3s\u00e1gokat, amelyek a vizsg\u00e1latokat megkezdt\u00e9k.<\/p>\n<p>Hozz\u00e1tette: enn\u00e9l t\u00f6bb inform\u00e1ci\u00f3t a vizsg\u00e1latokr\u00f3l nem tudnak, a gy\u00e1r m\u00e9g annyit jelzett fel\u00e9j\u00fck, hogy a szennyez\u0151 forr\u00e1st megsz\u00fcntett\u00e9k, minden olyan folyamatot le\u00e1ll\u00edtottak, amely tov\u00e1bbi szennyez\u00e9st okozhatna.<\/p>\n<p>                        A f\u00fart kutak viz\u00e9t is bevizsg\u00e1lj\u00e1k<\/p>\n<p>A jegyz\u0151 besz\u00e1molt arr\u00f3l, hogy <a href=\"https:\/\/www.facebook.com\/molnar.kepviselo\/posts\/pfbid0quueLBXJ3bM2piq3pLwPYAvaAo41RSdVEYS8Vs4PMnf4xyhodGDyZYyQ48m3EX7el?locale=hu_HU\" id=\"hyperlink_061c3a959099036dc3197eeea47e86b1\" rel=\"nofollow noopener\" target=\"_blank\">Moln\u00e1r Tibor polg\u00e1rmester<\/a> halad\u00e9ktalanul elrendelte a falu valamennyi utc\u00e1j\u00e1ban egy-egy f\u00fart vagy \u00e1sott k\u00fat viz\u00e9nek bevizsg\u00e1l\u00e1s\u00e1t. A mintav\u00e9telt \u00e9s a vizsg\u00e1latot f\u00fcggetlen, akkredit\u00e1lt c\u00e9gk\u00e9nt a B\u00e1lint Analitika Kft. fogja elv\u00e9gezni, annak teljes k\u00f6lts\u00e9g\u00e9t az \u00f6nkorm\u00e1nyzat fizeti.<\/p>\n<p>A gyorsas\u00e1g \u00e9s a helybeli lakosok eg\u00e9szs\u00e9ge fontosabb, mint a p\u00e9nz<\/p>\n<p>\u2013 jegyezte meg a jegyz\u0151, aki azt is elmondta, hogy a v\u00edzmint\u00e1k vizsg\u00e1lat\u00e1t, f\u00fcggetlen\u00fcl a j\u00f6v\u0151 heti m\u00e9r\u00e9sek eredm\u00e9ny\u00e9t\u0151l, meg fogj\u00e1k ism\u00e9telni egy h\u00f3napon bel\u00fcl.<\/p>\n<p>A k\u00f6z\u00f6ss\u00e9gi oldalon tal\u00e1lhat\u00f3 bejegyz\u00e9s szerint az akkumul\u00e1torgy\u00e1r folyamatos t\u00e1j\u00e9koztat\u00e1st \u00edg\u00e9rt az \u00f6nkorm\u00e1nyzatnak a kialakult helyzettel kapcsolatban, a telep\u00fcl\u00e9svezet\u0151 ugyanakkor a k\u00f6rnyezetv\u00e9delmi hat\u00f3s\u00e1gt\u00f3l is k\u00e9rt inform\u00e1ci\u00f3kat a vizsg\u00e1lat eredm\u00e9ny\u00e9r\u0151l. Mint \u00edrt\u00e1k, a vezet\u00e9kes iv\u00f3v\u00edz Ercsi fel\u0151l \u00e9rkezik cs\u0151vezet\u00e9ken, azzal nem lehet probl\u00e9ma.<\/p>\n<p><a href=\"https:\/\/index.hu\/gazdasag\/2026\/08\/21\/ivancsa-akkumulatorgyar-szocialis-csaladugyi-szabo-imre-szilard\/\" id=\"hyperlink_29f9b2e28844abb42dacdb80c2f1d20b\" target=\"_self\" title=\"Maxim\u00e1lis, sz\u00e1zmilli\u00f3s b\u00edrs\u00e1got szabtak ki az iv\u00e1ncsai akkumul\u00e1torgy\u00e1rban tal\u00e1lt kir\u00edv\u00f3 szab\u00e1lytalans\u00e1gok miatt\" data-recommendation=\"bekezdes_utan\" data-recommendation-preview=\"{&quot;og:title&quot;:&quot;Maxim\u00e1lis, sz\u00e1zmilli\u00f3s b\u00edrs\u00e1got szabtak ki az iv\u00e1ncsai akkumul\u00e1torgy\u00e1rban tal\u00e1lt kir\u00edv\u00f3 szab\u00e1lytalans\u00e1gok miatt&quot;,&quot;og:description&quot;:&quot;R\u00e1kkelt\\u0151 anyag sziv\u00e1rgott az \u00fczemben, m\u00e9gsem tettek semmit.&quot;,&quot;og:image&quot;:&quot;\\\/\\\/kep.cdn.indexvas.hu\\\/1\\\/0\\\/5282\\\/52820\\\/528206\\\/52820613_3969399_8d07aa1b5ed1f056a61361f811105c39_wm.jpg&quot;}\" data-recommendation-id=\"6266167\" rel=\"nofollow noopener\">Mint arr\u00f3l kor\u00e1bban besz\u00e1moltunk<\/a>, kir\u00edv\u00f3 munkav\u00e9delmi szab\u00e1lytalans\u00e1gokat tal\u00e1ltak az iv\u00e1ncsai akkumul\u00e1torgy\u00e1rban, amely ez\u00e9rt a jogszab\u00e1lyok \u00e1ltal megengedett maxim\u00e1lis, sz\u00e1zmilli\u00f3 forintos b\u00edrs\u00e1got kapott. A d\u00f6nt\u00e9st k\u00f6vet\u0151en <a href=\"https:\/\/index.hu\/gazdasag\/2026\/08\/23\/akkugyar-buntetes-ivancsa-sk-on-hungary-reakcio\/\" id=\"hyperlink_4fda798c4c3def5eeaf07d3f9ff596b9\" target=\"_blank\" title=\"Megsz\u00f3lalt az iv\u00e1ncsai akkugy\u00e1r a sz\u00e1zmilli\u00f3s b\u00edrs\u00e1g ut\u00e1n\" rel=\"nofollow noopener\">megsz\u00f3lalt a d\u00e9l-koreai SK On Hungary is<\/a>. A v\u00e1llalat k\u00f6zlem\u00e9nyben fejezte ki sajn\u00e1lat\u00e1t, \u00e9s azt k\u00f6z\u00f6lte: a vizsg\u00e1lat ut\u00e1n fel\u00fclvizsg\u00e1lta \u00e9s meger\u0151s\u00edtette a biztons\u00e1gir\u00e1ny\u00edt\u00e1si gyakorlat\u00e1t.<\/p>\n<p>\n                          (Bor\u00edt\u00f3k\u00e9p: Az iv\u00e1ncsai akkumul\u00e1tor gy\u00e1r 2023. j\u00fanius 8-\u00e1n. Fot\u00f3: Papajcsik P\u00e9ter \/ Index)\n                        <\/p>\n<p><a href=\"https:\/\/dex.hu\/x.php?id=googlepref_desktop&amp;url=https:\/\/google.com\/preferences\/source?q=https:\/\/index.hu\" class=\"google-pref-banner \" id=\"googlePrefBanner\" rel=\"nofollow noopener\" target=\"_blank\"><\/p>\n<p>    Itt \u00e1ll\u00edtsa be, hogy az Index az els\u0151k k\u00f6z\u00f6tt legyen a Google-tal\u00e1latokban!<\/p>\n<p><\/a><\/p>\n<p>    <img decoding=\"async\" src=\"https:\/\/index.hu\/assets\/images\/social-follow\/logo-big.svg\" alt=\"Index.hu logo\"\/><\/p>\n<p>K\u00f6vesse az Indexet Facebookon is!<\/p>\n<p>    <a href=\"https:\/\/facebook.com\/Indexhu\" target=\"_blank\" rel=\"nofollow noopener\"><\/p>\n<p>        K\u00f6vetem!<br \/>\n    <\/a><\/p>\n","protected":false},"excerpt":{"rendered":"Szennyez\u00e9s, old\u00f3szer ker\u00fclt a talajba az iv\u00e1ncsai akkumul\u00e1torgy\u00e1r ter\u00fclet\u00e9n; a falu polg\u00e1rmestere azonnal elrendelte helyi kutak viz\u00e9nek bevizsg\u00e1l\u00e1s\u00e1t.&hellip;\n","protected":false},"author":2,"featured_media":232873,"comment_status":"","ping_status":"","sticky":false,"template":"","format":"standard","meta":{"footnotes":"","_share_on_mastodon":"0"},"categories":[6],"tags":[3885,80,152,44,42,40,12617,14711,43,41,61404,4702,5066,2313,4757,2730],"class_list":["post-232872","post","type-post","status-publish","format-standard","has-post-thumbnail","category-magyarorszag","tag-akkumulatorgyar","tag-belfold","tag-ce-napi","tag-hu","tag-hungarian","tag-hungary","tag-ivancsa","tag-kut","tag-magyar","tag-magyarorszag","tag-magzatkarosito-oldoszer","tag-nmp","tag-oldoszer","tag-viz","tag-vizsgalat","tag-zold-index"],"share_on_mastodon":{"url":"https:\/\/pubeurope.com\/@hu\/117213415898880717","error":""},"_links":{"self":[{"href":"https:\/\/www.europesays.com\/hu\/wp-json\/wp\/v2\/posts\/232872","targetHints":{"allow":["GET"]}}],"collection":[{"href":"https:\/\/www.europesays.com\/hu\/wp-json\/wp\/v2\/posts"}],"about":[{"href":"https:\/\/www.europesays.com\/hu\/wp-json\/wp\/v2\/types\/post"}],"author":[{"embeddable":true,"href":"https:\/\/www.europesays.com\/hu\/wp-json\/wp\/v2\/users\/2"}],"replies":[{"embeddable":true,"href":"https:\/\/www.europesays.com\/hu\/wp-json\/wp\/v2\/comments?post=232872"}],"version-history":[{"count":0,"href":"https:\/\/www.europesays.com\/hu\/wp-json\/wp\/v2\/posts\/232872\/revisions"}],"wp:featuredmedia":[{"embeddable":true,"href":"https:\/\/www.europesays.com\/hu\/wp-json\/wp\/v2\/media\/232873"}],"wp:attachment":[{"href":"https:\/\/www.europesays.com\/hu\/wp-json\/wp\/v2\/media?parent=232872"}],"wp:term":[{"taxonomy":"category","embeddable":true,"href":"https:\/\/www.europesays.com\/hu\/wp-json\/wp\/v2\/categories?post=232872"},{"taxonomy":"post_tag","embeddable":true,"href":"https:\/\/www.europesays.com\/hu\/wp-json\/wp\/v2\/tags?post=232872"}],"curies":[{"name":"wp","href":"https:\/\/api.w.org\/{rel}","templated":true}]}}