{"id":232886,"date":"2026-09-04T15:26:10","date_gmt":"2026-09-04T15:26:10","guid":{"rendered":"https:\/\/www.europesays.com\/hu\/232886\/"},"modified":"2026-09-04T15:26:10","modified_gmt":"2026-09-04T15:26:10","slug":"index-belfold-hadhazy-akos-beleszallt-a-honvedelmi-miniszterbe-durva-vadakkal-illette-ruszin-szendi-romuluszt","status":"publish","type":"post","link":"https:\/\/www.europesays.com\/hu\/232886\/","title":{"rendered":"Index &#8211; Belf\u00f6ld &#8211; Hadh\u00e1zy \u00c1kos belesz\u00e1llt a honv\u00e9delmi miniszterbe, durva v\u00e1dakkal illette Ruszin-Szendi Romuluszt"},"content":{"rendered":"<p>Ruszin-Szendi Romulusz <a href=\"https:\/\/www.facebook.com\/share\/r\/1BotE7diiv\/\" id=\"hyperlink_60e39309402977aaa5c3c13b553590c5\" rel=\"nofollow noopener\" target=\"_blank\">k\u00f6z\u00f6ss\u00e9gi oldal\u00e1n<\/a> reag\u00e1lt a <a href=\"https:\/\/dex.hu\/x.php?id=index_belfold_cikklink&amp;url=https%3A%2F%2Findex.hu%2Fbelfold%2F2026%2F09%2F04%2Fszuvak-attila-titkosszolgalat-nyomozas-ruszin-szendi-romulusz-panyi-szabolcs%2F\" id=\"hyperlink_657b3948e4f7c7f28c6e99eb4c7f5e5b\" target=\"_blank\" title=\"VSquare: A HVG forr\u00e1saira vad\u00e1sznak a Katonai Nemzetbiztons\u00e1gi Szolg\u00e1latn\u00e1l\" rel=\"nofollow noopener\">Panyi Szabolcs \u00e9s a HVG \u00e1ltal k\u00f6z\u00f6lt inform\u00e1ci\u00f3kra<\/a>, miszerint a Katonai Nemzetbiztons\u00e1gi Szolg\u00e1lat nyomoz\u00e1st ind\u00edtott, \u00e9s elrendelt\u00e9k, hogy olyan korl\u00e1tozott megfigyel\u00e9si \u00e9s h\u00edrszerz\u00e9si technik\u00e1kkal nyomozzanak \u00e9s gy\u0171jtsenek inform\u00e1ci\u00f3t a cikkek forr\u00e1s\u00e1nak gyan\u00edtott mintegy 20 akt\u00edv, illetve volt \u00e1llom\u00e1nyi tagr\u00f3l, amelyek alkalmaz\u00e1s\u00e1hoz nincs sz\u00fcks\u00e9g k\u00fcls\u0151 \u2013 b\u00edr\u00f3i vagy miniszteri \u2013 enged\u00e9lyre.<\/p>\n<p>A honv\u00e9delmi miniszter vide\u00f3ja al\u00e1 az egyik hozz\u00e1sz\u00f3l\u00e1s Hadh\u00e1zy \u00c1kos kor\u00e1bbi f\u00fcggetlen parlamenti k\u00e9pvisel\u0151t\u0151l \u00e9rkezett, aki a k\u00f6vetkez\u0151t \u00edrta:<\/p>\n<p>\u201eBevallom, ha valaki nekem 2013-ban elmondja, hogy a Fidesz buk\u00e1sa ut\u00e1n Orb\u00e1n egyik korrupt t\u00e1bornoka, akiben Orb\u00e1n annyira b\u00edzott, hogy a honv\u00e9ds\u00e9g vezet\u00e9s\u00e9t b\u00edzta r\u00e1, aki vez\u00e9rkari f\u0151n\u00f6kk\u00e9nt v\u00e9gigassziszt\u00e1lta sok sz\u00e1z tisztt\u00e1rsa kir\u00fag\u00e1s\u00e1t, aki az egymilli\u00e1rdos szolg\u00e1lati lak\u00e1s\u00e1nak \u00fcvegeibe a monogramj\u00e1t grav\u00edroztatta ahelyett, hogy feljelent\u00e9st \u00edrt volna h\u0171tlen kezel\u00e9s miatt, aki volt, amikor kirendelte maga ut\u00e1n a m\u00e1sodik honv\u00e9ds\u00e9gi luxusjetet Amerik\u00e1ba, amikor az els\u0151 megs\u00e9r\u00fclt, \u00e9s emiatt menetrend szerinti repcsivel kellett volna utaznia tov\u00e1bb, miniszterr\u00e9 menti \u00e1t mag\u00e1t, kinevetem.\u201d<\/p>\n<p>A volt politikus hozz\u00e1tette: \u201eDe ha azt is elmondt\u00e1k volna, hogy lesz k\u00e9pe az Orb\u00e1n rendszere ellen k\u00fczd\u0151 f\u00fcggetlen \u00fajs\u00e1g\u00edr\u00f3kr\u00f3l ilyen hangnemben besz\u00e9lni, akkor lehet, hogy soha nem kezdek bele az Orb\u00e1n-rendszer elleni k\u00fczdelembe.\u201d B\u00e1r megjegyezte, amennyiben igaz, hogy f\u00fcggetlen \u00fajs\u00e1g\u00edr\u00f3kat figyelnek meg, akkor szerinte az Orb\u00e1n-rendszer m\u00e9g nem is sz\u0171nt meg val\u00f3j\u00e1ban, \u00e9s ez nagyon szomor\u00fa.<\/p>\n<p>                        M\u00e9g a k\u00f6zt\u00e1rsas\u00e1gi eln\u00f6k sem t\u00e1mogatta a titkosszolg\u00e1lat f\u0151igazgat\u00f3i jel\u00f6ltj\u00e9nek kinevez\u00e9s\u00e9t<\/p>\n<p>Kor\u00e1bban <a href=\"https:\/\/dex.hu\/x.php?id=index_belfold_cikklink&amp;url=https%3A%2F%2Findex.hu%2Fbelfold%2F2026%2F08%2F13%2Fszuvak-attila-sandor-palota-tabornok-kinevezes-honvedelmi-miniszterium%2F\" id=\"hyperlink_2fa701f1b3e88477da77b97ae4a8785f\" target=\"_blank\" title=\"Forsthoffer \u00c1gnes visszadobta Ruszin-Szendi Romulusz jel\u00f6ltj\u00e9nek t\u00e1bornoki kinevez\u00e9s\u00e9t\" rel=\"nofollow noopener\">besz\u00e1moltunk<\/a> r\u00f3la, hogy a S\u00e1ndor-palota jogi akad\u00e1lyokra hivatkozva nem \u00edrta al\u00e1 a Katonai Nemzetbiztons\u00e1gi Szolg\u00e1lat jelenlegi f\u0151igazgat\u00f3-helyettes\u00e9nek, Szuv\u00e1k Attil\u00e1nak a t\u00e1bornoki kinevez\u00e9s\u00e9t. Viszont a szervezetnek tov\u00e1bbra sincs f\u0151igazgat\u00f3ja, \u00edgy Szuv\u00e1k Attila l\u00e1tja el a hivatal vezet\u00e9s\u00e9t, korl\u00e1tozott jogk\u00f6r\u00f6kkel.<\/p>\n<p>Azonban a HVG t\u00f6bb cikket is lehozott arr\u00f3l, hogy a kijel\u00f6lt f\u0151igazgat\u00f3t nem t\u00e1mogatja a Katonai Nemzetbiztons\u00e1gi Szolg\u00e1lat, mert Szuv\u00e1k Attila nem rendelkezik a megfelel\u0151 szakmai kompetenci\u00e1val, \u00e9s vezet\u0151i tapasztalata sincs. R\u00e1ad\u00e1sul a S\u00e1ndor-palota sem \u00edrta al\u00e1 t\u00e1bornoki kinevez\u00e9s\u00e9t jogi akad\u00e1lyokra hivatkozva.<\/p>\n<p>\n                          (Bor\u00edt\u00f3k\u00e9p: Hadh\u00e1zy \u00c1kos 2025. szeptember 16-\u00e1n. Fot\u00f3: Papajcsik P\u00e9ter \/ Index)\n                        <\/p>\n<p><a href=\"https:\/\/dex.hu\/x.php?id=googlepref_desktop&amp;url=https:\/\/google.com\/preferences\/source?q=https:\/\/index.hu\" class=\"google-pref-banner \" id=\"googlePrefBanner\" rel=\"nofollow noopener\" target=\"_blank\"><\/p>\n<p>    Itt \u00e1ll\u00edtsa be, hogy az Index az els\u0151k k\u00f6z\u00f6tt legyen a Google-tal\u00e1latokban!<\/p>\n<p><\/a><\/p>\n<p>    <img decoding=\"async\" src=\"https:\/\/index.hu\/assets\/images\/social-follow\/logo-big.svg\" alt=\"Index.hu logo\"\/><\/p>\n<p>K\u00f6vesse az Indexet Facebookon is!<\/p>\n<p>    <a href=\"https:\/\/facebook.com\/Indexhu\" target=\"_blank\" rel=\"nofollow noopener\"><\/p>\n<p>        K\u00f6vetem!<br \/>\n    <\/a><\/p>\n","protected":false},"excerpt":{"rendered":"Ruszin-Szendi Romulusz k\u00f6z\u00f6ss\u00e9gi oldal\u00e1n reag\u00e1lt a Panyi Szabolcs \u00e9s a HVG \u00e1ltal k\u00f6z\u00f6lt inform\u00e1ci\u00f3kra, miszerint a Katonai Nemzetbiztons\u00e1gi&hellip;\n","protected":false},"author":2,"featured_media":232887,"comment_status":"","ping_status":"","sticky":false,"template":"","format":"standard","meta":{"footnotes":"","_share_on_mastodon":"0"},"categories":[33],"tags":[80,152,38,6303,35,37,44,42,40,43,41,1099,34,6155,53289,8881,36,39],"class_list":["post-232886","post","type-post","status-publish","format-standard","has-post-thumbnail","category-hirek","tag-belfold","tag-ce-napi","tag-focimek","tag-hadhazy-akos","tag-headlines","tag-hirek","tag-hu","tag-hungarian","tag-hungary","tag-magyar","tag-magyarorszag","tag-megfigyeles","tag-news","tag-ruszin-szendi-romulusz","tag-szuvak-attila","tag-titkosszolgalat","tag-top-stories","tag-vezeto-hirek"],"share_on_mastodon":{"url":"https:\/\/pubeurope.com\/@hu\/117213474730774234","error":""},"_links":{"self":[{"href":"https:\/\/www.europesays.com\/hu\/wp-json\/wp\/v2\/posts\/232886","targetHints":{"allow":["GET"]}}],"collection":[{"href":"https:\/\/www.europesays.com\/hu\/wp-json\/wp\/v2\/posts"}],"about":[{"href":"https:\/\/www.europesays.com\/hu\/wp-json\/wp\/v2\/types\/post"}],"author":[{"embeddable":true,"href":"https:\/\/www.europesays.com\/hu\/wp-json\/wp\/v2\/users\/2"}],"replies":[{"embeddable":true,"href":"https:\/\/www.europesays.com\/hu\/wp-json\/wp\/v2\/comments?post=232886"}],"version-history":[{"count":0,"href":"https:\/\/www.europesays.com\/hu\/wp-json\/wp\/v2\/posts\/232886\/revisions"}],"wp:featuredmedia":[{"embeddable":true,"href":"https:\/\/www.europesays.com\/hu\/wp-json\/wp\/v2\/media\/232887"}],"wp:attachment":[{"href":"https:\/\/www.europesays.com\/hu\/wp-json\/wp\/v2\/media?parent=232886"}],"wp:term":[{"taxonomy":"category","embeddable":true,"href":"https:\/\/www.europesays.com\/hu\/wp-json\/wp\/v2\/categories?post=232886"},{"taxonomy":"post_tag","embeddable":true,"href":"https:\/\/www.europesays.com\/hu\/wp-json\/wp\/v2\/tags?post=232886"}],"curies":[{"name":"wp","href":"https:\/\/api.w.org\/{rel}","templated":true}]}}