{"id":232919,"date":"2026-09-04T15:57:09","date_gmt":"2026-09-04T15:57:09","guid":{"rendered":"https:\/\/www.europesays.com\/hu\/232919\/"},"modified":"2026-09-04T15:57:09","modified_gmt":"2026-09-04T15:57:09","slug":"igy-all-most-az-aranylabda-verseny-a-30-as-lista-elott","status":"publish","type":"post","link":"https:\/\/www.europesays.com\/hu\/232919\/","title":{"rendered":"\u00cdgy \u00e1ll most az Aranylabda-verseny a 30-as lista el\u0151tt"},"content":{"rendered":"<p class=\"static-page__created\">2026. szeptember 4. 15:30<\/p>\n<p>V\u00e1g\u00f3lapra m\u00e1solva Link m\u00e1sol\u00e1sa <a class=\"share-network-facebook static-page__button social-share__button\" href=\"https:\/\/rtl.hu\/sport\/2026\/09\/04\/javascript:void(0)\" rel=\"nofollow noopener\" target=\"_blank\"><\/a><\/p>\n<p>A Bayern csat\u00e1r\u00e1nak brut\u00e1lis g\u00f3lsz\u00e1mai \u00e9s a Barcelona 19 \u00e9ves szt\u00e1rj\u00e1nak vil\u00e1gbajnoki c\u00edme versenghetnek id\u00e9n az Aranylabd\u00e1\u00e9rt. Luis Enrique m\u00e9gsem k\u00f6z\u00fcl\u00fck v\u00e1lasztana, szerinte az egym\u00e1s ut\u00e1n k\u00e9t BL-t nyer\u0151 PSG egyik j\u00e1t\u00e9kos\u00e1nak kellene megkapnia a d\u00edjat. Konkr\u00e9t \u00f6tlete is van, hogy ki legyen az.<\/p>\n<p>K\u00f6zeleg a 30-as lista, Luis Enrique besz\u00e1llt a vit\u00e1ba<\/p>\n<p>M\u00e1r csak n\u00e9h\u00e1ny nap van h\u00e1tra az Aranylabda 30 f\u0151s jel\u00f6ltlist\u00e1j\u00e1nak kihirdet\u00e9s\u00e9ig, az es\u00e9lylatolgat\u00e1sokban pedig Harry Kane \u00e9s Lamine Yamal neve rendre ott van a favoritok k\u00f6z\u00f6tt. A goal.com vil\u00e1gbajnoks\u00e1g ut\u00e1n friss\u00edtett <a target=\"_blank\" rel=\"noopener noreferrer nofollow\" href=\"https:\/\/www.goal.com\/en\/lists\/ballon-dor-2026-power-rankings\/blte900f51820beae01?utm_source=chatgpt.com\">er\u0151sorrendj\u00e9ben <\/a>a <a href=\"https:\/\/rtl.hu\/uefa\/bajnokok-ligaja-csapatok-bayern-munchen\" rel=\"nofollow noopener\" target=\"_blank\">Bayern <\/a>csat\u00e1ra \u00e1ll az els\u0151, a <a href=\"https:\/\/rtl.hu\/uefa\/bajnokok-ligaja-csapatok-barcelona\" rel=\"nofollow noopener\" target=\"_blank\">Barcelona <\/a>sz\u00e9ls\u0151je a m\u00e1sodik helyen, \u00e9s a fogad\u00f3irod\u00e1kn\u00e1l is ugyanez a sorrend. Szeptember 8-\u00e1n kider\u00fcl, kik ker\u00fclnek fel a hivatalos 30-as list\u00e1ra, a gy\u0151ztest pedig okt\u00f3ber 26-\u00e1n, Londonban hirdetik ki. A versenybe most Luis Enrique is besz\u00e1llt, a <a href=\"https:\/\/rtl.hu\/uefa\/bajnokok-ligaja-csapatok-psg\" rel=\"nofollow noopener\" target=\"_blank\">PSG <\/a>edz\u0151je azonban egyik\u00fck mellett sem tette le a voks\u00e1t. A Monaco elleni p\u00e9ntek esti bajnoki el\u0151tt arr\u00f3l k\u00e9rdezt\u00e9k, szerinte ki \u00e9rdemli meg az Aranylabd\u00e1t, illetve lehet-e es\u00e9lye Fabi\u00e1n Ruiznak.<\/p>\n<p>\u201eAki meg\u00e9rdemli az Aranylabd\u00e1t, az egy PSG-j\u00e1t\u00e9kos. Fabi\u00e1n is megnyerhetn\u00e9. PSG-j\u00e1t\u00e9kosnak kell lennie\u201d\u00a0<\/p>\n<p>\u2013 mondta Luis Enrique. A spanyol tr\u00e9ner hozz\u00e1tette, k\u00fcl\u00f6n\u00f6sebben nem \u00e9rdekli az egy\u00e9ni d\u00edj, mert sz\u00e1m\u00e1ra a futball csapatsport. Az \u00e1ll\u00e1spontja ugyanakkor egy\u00e9rtelm\u0171: az egym\u00e1s ut\u00e1n k\u00e9t <a href=\"https:\/\/rtl.hu\/sport\/uefa-bajnokok-ligaja\" rel=\"nofollow noopener\" target=\"_blank\">Bajnokok Lig\u00e1j\u00e1t<\/a> nyer\u0151 p\u00e1rizsiak teljes\u00edtm\u00e9ny\u00e9nek az Aranylabda-szavaz\u00e1sban is meg kellene jelennie.<\/p>\n<p>Kane olyan szezont futott, amilyenre alig van p\u00e9lda<\/p>\n<p>Ha kiz\u00e1r\u00f3lag az egy\u00e9ni sz\u00e1mokat n\u00e9zz\u00fck, Harry Kane mellett neh\u00e9z elmenni. A 32 \u00e9ves angol 51 t\u00e9tm\u00e9rk\u0151z\u00e9sen 61 g\u00f3lt szerzett a Bayernben: 36-ot a Bundeslig\u00e1ban, 14-et a Bajnokok Lig\u00e1j\u00e1ban, t\u00edzet a N\u00e9met Kup\u00e1ban \u00e9s egyet a Szuperkup\u00e1ban. A m\u00fcncheniekkel bajnok \u00e9s kupagy\u0151ztes lett, 36 bajnoki tal\u00e1lat\u00e1val pedig p\u00e1lyafut\u00e1sa sor\u00e1n m\u00e1sodszor az eur\u00f3pai Aranycip\u0151t is megszerezte. A vil\u00e1gbajnoks\u00e1gon sem \u00e1llt le, hat g\u00f3lig jutott, Anglia pedig bronz\u00e9rmesk\u00e9nt z\u00e1rta a torn\u00e1t.\u00a0<\/p>\n<p class=\"highlight highlight--1\">Klub- \u00e9s v\u00e1logatott meccseket egy\u00fctt sz\u00e1molva Kane \u00edgy 73 g\u00f3lt \u00e9s nyolc g\u00f3lpasszt tett le az asztalra a 2025\/26-os szezonban.\u00a0<\/p>\n<p>Ami ellene sz\u00f3lhat, az a k\u00e9t legnagyobb tr\u00f3fea hi\u00e1nya. A Bayern nem jutott be a Bajnokok Lig\u00e1ja d\u00f6nt\u0151j\u00e9be, Anglia pedig a vil\u00e1gbajnoks\u00e1got nem tudta megnyerni. Ezen a ponton v\u00e1lik k\u00fcl\u00f6n\u00f6sen er\u0151ss\u00e9 Lamine Yamal \u00e9rvrendszere.<\/p>\n<p>Yamal m\u00e1r 19 \u00e9vesen vil\u00e1gbajnok<\/p>\n<p>A Barcelona sz\u00e9ls\u0151je teljesen m\u00e1s m\u00f3don \u00e9p\u00edtette fel Aranylabda-es\u00e9lyeit. A katal\u00e1nokkal megnyerte a spanyol bajnoks\u00e1got, amelynek a v\u00e9g\u00e9n \u0151t v\u00e1lasztott\u00e1k a szezon legjobb j\u00e1t\u00e9kos\u00e1nak: 16 g\u00f3lt \u00e9s 12 g\u00f3lpasszt jegyzett a La Lig\u00e1ban. Minden sorozatot \u00e9s a v\u00e1logatottat is belesz\u00e1m\u00edtva 26 g\u00f3llal \u00e9s 21 g\u00f3lpasszal z\u00e1rta az id\u00e9nyt. A d\u00f6nt\u0151 k\u00fcl\u00f6nbs\u00e9get azonban a ny\u00e1ri vil\u00e1gbajnoks\u00e1g jelentheti.\u00a0<\/p>\n<p class=\"highlight highlight--1\">Spanyolorsz\u00e1g Argent\u00edn\u00e1t legy\u0151zve megszerezte t\u00f6rt\u00e9nete m\u00e1sodik vb-c\u00edm\u00e9t, \u00edgy Yamal 19 \u00e9vesen m\u00e1r Eur\u00f3pa- \u00e9s vil\u00e1gbajnoknak mondhatja mag\u00e1t.\u00a0<\/p>\n<p>A torna ugyanakkor nem Yamal egyszem\u00e9lyes show-ja volt. A v\u00e9b\u00e9 legjobb j\u00e1t\u00e9kos\u00e1nak Rodrit v\u00e1lasztott\u00e1k, \u00e9s a Barcelona tin\u00e9dzsere sem hozott olyan egy\u00e9ni sz\u00e1mokat, amelyek teljesen els\u00f6p\u00f6rn\u00e9k Kane 73 g\u00f3los id\u00e9ny\u00e9t.\u00a0<\/p>\n<p>A PSG mellett a BL sz\u00f3l, ellene viszont \u00e9ppen a csapategys\u00e9g<\/p>\n<p>Luis Enrique \u00e9rvel\u00e9se ett\u0151l m\u00e9g kor\u00e1ntsem l\u00e9gb\u0151l kapott. A PSG egym\u00e1s ut\u00e1n m\u00e1sodszor <a href=\"https:\/\/rtl.hu\/uefa\/2026\/05\/30\/psg-arsenal-osszefoglalo-bajnokok-ligaja-donto\" rel=\"nofollow noopener\" target=\"_blank\">nyerte meg<\/a> a Bajnokok Lig\u00e1j\u00e1t, r\u00e1ad\u00e1sul t\u00f6bb p\u00e1rizsi j\u00e1t\u00e9kos is kiemelked\u0151 id\u00e9nyt futott. Khvicha Kvaratskhelia p\u00e9ld\u00e1ul 23 g\u00f3llal \u00e9s t\u00edz g\u00f3lpasszal z\u00e1rt, \u00e9s a BL kies\u00e9ses szakasz\u00e1ban h\u00e9t egym\u00e1st k\u00f6vet\u0151 m\u00e9rk\u0151z\u00e9sen szerzett g\u00f3lt vagy adott g\u00f3lpasszt. A 2025-\u00f6s Aranylabd\u00e1s Ousmane Demb\u00e9l\u00e9 25 g\u00f3lig \u00e9s 14 g\u00f3lpasszig jutott. Luis Enrique m\u00e9gsem \u0151ket, hanem Fabi\u00e1n Ruizt emelte ki n\u00e9v szerint.\u00a0<\/p>\n<p class=\"highlight highlight--1\">A spanyol k\u00f6z\u00e9pp\u00e1ly\u00e1s mellett k\u00fcl\u00f6n\u00f6sen \u00e9rdekes \u00e9rv sz\u00f3l: ugyanabban az id\u00e9nyben lett BL-gy\u0151ztes a PSG-vel \u00e9s vil\u00e1gbajnok Spanyolorsz\u00e1ggal.\u00a0<\/p>\n<p>Mik\u00f6zben Kane a legjobb egy\u00e9ni sz\u00e1mokat hozta, Yamal pedig a Barcelona egyik vez\u00e9rek\u00e9nt lett vil\u00e1gbajnok, Fabi\u00e1n mindk\u00e9t nagy csapatsikerb\u0151l kivette a r\u00e9sz\u00e9t. A PSG legnagyobb ereje ugyanakkor ak\u00e1r a p\u00e1rizsi jel\u00f6ltek legnagyobb probl\u00e9m\u00e1ja is lehet. Luis Enrique csapat\u00e1nak sikerei nem egyetlen j\u00e1t\u00e9kos k\u00f6r\u00e9 \u00e9p\u00fcltek: Demb\u00e9l\u00e9, Kvaratskhelia, Fabi\u00e1n Ruiz, Vitinha \u00e9s m\u00e1sok k\u00f6z\u00f6tt is megoszlik az \u00e9rdem. Kane \u00e9s Yamal eset\u00e9ben ezzel szemben sokkal k\u00f6nnyebb egyetlen futballist\u00e1hoz k\u00f6tni az id\u00e9ny t\u00f6rt\u00e9net\u00e9t.\u00a0<\/p>\n<p>N\u00e9h\u00e1ny napon bel\u00fcl kider\u00fcl, kik ker\u00fclnek egy\u00e1ltal\u00e1n a hivatalos jel\u00f6ltek k\u00f6z\u00e9. Kane mellett a 73 g\u00f3l, Yamal mellett a barcelonai vez\u00e9rszerep \u00e9s a vil\u00e1gbajnoki c\u00edm, a PSG j\u00e1t\u00e9kosai mellett pedig az eur\u00f3pai dominancia sz\u00f3l \u2013 Luis Enrique pedig m\u00e1r vil\u00e1goss\u00e1 tette, \u0151 melyik \u00e9rvet tartja a leger\u0151sebbnek.<\/p>\n<p>Nyit\u00f3k\u00e9p: Luis Enrique \u00e9s Fabi\u00e1n Ruiz az eur\u00f3pai Szuperkupa megnyer\u00e9se ut\u00e1n (Grzegorz Wajda\/SOPA Images\/LightRocket via Getty Images)<\/p>\n","protected":false},"excerpt":{"rendered":"2026. szeptember 4. 15:30 V\u00e1g\u00f3lapra m\u00e1solva Link m\u00e1sol\u00e1sa A Bayern csat\u00e1r\u00e1nak brut\u00e1lis g\u00f3lsz\u00e1mai \u00e9s a Barcelona 19 \u00e9ves&hellip;\n","protected":false},"author":2,"featured_media":232920,"comment_status":"","ping_status":"","sticky":false,"template":"","format":"standard","meta":{"footnotes":"","_share_on_mastodon":"0"},"categories":[20],"tags":[18260,193,192,1770,194,197,137,61417,61418,378,22360,44,42,40,502,3227,23975,43,41,196,195,10000,45,138,4411],"class_list":["post-232919","post","type-post","status-publish","format-standard","has-post-thumbnail","category-muveszet-es-dizajn","tag-aranylabda","tag-art","tag-art-and-design","tag-barcelona","tag-design","tag-dizajn","tag-entertainment","tag-fabian-ruiz","tag-fc-bayern","tag-foci","tag-harry-kane","tag-hu","tag-hungarian","tag-hungary","tag-labdarugas","tag-lamine-yamal","tag-luis-enrique","tag-magyar","tag-magyarorszag","tag-muveszet","tag-muveszet-es-dizajn","tag-psg","tag-sport","tag-szorakozas","tag-vb-2026"],"share_on_mastodon":{"url":"https:\/\/pubeurope.com\/@hu\/117213596476937306","error":""},"_links":{"self":[{"href":"https:\/\/www.europesays.com\/hu\/wp-json\/wp\/v2\/posts\/232919","targetHints":{"allow":["GET"]}}],"collection":[{"href":"https:\/\/www.europesays.com\/hu\/wp-json\/wp\/v2\/posts"}],"about":[{"href":"https:\/\/www.europesays.com\/hu\/wp-json\/wp\/v2\/types\/post"}],"author":[{"embeddable":true,"href":"https:\/\/www.europesays.com\/hu\/wp-json\/wp\/v2\/users\/2"}],"replies":[{"embeddable":true,"href":"https:\/\/www.europesays.com\/hu\/wp-json\/wp\/v2\/comments?post=232919"}],"version-history":[{"count":0,"href":"https:\/\/www.europesays.com\/hu\/wp-json\/wp\/v2\/posts\/232919\/revisions"}],"wp:featuredmedia":[{"embeddable":true,"href":"https:\/\/www.europesays.com\/hu\/wp-json\/wp\/v2\/media\/232920"}],"wp:attachment":[{"href":"https:\/\/www.europesays.com\/hu\/wp-json\/wp\/v2\/media?parent=232919"}],"wp:term":[{"taxonomy":"category","embeddable":true,"href":"https:\/\/www.europesays.com\/hu\/wp-json\/wp\/v2\/categories?post=232919"},{"taxonomy":"post_tag","embeddable":true,"href":"https:\/\/www.europesays.com\/hu\/wp-json\/wp\/v2\/tags?post=232919"}],"curies":[{"name":"wp","href":"https:\/\/api.w.org\/{rel}","templated":true}]}}