{"id":232933,"date":"2026-09-04T16:07:06","date_gmt":"2026-09-04T16:07:06","guid":{"rendered":"https:\/\/www.europesays.com\/hu\/232933\/"},"modified":"2026-09-04T16:07:06","modified_gmt":"2026-09-04T16:07:06","slug":"hvg360-euronews-ertesules-van-remeny-hogy-az-eu-eltorolje-a-napi-egymillio-euros-buntetest-magyarorszaggal-szemben","status":"publish","type":"post","link":"https:\/\/www.europesays.com\/hu\/232933\/","title":{"rendered":"hvg360: Euronews-\u00e9rtes\u00fcl\u00e9s: Van rem\u00e9ny, hogy az EU elt\u00f6r\u00f6lje a napi egymilli\u00f3 eur\u00f3s b\u00fcntet\u00e9st Magyarorsz\u00e1ggal szemben"},"content":{"rendered":"<p>Az Euronews \u00fagy \u00e9rtes\u00fclt, hogy ha a Tisza-korm\u00e1ny nem ragaszkodik k\u00e9t \u00e1tmeneti int\u00e9zked\u00e9shez a migr\u00e1ci\u00f3 \u00fcgy\u00e9ben, akkor sz\u00f3 lehet az imm\u00e1r t\u00f6bb mint 900 milli\u00f3 eur\u00f3sra duzzadt b\u00edrs\u00e1g elenged\u00e9s\u00e9r\u0151l, hab\u00e1r szak\u00e9rt\u0151k k\u00e9tlik, hogy az Eur\u00f3pai B\u00edr\u00f3s\u00e1g is be\u00e9rn\u00e9 ennyivel. Mindenesetre most ez ir\u00e1nyban folynak a tapogat\u00f3z\u00e1sok \u2013 jelenti beavatott forr\u00e1sokra hivatkozva Zs\u00edros S\u00e1ndor.<\/p>\n<p>A sz\u00f3ban forg\u00f3 k\u00e9t rendelkez\u00e9s k\u00f6z\u00fcl az egyik az, hogy \u00e9rjen v\u00e9get a migr\u00e1ci\u00f3ra hivatkozva elrendelt sz\u00fcks\u00e9ghelyzet, amely a 2015-\u00f6s menek\u00fcltv\u00e1ls\u00e1g \u00f3ta van \u00e9rv\u00e9nyben, \u00e9s amelyet id\u00e1ig f\u00e9l\u00e9vente meghosszabb\u00edtottak. Hogy mi lesz, az a j\u00f6v\u0151 h\u00e9tf\u0151n d\u0151l el, akkor j\u00e1r le az utols\u00f3 hat\u00e1rid\u0151.<\/p>\n","protected":false},"excerpt":{"rendered":"Az Euronews \u00fagy \u00e9rtes\u00fclt, hogy ha a Tisza-korm\u00e1ny nem ragaszkodik k\u00e9t \u00e1tmeneti int\u00e9zked\u00e9shez a migr\u00e1ci\u00f3 \u00fcgy\u00e9ben, akkor sz\u00f3&hellip;\n","protected":false},"author":2,"featured_media":232934,"comment_status":"","ping_status":"","sticky":false,"template":"","format":"standard","meta":{"footnotes":"","_share_on_mastodon":"0"},"categories":[6],"tags":[429,44,42,40,981,43,944,41,1356,7792],"class_list":["post-232933","post","type-post","status-publish","format-standard","has-post-thumbnail","category-magyarorszag","tag-europai-unio","tag-hu","tag-hungarian","tag-hungary","tag-lapszemle","tag-magyar","tag-magyar-peter","tag-magyarorszag","tag-migracio","tag-migracios-paktum"],"share_on_mastodon":{"url":"https:\/\/pubeurope.com\/@hu\/117213636040461926","error":""},"_links":{"self":[{"href":"https:\/\/www.europesays.com\/hu\/wp-json\/wp\/v2\/posts\/232933","targetHints":{"allow":["GET"]}}],"collection":[{"href":"https:\/\/www.europesays.com\/hu\/wp-json\/wp\/v2\/posts"}],"about":[{"href":"https:\/\/www.europesays.com\/hu\/wp-json\/wp\/v2\/types\/post"}],"author":[{"embeddable":true,"href":"https:\/\/www.europesays.com\/hu\/wp-json\/wp\/v2\/users\/2"}],"replies":[{"embeddable":true,"href":"https:\/\/www.europesays.com\/hu\/wp-json\/wp\/v2\/comments?post=232933"}],"version-history":[{"count":0,"href":"https:\/\/www.europesays.com\/hu\/wp-json\/wp\/v2\/posts\/232933\/revisions"}],"wp:featuredmedia":[{"embeddable":true,"href":"https:\/\/www.europesays.com\/hu\/wp-json\/wp\/v2\/media\/232934"}],"wp:attachment":[{"href":"https:\/\/www.europesays.com\/hu\/wp-json\/wp\/v2\/media?parent=232933"}],"wp:term":[{"taxonomy":"category","embeddable":true,"href":"https:\/\/www.europesays.com\/hu\/wp-json\/wp\/v2\/categories?post=232933"},{"taxonomy":"post_tag","embeddable":true,"href":"https:\/\/www.europesays.com\/hu\/wp-json\/wp\/v2\/tags?post=232933"}],"curies":[{"name":"wp","href":"https:\/\/api.w.org\/{rel}","templated":true}]}}