{"id":232977,"date":"2026-09-04T16:48:12","date_gmt":"2026-09-04T16:48:12","guid":{"rendered":"https:\/\/www.europesays.com\/hu\/232977\/"},"modified":"2026-09-04T16:48:12","modified_gmt":"2026-09-04T16:48:12","slug":"elakadt-az-orosz-szankcios-torvenyjavaslat-a-vamtarifak-miatt-mert-tul-nagy-hatalmat-adna-trump-kezebe","status":"publish","type":"post","link":"https:\/\/www.europesays.com\/hu\/232977\/","title":{"rendered":"Elakadt az orosz szankci\u00f3s t\u00f6rv\u00e9nyjavaslat a v\u00e1mtarif\u00e1k miatt, mert t\u00fal nagy hatalmat adna Trump kez\u00e9be"},"content":{"rendered":"<p class=\"\">\n    A m\u00falt h\u00f3napban az amerikai szen\u00e1tus<a href=\"https:\/\/444.hu\/2026\/08\/08\/megszavazta-az-amerikai-szenatus-a-szankcios-csomagot-ami-alapjan-100-os-vammal-sujthatnak-magyarorszagot-is\" target=\"_blank\" rel=\"nofollow noopener\"> els\u00f6pr\u0151 t\u00f6bbs\u00e9ggel fogadta el<\/a> az orosz szankci\u00f3s t\u00f6rv\u00e9nyjavaslatot, most azonban egyre nagyobb ellen\u00e1ll\u00e1sba \u00fctk\u00f6zik a k\u00e9pvisel\u0151h\u00e1zban, \u00e9s el\u0151rel\u00e1that\u00f3lag el is akad. A novemberi f\u00e9lid\u0151s v\u00e1laszt\u00e1sokig legal\u00e1bbis, mivel sokan att\u00f3l tartanak, hogy a megszavaz\u00e1sa t\u00fals\u00e1gosan kiterjeszten\u00e9 Donald Trump eln\u00f6k v\u00e1mjogi hatalm\u00e1t, \u00e9s egyben felsr\u00f3foln\u00e1 az olaj\u00e1rakat is &#8211; \u00edrja a <a href=\"https:\/\/www.bloomberg.com\/news\/articles\/2026-09-03\/russia-sanctions-bill-stalls-in-us-house-amid-tariff-concerns\" target=\"_blank\" rel=\"nofollow noopener\">Bloomberg<\/a>.\n  <\/p>\n<p class=\"\">\n    Az Oroszorsz\u00e1g elleni szankci\u00f3s csomag alapj\u00e1n ak\u00e1r 100 sz\u00e1zal\u00e9kos v\u00e1mot vethetnek ki azokra az orsz\u00e1gokra, amelyek az orosz k\u0151olaj \u00e9s f\u00f6ldg\u00e1z legnagyobb v\u00e1s\u00e1rl\u00f3i (ezek k\u00f6z\u00e9 tartozik Magyarorsz\u00e1g is, de egyel\u0151re nincs sz\u00f3 arr\u00f3l, hogy Magyarorsz\u00e1g ellen t\u00e9nylegesen bevezetn\u00e9k az int\u00e9zked\u00e9st). A t\u00f6rv\u00e9ny m\u00e1sodlagos v\u00e1mokr\u00f3l sz\u00f3l\u00f3 r\u00e9sze els\u0151sorban az orosz energiahordoz\u00f3k legnagyobb v\u00e1s\u00e1rl\u00f3it, \u00edgy K\u00edn\u00e1t \u00e9s Indi\u00e1t c\u00e9lozza, de a legnagyobb eur\u00f3pai v\u00e1s\u00e1rl\u00f3kra, \u00edgy Magyarorsz\u00e1gra \u00e9s Szlov\u00e1ki\u00e1ra is hat\u00e1ssal lehet.\n  <\/p>\n<p class=\"\">\n    Az azonban, hogy Washington t\u00e9nylegesen kikre \u00e9s milyen c\u00e9llal fogja alkalmazni a b\u00fcntet\u0151v\u00e1mokat, l\u00e9nyeg\u00e9ben Donald Trumpon m\u00falik majd. A t\u00f6rv\u00e9nyjavaslat ugyanis felhatalmazza az amerikai eln\u00f6k\u00f6t, hogy egyedi d\u00f6nt\u00e9ssel felment\u00e9st adjon sz\u00f6vets\u00e9ges vagy diplom\u00e1ciailag az Egyes\u00fclt \u00c1llamokkal egy\u00fcttm\u0171k\u00f6d\u0151 orsz\u00e1goknak.\n  <\/p>\n<p class=\"\">\n    A szen\u00e1tus k\u00e9tp\u00e1rti t\u00e1mogat\u00e1ssal fogadta el a t\u00f6rv\u00e9nyt, \u00e1m az\u00f3ta mind a demokrata, mind a republik\u00e1nus k\u00e9pvisel\u0151k k\u00f6r\u00e9ben egyre nagyobb az aggodalom, \u00e9pp emiatt az utols\u00f3 passzus miatt, ami Trump kez\u00e9be ilyen hatalmat helyezne (mik\u00f6zben egy\u00e1ltal\u00e1n nem biztos, hogy az amerikai eln\u00f6k val\u00f3ban kivetne-e 100 sz\u00e1zal\u00e9kos v\u00e1mot p\u00e9ld\u00e1ul K\u00edn\u00e1ra mint az orosz k\u0151olajterm\u00e9kek legnagyobb v\u00e1s\u00e1rl\u00f3j\u00e1ra).\n  <\/p>\n<p class=\"\">\n     Mike Johnson, a k\u00e9pvisel\u0151h\u00e1z republik\u00e1nus eln\u00f6ke cs\u00fct\u00f6rt\u00f6k\u00f6n jelezte: szerinte k\u00e9ts\u00e9ges, hogy a novemberi f\u00e9lid\u0151s kongresszusi v\u00e1laszt\u00e1sok el\u0151tt szavazhatnak-e m\u00e9g a szankci\u00f3s t\u00f6rv\u00e9nyjavaslatr\u00f3l, ezt r\u00e9szben azzal indokolta, hogy a t\u00f6rv\u00e9nyhoz\u00f3k a k\u00f6vetkez\u0151 k\u00e9t h\u00f3napban csak n\u00e9h\u00e1ny napot terveznek Washingtonban dolgozni \u2013 mondta. Johnson szerint a k\u00fcl\u00fcgyi \u00e9s az ad\u00f3\u00fcgyi bizotts\u00e1gok vezet\u0151 demokrata k\u00e9pvisel\u0151i ellenzik az int\u00e9zked\u00e9st, de a k\u00e9pvisel\u0151h\u00e1z republik\u00e1nusai k\u00f6z\u00f6tt is vannak olyanok, akik hasonl\u00f3an v\u00e9lekednek.\n  <\/p>\n","protected":false},"excerpt":{"rendered":"A m\u00falt h\u00f3napban az amerikai szen\u00e1tus els\u00f6pr\u0151 t\u00f6bbs\u00e9ggel fogadta el az orosz szankci\u00f3s t\u00f6rv\u00e9nyjavaslatot, most azonban egyre nagyobb&hellip;\n","protected":false},"author":2,"featured_media":232978,"comment_status":"","ping_status":"","sticky":false,"template":"","format":"standard","meta":{"footnotes":"","_share_on_mastodon":"0"},"categories":[8],"tags":[18210,65,42,960,8328,104,64,43,41,39949,34,61427,94,93,92],"class_list":["post-232977","post","type-post","status-publish","format-standard","has-post-thumbnail","category-vilag","tag-amerikai-szenatus","tag-donald-trump","tag-hungarian","tag-india","tag-kepviselohaz","tag-kina","tag-kulfold","tag-magyar","tag-magyarorszag","tag-mike-johnson","tag-news","tag-orosz-szankcios-torvenyjavaslat","tag-vilag","tag-world","tag-world-news"],"share_on_mastodon":{"url":"https:\/\/pubeurope.com\/@hu\/117213797276921036","error":""},"_links":{"self":[{"href":"https:\/\/www.europesays.com\/hu\/wp-json\/wp\/v2\/posts\/232977","targetHints":{"allow":["GET"]}}],"collection":[{"href":"https:\/\/www.europesays.com\/hu\/wp-json\/wp\/v2\/posts"}],"about":[{"href":"https:\/\/www.europesays.com\/hu\/wp-json\/wp\/v2\/types\/post"}],"author":[{"embeddable":true,"href":"https:\/\/www.europesays.com\/hu\/wp-json\/wp\/v2\/users\/2"}],"replies":[{"embeddable":true,"href":"https:\/\/www.europesays.com\/hu\/wp-json\/wp\/v2\/comments?post=232977"}],"version-history":[{"count":0,"href":"https:\/\/www.europesays.com\/hu\/wp-json\/wp\/v2\/posts\/232977\/revisions"}],"wp:featuredmedia":[{"embeddable":true,"href":"https:\/\/www.europesays.com\/hu\/wp-json\/wp\/v2\/media\/232978"}],"wp:attachment":[{"href":"https:\/\/www.europesays.com\/hu\/wp-json\/wp\/v2\/media?parent=232977"}],"wp:term":[{"taxonomy":"category","embeddable":true,"href":"https:\/\/www.europesays.com\/hu\/wp-json\/wp\/v2\/categories?post=232977"},{"taxonomy":"post_tag","embeddable":true,"href":"https:\/\/www.europesays.com\/hu\/wp-json\/wp\/v2\/tags?post=232977"}],"curies":[{"name":"wp","href":"https:\/\/api.w.org\/{rel}","templated":true}]}}