{"id":232996,"date":"2026-09-04T17:03:17","date_gmt":"2026-09-04T17:03:17","guid":{"rendered":"https:\/\/www.europesays.com\/hu\/232996\/"},"modified":"2026-09-04T17:03:17","modified_gmt":"2026-09-04T17:03:17","slug":"index-gazdasag-felfedtek-a-lapjaikat-ilyen-magyarorszagot-akar-a-tisza-kormany","status":"publish","type":"post","link":"https:\/\/www.europesays.com\/hu\/232996\/","title":{"rendered":"Index &#8211; Gazdas\u00e1g &#8211; Felfedt\u00e9k a lapjaikat, ilyen Magyarorsz\u00e1got akar a Tisza-korm\u00e1ny"},"content":{"rendered":"<p>\n                           Tan\u00e1cs Zolt\u00e1n nyitja meg szeptember 7-\u00e9n, h\u00e9tf\u0151n K\u00f6z\u00e9p-Eur\u00f3pa legnagyobb mesters\u00e9gesintelligencia-konferenci\u00e1j\u00e1t, az Indamedia \u00e1ltal szervezett\u00a0<a href=\"https:\/\/www.aisummit.hu\/hu\" id=\"hyperlink_678bb29eade1be5419d035d8d38ab782\" rel=\"nofollow noopener\" target=\"_blank\">AI Summit Budapestet<\/a> a V\u00e1rosligetben.\n                        <\/p>\n<p>A miniszter szerint a legfejlettebb AI-modellek fejleszt\u0151i jellemz\u0151en csak n\u00e9h\u00e1ny orsz\u00e1gnak adj\u00e1k oda a cs\u00facstechnol\u00f3gi\u00e1jukat, azt\u00e1n van, hogy egyszer csak visszavonj\u00e1k a hozz\u00e1f\u00e9r\u00e9st, ami szerinte szuverenit\u00e1si k\u00e9rd\u00e9seket vet fel.<\/p>\n<p>A korm\u00e1ny c\u00e9lja, hogy magas szint\u0171 meg\u00e1llapod\u00e1sokat k\u00f6ss\u00f6n az amerikai fejleszt\u0151kkel, k\u00f6zt\u00fck az OpenAI-jal, a Google-lel \u00e9s a Microsofttal. Tan\u00e1cs Zolt\u00e1n elmondta, hogy a kapcsolatfelv\u00e9tel egy r\u00e9sz\u00fckkel m\u00e1r megt\u00f6rt\u00e9nt.<\/p>\n<p>A t\u00e1rgyal\u00e1si poz\u00edci\u00f3nkat viszont ny\u00edltan gyeng\u00e9nek festette le:<\/p>\n<p>A fejlett amerikai modelleket gy\u00e1rt\u00f3 c\u00e9geknek egy olyan orsz\u00e1ggal kellene magas szint\u0171 meg\u00e1llapod\u00e1st k\u00f6tni\u00fck, amelyr\u0151l k\u00fclf\u00f6ld\u00f6n gyakorlatilag az a k\u00e9p alakult ki, hogy az elm\u00falt 16 \u00e9vben az orosz titkosszolg\u00e1latok ki-be j\u00e1rtak, \u00e9s \u00fagy k\u00f6zlekedtek a rendszereikben, ahogy akartak. Sz\u00f3val nem lesz k\u00f6nny\u0171 t\u00e1rgyal\u00e1s.<\/p>\n<p>A miniszter szerint a kock\u00e1zat nemcsak diplom\u00e1ciai. Mint mondta, a vezet\u0151 modellek kiberbiztons\u00e1gi teljes\u00edtm\u00e9nye m\u00e1sf\u00e9l \u00e9v alatt n\u00e9h\u00e1ny sz\u00e1zal\u00e9kr\u00f3l 60-70 sz\u00e1zal\u00e9kra ugrott, mik\u00f6zben az \u00e1tlagember 5 sz\u00e1zal\u00e9k k\u00f6r\u00fcl teljes\u00edt ugyanezeken a teszteken. Ez azt jelenti, hogy a fejlett modellek rossz kezekbe ker\u00fclve gyorsabb \u00e9s t\u00f6megesebb t\u00e1mad\u00e1sokat tesznek lehet\u0151v\u00e9 az elavult infrastrukt\u00far\u00e1k ellen.<\/p>\n<p>A v\u00e1lasz a t\u00e1rca elk\u00e9pzel\u00e9se szerint egy egys\u00e9ges\u00edtett nemzeti kiberv\u00e9delmi szervezet lenne, amelyr\u0151l el\u0151terjeszt\u00e9s k\u00e9sz\u00fcl a minisztereln\u00f6knek.<\/p>\n<p>A miniszter hangs\u00falyozta, hogy ezzel a megl\u00e9v\u0151 egys\u00e9gek reag\u00e1l\u00f3k\u00e9pess\u00e9g\u00e9t gyors\u00edtan\u00e1k fel.<\/p>\n<p>                        H\u00e1rom nagy kih\u00edv\u00e1s, \u00e9s egy l\u00e1nc az iskolapadt\u00f3l a nagyv\u00e1llalatig<\/p>\n<p>Horv\u00e1th P\u00e9ter tudom\u00e1nypolitik\u00e1\u00e9rt \u00e9s innov\u00e1ci\u00f3\u00e9rt felel\u0151s \u00e1llamtitk\u00e1r \u2013 kor\u00e1bban a HUN-REN Szegedi Biol\u00f3giai Kutat\u00f3k\u00f6zpont Biok\u00e9miai Int\u00e9zet\u00e9nek vezet\u0151je \u2013 a strat\u00e9gia logik\u00e1j\u00e1t ismertette.<\/p>\n<p>Elmond\u00e1sa szerint a rendszert \u00fagynevezett grand challenge-ek, vagyis nagy t\u00e1rsadalmi kih\u00edv\u00e1sok k\u00f6r\u00e9 szervezik: az eg\u00e9szs\u00e9g, a technol\u00f3gia \u00e9s a k\u00f6rnyezet h\u00e1rmasa k\u00f6r\u00e9. Ezt k\u00e9t \u00e1tfog\u00f3 szempont eg\u00e9sz\u00edti ki, a t\u00e1rsadalmi j\u00f3l\u00e9t \u00e9s a biztons\u00e1g, ut\u00f3bbiba a kiberbiztons\u00e1got is bele\u00e9rtve.<\/p>\n<p>Az \u00e1llamtitk\u00e1r szerint azonos\u00edtott\u00e1k azt a l\u00e1ncot, amely az \u00e1ltal\u00e1nos iskol\u00e1t\u00f3l a GDP-t termel\u0151 magas hozz\u00e1adott \u00e9rt\u00e9k\u0171 nagyv\u00e1llalatokig vezet, \u00e9s ennek a beavatkoz\u00e1si pontjait keresik.<\/p>\n<p>A legnagyobb hi\u00e1nyoss\u00e1got az oktat\u00e1sban tal\u00e1lt\u00e1k.<\/p>\n<p>Els\u0151 k\u00f6rben t\u00edzezer k\u00f6z\u00e9piskol\u00e1st vonn\u00e1nak be egy innov\u00e1ci\u00f3s programba, majd a m\u00f3dszertant be\u00e9p\u00edten\u00e9k a nemzeti alaptantervbe.<\/p>\n<p>\u00daj elem az \u00fagynevezett misszi\u00f3vez\u00e9relt program, amely az alapkutat\u00e1si eredm\u00e9nyeket pr\u00f3b\u00e1lja startupokk\u00e1, vagyis gyorsan n\u00f6vekv\u0151 technol\u00f3giai c\u00e9gekk\u00e9 alak\u00edtani.<\/p>\n<p>A korai f\u00e1zis\u00fa v\u00e1llalkoz\u00e1sokn\u00e1l hibrid befektet\u00e9si modelleket dolgozn\u00e1nak ki, ahol a mag\u00e1nt\u0151ke is megjelenik. Az \u00e1llamtitk\u00e1r szerint a r\u00e9gi rendszer piactorz\u00edt\u00f3 elemeit ki kell vezetni.<\/p>\n<p>                        T\u00edzmilli\u00e1rdokat kap az asz\u00e1ly \u00e9s v\u00edzhi\u00e1ny elleni kutat\u00e1s<\/p>\n<p>A t\u00e1rca vezet\u0151i szerint a kutat\u00e1s-fejleszt\u00e9sre ford\u00edtott \u00f6sszeg jelenleg a GDP 1,3 sz\u00e1zal\u00e9ka k\u00f6r\u00fcl van, ami az uni\u00f3s rangsorok utols\u00f3 harmad\u00e1ba sorolja Magyarorsz\u00e1got. A strat\u00e9gia r\u00e9szleteit a miniszt\u00e9rium augusztus v\u00e9g\u00e9n az Orsz\u00e1ggy\u0171l\u00e9s <a href=\"https:\/\/index.hu\/gazdasag\/2026\/08\/26\/oktatasi-bizottsag-horvath-peter-allamtitkar-tudomany-innovacio\/\" id=\"hyperlink_2cfb00f816d2d884d771845cb4956b79\" target=\"_blank\" title=\"Az asztalra csaptak a Tisz\u00e1n\u00e1l, miut\u00e1n \u00f3ri\u00e1si lemarad\u00e1sra der\u00fclt f\u00e9ny\" data-recommendation=\"bekezdes_utan\" data-recommendation-preview=\"{&quot;og:title&quot;:&quot;Az asztalra csaptak a Tisz\u00e1n\u00e1l, miut\u00e1n \u00f3ri\u00e1si lemarad\u00e1sra der\u00fclt f\u00e9ny&quot;,&quot;og:description&quot;:&quot;Horv\u00e1th P\u00e9ter innov\u00e1ci\u00f3s \u00e1llamtitk\u00e1r v\u00e1zolta a tudom\u00e1nyos \u00e9s technol\u00f3giai t\u00e1rca terveit.&quot;,&quot;og:image&quot;:&quot;\\\/\\\/kep.cdn.indexvas.hu\\\/1\\\/0\\\/7125\\\/71251\\\/712519\\\/71251955_5254367_c20945eddfc385db58a23ceac3b5cb41_wm.jpg&quot;}\" data-recommendation-id=\"6268343\" rel=\"nofollow noopener\">Oktat\u00e1si Bizotts\u00e1ga el\u0151tt is bemutatta<\/a>.<\/p>\n<p>A c\u00e9l 2030-ra a 2 sz\u00e1zal\u00e9kos, 2035-re pedig a 3 sz\u00e1zal\u00e9kos kutat\u00e1s-fejleszt\u00e9si r\u00e1ford\u00edt\u00e1s a GDP-b\u0151l. Az \u00e1llamtitk\u00e1r szerint ut\u00f3bbit az uni\u00f3s szinten k\u00e9sz\u00fcl\u0151 kutat\u00e1si jogszab\u00e1ly egy\u00e9bk\u00e9nt is sz\u00e1monk\u00e9rhet\u0151v\u00e9 tenn\u00e9.<\/p>\n<p>A finansz\u00edroz\u00e1s motorja az NKFIH-alap lenne, amelyben jelenleg 103 milli\u00e1rd forint \u00e1ll rendelkez\u00e9sre az eg\u00e9sz magyar kutat\u00e1s-fejleszt\u00e9si szektor t\u00e1mogat\u00e1s\u00e1ra. Ezt 2029-re 225 milli\u00e1rdra emeln\u00e9k, a P\u00e9nz\u00fcgyminiszt\u00e9riummal folytatott t\u00e1rgyal\u00e1sok alapj\u00e1n.<\/p>\n<p>Az \u00e1llamtitk\u00e1r szerint az alapb\u00f3l tavaly 68 milli\u00e1rd forintot vontak el, ami nagys\u00e1grendileg a kutat\u00f3h\u00e1l\u00f3zat \u00e9ves t\u00e1mogat\u00e1s\u00e1val vethet\u0151 \u00f6ssze. A t\u00f6r\u00e9st 2021-re dat\u00e1lta. Az\u00f3ta az \u00e1llamtitk\u00e1r szerint a magyar kutat\u00e1sfinansz\u00edroz\u00e1s m\u00e9lyrep\u00fcl\u00e9sben van: nemhogy emelkedett volna, hanem tov\u00e1bb cs\u00f6kkent, a mai 1,3 sz\u00e1zal\u00e9k k\u00f6r\u00fcli szint pedig majdnem t\u00f6rt\u00e9nelmi m\u00e9lypont.<\/p>\n<p>Van egy k\u00f6zelg\u0151 hat\u00e1rid\u0151 is. A t\u00e1rca szakter\u00fclet\u00e9hez tartoz\u00f3 uni\u00f3s operat\u00edv programb\u00f3l 210 milli\u00e1rd forint felhaszn\u00e1latlanul \u00e1ll, \u00e9s k\u00e9t \u00e9v maradt a felhaszn\u00e1l\u00e1s\u00e1ra. Ebb\u0151l 50 milli\u00e1rd menne kutat\u00e1s-fejleszt\u00e9sre, 50 milli\u00e1rd kutat\u00e1si infrastrukt\u00far\u00e1ra.<\/p>\n<p>Itt hangzott el a besz\u00e9lget\u00e9s \u00fajdons\u00e1gnak sz\u00e1m\u00edt\u00f3 bejelent\u00e9se is: a v\u00edzmegtart\u00e1sra \u00e9s az asz\u00e1lyra ir\u00e1nyul\u00f3 kutat\u00e1sokat t\u00f6bb t\u00edzmilli\u00e1rd forintos csomaggal t\u00e1mogatn\u00e1k. Az \u00e1llamtitk\u00e1r maga jelezte, hogy err\u0151l nyilv\u00e1nosan itt besz\u00e9ltek el\u0151sz\u00f6r.<\/p>\n<p>                        Nem t\u00e1g\u00edtanak az \u0171ripart\u00f3l, s\u0151t&#8230;<\/p>\n<p>A miniszter az augusztusban indult 4iG-\u00e1tvil\u00e1g\u00edt\u00e1sr\u00f3l azt mondta, nincs hallgat\u00e1s, bels\u0151 ellen\u0151rz\u00e9s zajlik. A t\u00e1rc\u00e1hoz h\u00e1rom nagy \u0171ripari szerz\u0151d\u00e9s tartozik, ezek egy\u00fcttes \u00e9rt\u00e9ke szerinte 2,3 milli\u00e1rd eur\u00f3, a futamid\u0151 2040-ig sz\u00f3l.<\/p>\n<p>Tan\u00e1cs Zolt\u00e1n rendk\u00edv\u00fcl el\u0151nytelennek nevezte ezeket a meg\u00e1llapod\u00e1sokat.<\/p>\n<p>Itt is rendk\u00edv\u00fcl el\u0151nytelen szerz\u0151d\u00e9sekr\u0151l van sz\u00f3. Ahogy azt a minisztereln\u00f6k \u00far m\u00e1r bejelentette az uni\u00f3s sajt\u00f3t\u00e1j\u00e9koztat\u00f3j\u00e1n a koncesszi\u00f3s szerz\u0151d\u00e9sek kapcs\u00e1n, itt is azt tapasztaljuk, mintha olyanok \u00edrt\u00e1k volna ezeket a szerz\u0151d\u00e9seket, akiknek az lett volna az \u00e9rdek\u00fck, hogy nehogy v\u00e9letlen\u00fcl a magyar \u00e1llam, illetve a magyar emberek \u00e9rdekeit k\u00e9pviselj\u00e9k egy ekkora jelent\u0151s\u00e9g\u0171 szerz\u0151d\u00e9sben<\/p>\n<p>\u2013 fogalmazott. Fontos ugyanakkor, hogy a vizsg\u00e1latot elrendel\u0151 korm\u00e1nyhat\u00e1rozat kifejezetten kimondja: a lez\u00e1r\u00e1sig az \u00e1tvil\u00e1g\u00edt\u00e1s meg\u00e1llap\u00edt\u00e1saib\u00f3l nem vonhat\u00f3 le k\u00f6vetkeztet\u00e9s. A miniszter \u00e9rt\u00e9kel\u00e9se teh\u00e1t megel\u0151zi a vizsg\u00e1lat eredm\u00e9ny\u00e9t.<\/p>\n<p>Emellett mintegy 200 milli\u00e1rd forint \u00e9rt\u00e9k\u0171, \u00e9l\u0151 informatikai szerz\u0151d\u00e9se is van a korm\u00e1nynak a c\u00e9gcsoporttal. \u00c1ltal\u00e1noss\u00e1gban \u00edgy \u00e9rt\u00e9kelte a helyzetet a miniszter: \u201eNyilv\u00e1n, ahol van val\u00f3s szolg\u00e1ltat\u00e1s, j\u00f3 egy\u00fcttm\u0171k\u00f6d\u00e9s, ahol azt mondj\u00e1k, hogy rendben van a dolog, ott, \u00e9n azt gondolom, hogy az \u00e1llamnak mindig az az \u00e9rdeke, hogy ugyanazt a szolg\u00e1ltat\u00e1st jobb \u00e1ron tudja ig\u00e9nybe venni, \u00e9s nemzetbiztons\u00e1gilag is minden rendben legyen, minden biztons\u00e1gban legyen.\u201d<\/p>\n<p>\u201eHa ezeket tudjuk teljes\u00edteni, akkor a korm\u00e1nynak nem az az \u00e1ll\u00e1spontja, hogy b\u00e1rmilyen c\u00e9get ki k\u00e9ne tolni, vagy b\u00e1rmilyen c\u00e9get vegz\u00e1lni k\u00e9ne.\u201d<\/p>\n<p>\u201eMi minden ponton teljesen tisztess\u00e9ges m\u00f3don szeretn\u00e9nk a piaccal egy\u00fcttm\u0171k\u00f6dni, \u00e9s ez az egyetlen c\u00e9l lebeg a szem\u00fcnk el\u0151tt.\u201d<\/p>\n<p>Az \u0171riparr\u00f3l a miniszter azt mondta, nem szabad, hogy egyetlen c\u00e9g uralja a szektort, mik\u00f6zben mintegy sz\u00e1z magyar kis- \u00e9s k\u00f6z\u00e9pv\u00e1llalat dolgozik benne. A c\u00e9l az, hogy ezek egy eg\u00e9szs\u00e9gesen fejl\u0151d\u0151 eur\u00f3pai \u0171ripar \u00e9rt\u00e9kes besz\u00e1ll\u00edt\u00f3iv\u00e1 v\u00e1ljanak.<\/p>\n<p>Az \u0171rstrat\u00e9gi\u00e1t friss\u00edtik, az Eur\u00f3pai \u0170r\u00fcgyn\u00f6ks\u00e9ggel kapcsolatos deleg\u00e1ci\u00f3t \u00e1talak\u00edtj\u00e1k.<\/p>\n<p>A miniszter szerint Kapu Tibor orsz\u00e1gj\u00e1r\u00e1sa felbecs\u00fclhetetlen hat\u00e1s\u00fa volt a fiatalok tudom\u00e1ny ir\u00e1nti \u00e9rdekl\u0151d\u00e9s\u00e9re<\/p>\n<p>\u2013 a kutat\u00f3\u0171rhaj\u00f3s j\u00faniusban kapta meg a HUNOR-program vezet\u00e9s\u00e9t. Elmondta, hogy az \u0171ripart\u00f3l nem t\u00e1g\u00edtanak, mivel ez az egyik legjobb befektet\u00e9s is, hatszorozni lehet a szektorba \u00f6nt\u00f6tt p\u00e9nzeket.<\/p>\n<p>                        Tan\u00e1cs Zolt\u00e1n szerint t\u00fal kor\u00e1n hozta be az Orb\u00e1n-korm\u00e1ny az akkugy\u00e1rakat<\/p>\n<p>A besz\u00e9lget\u00e9s legkem\u00e9nyebb mondatai nem a j\u00f6v\u0151r\u0151l, hanem a m\u00faltr\u00f3l sz\u00f3ltak. Egy k\u00e9rd\u00e9sre v\u00e1laszolva, amely arra vonatkozott, mi lesz a megl\u00e9v\u0151 adotts\u00e1gokkal \u2013 a gy\u00f3gyszeriparral, az akkumul\u00e1toriparral, a j\u00e1rm\u0171iparral \u2013, a miniszter \u00e9lesen fogalmazott:<\/p>\n<p>\u201eAz Orb\u00e1n-korm\u00e1ny kicsit t\u00fal kor\u00e1n, h\u00e1rom-n\u00e9gy \u00e9vvel kor\u00e1bban, mint kellett volna, \u00e9s nem j\u00f3l v\u00e1gott bele ebbe az eg\u00e9sz akkumul\u00e1torfejleszt\u00e9sbe.&#8221;<\/p>\n<p>Indokl\u00e1sa szerint k\u00f6rnyezetszennyez\u0151 technol\u00f3gi\u00e1t hoztak az orsz\u00e1gba \u00fagy, hogy a korm\u00e1nyhivatalokat gyakorlatilag mentes\u00edtett\u00e9k a szab\u00e1lytalans\u00e1gok szigor\u00fa sz\u00e1monk\u00e9r\u00e9se al\u00f3l, kiemelt beruh\u00e1z\u00e1ss\u00e1 min\u0151s\u00edtve az \u00fczemeket. Ehhez a miniszter szerint t\u00f6bb sz\u00e1z milli\u00e1rd forintos \u00e1llami \u00e1ramt\u00e1mogat\u00e1s t\u00e1rsult, mik\u00f6zben a magyar hozz\u00e1adott \u00e9rt\u00e9k csek\u00e9ly maradt.<\/p>\n<p>Az aut\u00f3ipart ezzel szemben magas hozz\u00e1adott \u00e9rt\u00e9k\u0171 \u00e1gazatnak nevezte, ahol a Tier 1-es besz\u00e1ll\u00edt\u00f3k \u2013 vagyis az aut\u00f3gy\u00e1raknak k\u00f6zvetlen\u00fcl sz\u00e1ll\u00edt\u00f3 nagy alkatr\u00e9szgy\u00e1rt\u00f3k, p\u00e9ld\u00e1ul a Bosch vagy a Knorr Bremse \u2013 nagy kutat\u00f3k\u00f6zpontokat m\u0171k\u00f6dtetnek itthon.<\/p>\n<p>Az akkumul\u00e1toripart m\u00e9gsem adn\u00e1 fel. A miniszter szerint a szektor hossz\u00fa t\u00e1v\u00fa j\u00f6v\u0151je rendk\u00edv\u00fcl nagy kih\u00edv\u00e1s, de \u00e9ppen ez\u00e9rt sok kutat\u00e1st \u00e9s fejleszt\u00e9st h\u00edvhat \u00e9letre.<\/p>\n<p>Az innov\u00e1ci\u00f3 idehozatal\u00e1n\u00e1l a t\u00e1rca \u00e1ll\u00e1spontja szerint m\u00e1r nem a gy\u00e1rt\u00f3 nagyv\u00e1llalatokat, hanem a kutat\u00e1s-fejleszt\u00e9si k\u00f6zpontokat kell megc\u00e9lozni, a magyar egyetemek k\u00f6zel\u00e9be. Az Index k\u00e9rd\u00e9s\u00e9re az \u00e1llamtitk\u00e1r elmondta, hogy c\u00e9lkit\u0171z\u00e9sei k\u00f6z\u00f6tt szerepel, hogy az id\u00e9n legal\u00e1bb \u00f6tven nagyv\u00e1llalattal t\u00e1rgyaljanak vil\u00e1gszerte, els\u0151sorban gy\u00f3gyszeripari, biotechnol\u00f3giai \u00e9s eg\u00e9szs\u00e9g\u00fcgyi ter\u00fcleten.<\/p>\n<p>                        Pr\u00e1ga: k\u00f6z\u00f6s fell\u00e9p\u00e9s, Eur\u00f3pa nem akar m\u00e1sok m\u00f6g\u00f6tt kullogni<\/p>\n<p>Az Index k\u00e9rd\u00e9s\u00e9re a miniszter a pr\u00e1gai nyilatkozatr\u00f3l is besz\u00e9lt. Ez a mesters\u00e9ges intelligenci\u00e1r\u00f3l sz\u00f3l\u00f3 meg\u00e1llapod\u00e1s a V4-orsz\u00e1gokat \u2013 Magyarorsz\u00e1got, Csehorsz\u00e1got, Szlov\u00e1ki\u00e1t \u00e9s Lengyelorsz\u00e1got \u2013 \u00e9s t\u00f6bb m\u00e1s k\u00f6z\u00e9p- \u00e9s kelet-eur\u00f3pai \u00e1llamot, k\u00f6zt\u00fck balti orsz\u00e1gokat fogja \u00f6ssze.<\/p>\n<p>A dokumentum a technol\u00f3gia alkalmaz\u00e1s\u00e1r\u00f3l, k\u00f6z\u00f6s fejleszt\u00e9s\u00e9r\u0151l \u00e9s a tud\u00e1smegoszt\u00e1sr\u00f3l r\u00f6gz\u00edt \u00e1ll\u00e1spontot \u00e9s sz\u00e1nd\u00e9kot. A miniszter szerint a l\u00e9nyeg az, hogy ha a mesters\u00e9ges intelligencia szab\u00e1lyoz\u00e1sa a j\u00f6v\u0151ben valamilyen ir\u00e1nyba elmozdul, az al\u00e1\u00edr\u00f3k koordin\u00e1ltan, k\u00f6z\u00f6s \u00e1ll\u00e1sponttal tudjanak fell\u00e9pni.<\/p>\n<p>Enn\u00e9l k\u00e9zzelfoghat\u00f3bb v\u00e1llal\u00e1s is van benne. Meg\u00e1llapodtak arr\u00f3l, hogy megosztott mesters\u00e9gesintelligencia-infrastrukt\u00fara fejleszt\u00e9s\u00e9ben vesznek r\u00e9szt: Magyarorsz\u00e1g csatlakozik az uni\u00f3s AI Factory-programhoz \u2013 ezek nagy teljes\u00edtm\u00e9ny\u0171, kifejezetten mesters\u00e9ges intelligencia fejleszt\u00e9s\u00e9re sz\u00e1nt eur\u00f3pai sz\u00e1m\u00edt\u00f3k\u00f6zpontok \u2013, \u00e9s r\u00e9szese lesz egy lengyel konzorciumnak is.<\/p>\n<p>Abban is megegyeztek, hogy az uni\u00f3s digit\u00e1lis jogalkot\u00e1sban nem csak az AI-t \u00e9rint\u0151 k\u00e9rd\u00e9sekben l\u00e9pnek fel egy\u00fctt, hanem sz\u00e9lesebben, a digit\u00e1lis szab\u00e1lyoz\u00e1s eg\u00e9sz\u00e9ben. A miniszter szerint ez \u00e1ltal\u00e1nos keret, de j\u00f3 alap arra, hogy tudom\u00e1nyos egy\u00fcttm\u0171k\u00f6d\u00e9sek, k\u00f6z\u00f6s p\u00e1ly\u00e1zatok \u00e9s konkr\u00e9t projektek \u00e9p\u00fcljenek r\u00e1.<\/p>\n<p>A strat\u00e9gia egyik akci\u00f3jak\u00e9nt professzori sz\u00e9keket hirdetn\u00e9nek meg, hogy nemzetk\u00f6zi kutat\u00f3csoportok Magyarorsz\u00e1gon v\u00e9gezhessenek alapkutat\u00e1st mesters\u00e9ges intelligencia t\u00e9m\u00e1ban. A miniszter szerint ennek Pr\u00e1g\u00e1ban kifejezetten j\u00f3 volt a fogadtat\u00e1sa, \u00e9s a k\u00f6zelj\u00f6v\u0151ben kezdik a konkr\u00e9t t\u00e1rgyal\u00e1sokat a rendszer fel\u00e1ll\u00edt\u00e1s\u00e1r\u00f3l, illetve a professzorok \u00e9s kutat\u00f3csoportok megh\u00edv\u00e1s\u00e1r\u00f3l.<\/p>\n<p>A c\u00e9l elmond\u00e1sa szerint az, hogy Eur\u00f3pa ne csak k\u00f6vesse az Egyes\u00fclt \u00c1llamokat \u00e9s K\u00edn\u00e1t ezen a t\u00e9ren, ahogy azt jelenleg teszi.<\/p>\n<p>Az \u00e1llamtitk\u00e1r Krausz Ferenc Nobel-d\u00edjas magyar fizikus <a href=\"https:\/\/index.hu\/velemeny\/2026\/08\/31\/krausz-ferenc-elvonal-alapitvany-megszunes-kormany-vita\/\" id=\"hyperlink_8023d892a68591bc6c66ae5f980014e9\" target=\"_blank\" title=\"Krausz Ferenc: Requiem egy v\u00e1llal\u00e1s\u00e9rt\" data-recommendation=\"bekezdes_utan\" data-recommendation-preview=\"{&quot;og:title&quot;:&quot;Krausz Ferenc: Requiem egy v\u00e1llal\u00e1s\u00e9rt&quot;,&quot;og:description&quot;:&quot;\u201e397 862 710 forintot haszn\u00e1ltunk fel, m\u00e9gis t\u00f6bb p\u00e9nzt adunk vissza a magyar \u00e1llamnak, mint amennyit kaptunk\u201d \u2013 k\u00f6z\u00f6lte a Nobel-d\u00edjas fizikus.&quot;,&quot;og:image&quot;:&quot;\\\/\\\/kep.cdn.indexvas.hu\\\/1\\\/0\\\/7135\\\/71353\\\/713532\\\/71353291_5261639_eb77e95b45cba9eff530c75216afcec8_wm.jpg&quot;}\" data-recommendation-id=\"6270539\" rel=\"nofollow noopener\">Indexen megjelent v\u00e9lem\u00e9nycikk\u00e9re<\/a> reag\u00e1lva elmondta, hogy sz\u00edvesen m\u0171k\u00f6dn\u00e9nek egy\u00fctt a vil\u00e1gh\u00edr\u0171 kutat\u00f3val, azonban ehhez az kell, hogy \u0151 is akarja ezt.<\/p>\n<p>\n                          (Bor\u00edt\u00f3k\u00e9p: Budapest l\u00e1tk\u00e9pe 2026. m\u00e1jus 5-\u00e9n. Fot\u00f3: John Moore \/ Getty Images)\u00a0\n                        <\/p>\n<p><a href=\"https:\/\/dex.hu\/x.php?id=googlepref_desktop&amp;url=https:\/\/google.com\/preferences\/source?q=https:\/\/index.hu\" class=\"google-pref-banner \" id=\"googlePrefBanner\" rel=\"nofollow noopener\" target=\"_blank\"><\/p>\n<p>    Itt \u00e1ll\u00edtsa be, hogy az Index az els\u0151k k\u00f6z\u00f6tt legyen a Google-tal\u00e1latokban!<\/p>\n<p><\/a><\/p>\n<p>      <a class=\"\" href=\"https:\/\/indexadhu.hit.gemius.pl\/hitredir?id=d7.rQk91pCyMn7AhP950spbfLW9UV09Vz2WGFmgcDGv.N7&amp;stparam=ubqqhsgonq&amp;fastid=iaaimdmjgovrqxgmpnrdbsbmcajp&amp;nc=0&amp;url=https:\/\/aisummitbudapest.hu\/\" target=\"_blank\" rel=\"nofollow noopener\"><img decoding=\"async\" src=\"https:\/\/www.europesays.com\/hu\/wp-content\/uploads\/2026\/09\/1788541393_252_69486391_58fec5c1ccb7a721181e512a7783d891_wm.jpg\" width=\"100%\"\/><\/a><\/p>\n<p><img loading=\"lazy\" decoding=\"async\" src=\"https:\/\/www.europesays.com\/hu\/wp-content\/uploads\/2026\/09\/1788541395_521_redot.gif\" border=\"0\" height=\"0\" width=\"0\"\/><\/p>\n<p>                <a href=\"https:\/\/konyvek.index.hu\/\" target=\"_blank\" rel=\"nofollow noopener\"><br \/>\n                <img decoding=\"async\" src=\"https:\/\/index.hu\/assets\/images\/konyvajanlo\/book_indapress\/book_indapress_logo.svg\" loading=\"lazy\" alt=\"Inda Press Kiad\u00f3\"\/><br \/>\n                <\/a><\/p>\n<p>                <img decoding=\"async\" src=\"https:\/\/www.europesays.com\/hu\/wp-content\/uploads\/2026\/09\/whatsnext.png\" loading=\"lazy\" alt=\"What's next is now!\"\/><\/p>\n<p>Mi lenne, ha a j\u00f6v\u0151 nem csak t\u00f6rt\u00e9nne veled, hanem te alak\u00edtan\u00e1d? Ez a k\u00f6nyv seg\u00edt felk\u00e9sz\u00fclni, sosem tapasztalt m\u00f3don. Tedd meg az els\u0151 l\u00e9p\u00e9st most.  <\/p>\n<p>                <a class=\"book_index_btn\" href=\"https:\/\/indexadhu.hit.gemius.pl\/hitredir?id=nSCbubuYpDWJZLZs0TssLrbt33Lk5kbipuiZrkg89G3.g7&amp;stparam=vcfjpqgmbf&amp;fastid=lplbwtajxrtlabdtadgtgveqxwlp&amp;nc=0&amp;url=https:\/\/www.indapresskiado.hu\/products\/whats-next-is-now-tervezd-a-jelent\" target=\"_blank\" rel=\"nofollow noopener\">MEGVESZEM<\/a><\/p>\n<p>    <img decoding=\"async\" src=\"https:\/\/www.europesays.com\/hu\/wp-content\/uploads\/2026\/09\/1788541396_274_redot.gif\"\/><\/p>\n<p>    <img decoding=\"async\" src=\"https:\/\/index.hu\/assets\/images\/social-follow\/logo-big.svg\" alt=\"Index.hu logo\"\/><\/p>\n<p>K\u00f6vesse az Indexet Facebookon is!<\/p>\n<p>    <a href=\"https:\/\/facebook.com\/Indexhu\" target=\"_blank\" rel=\"nofollow noopener\"><\/p>\n<p>        K\u00f6vetem!<br \/>\n    <\/a><\/p>\n","protected":false},"excerpt":{"rendered":"Tan\u00e1cs Zolt\u00e1n nyitja meg szeptember 7-\u00e9n, h\u00e9tf\u0151n K\u00f6z\u00e9p-Eur\u00f3pa legnagyobb mesters\u00e9gesintelligencia-konferenci\u00e1j\u00e1t, az Indamedia \u00e1ltal szervezett\u00a0AI Summit Budapestet a V\u00e1rosligetben.&hellip;\n","protected":false},"author":2,"featured_media":232997,"comment_status":"","ping_status":"","sticky":false,"template":"","format":"standard","meta":{"footnotes":"","_share_on_mastodon":"0"},"categories":[6],"tags":[53133,152,1862,25954,2054,63,27095,44,42,40,4947,15974,13149,43,41,283,751,21707],"class_list":["post-232996","post","type-post","status-publish","format-standard","has-post-thumbnail","category-magyarorszag","tag-aisummit2026","tag-ce-napi","tag-egyetem","tag-elvonal-alapitvany","tag-ferencz-orsolya","tag-gazdasag","tag-horvath-peter","tag-hu","tag-hungarian","tag-hungary","tag-innovacio","tag-kapu-tibor","tag-krausz-ferenc","tag-magyar","tag-magyarorszag","tag-mesterseges-intelligencia","tag-strategia","tag-tanacs-zoltan"],"share_on_mastodon":{"url":"https:\/\/pubeurope.com\/@hu\/117213856727617338","error":""},"_links":{"self":[{"href":"https:\/\/www.europesays.com\/hu\/wp-json\/wp\/v2\/posts\/232996","targetHints":{"allow":["GET"]}}],"collection":[{"href":"https:\/\/www.europesays.com\/hu\/wp-json\/wp\/v2\/posts"}],"about":[{"href":"https:\/\/www.europesays.com\/hu\/wp-json\/wp\/v2\/types\/post"}],"author":[{"embeddable":true,"href":"https:\/\/www.europesays.com\/hu\/wp-json\/wp\/v2\/users\/2"}],"replies":[{"embeddable":true,"href":"https:\/\/www.europesays.com\/hu\/wp-json\/wp\/v2\/comments?post=232996"}],"version-history":[{"count":0,"href":"https:\/\/www.europesays.com\/hu\/wp-json\/wp\/v2\/posts\/232996\/revisions"}],"wp:featuredmedia":[{"embeddable":true,"href":"https:\/\/www.europesays.com\/hu\/wp-json\/wp\/v2\/media\/232997"}],"wp:attachment":[{"href":"https:\/\/www.europesays.com\/hu\/wp-json\/wp\/v2\/media?parent=232996"}],"wp:term":[{"taxonomy":"category","embeddable":true,"href":"https:\/\/www.europesays.com\/hu\/wp-json\/wp\/v2\/categories?post=232996"},{"taxonomy":"post_tag","embeddable":true,"href":"https:\/\/www.europesays.com\/hu\/wp-json\/wp\/v2\/tags?post=232996"}],"curies":[{"name":"wp","href":"https:\/\/api.w.org\/{rel}","templated":true}]}}