{"id":233002,"date":"2026-09-04T17:06:08","date_gmt":"2026-09-04T17:06:08","guid":{"rendered":"https:\/\/www.europesays.com\/hu\/233002\/"},"modified":"2026-09-04T17:06:08","modified_gmt":"2026-09-04T17:06:08","slug":"johnny-depp-es-zenekara-felforgatja-budapestet-szeretlek-magyarorszag","status":"publish","type":"post","link":"https:\/\/www.europesays.com\/hu\/233002\/","title":{"rendered":"Johnny Depp \u00e9s zenekara felforgatja Budapestet &#8211; Szeretlek Magyarorsz\u00e1g"},"content":{"rendered":"<p><a href=\"https:\/\/news.google.com\/rss\/articles\/CBMikwFBVV95cUxQVXNkbnVlY3RXcnk2TnhFZVVJcm1nM3MzMWQ2M3I3QUxPX0JOV3BTaEg5RnA4SDVBSldZbXRmd3UwdlpfNlMxbVpFamZOeC1rTmIyeHljTWhKaG9nNjliYlF5UU03U1hPdzh4dGE1MlZOQlRCYjcwSmRLRjFSUy1HSzRvVVdlZU1PSXhOandVVkV0aTQ?oc=5\" target=\"_blank\" rel=\"nofollow noopener\">Johnny Depp \u00e9s zenekara felforgatja Budapestet<\/a>&nbsp;&nbsp;Szeretlek Magyarorsz\u00e1g<a href=\"https:\/\/news.google.com\/rss\/articles\/CBMibkFVX3lxTE1QMktZOWlHclFmS2lGX2kxVFFRamV0aVc5OW9QcGx5U3RRQmZ1ajBUaWk2RmY5X2Z6S0xySGVpdDROWlRzc1pyUnFLRTRnM2wxVEZCUGhoV3o2UDE3TGZ0QThSY1FjQTVXTExFYVhB?oc=5\" target=\"_blank\" rel=\"nofollow noopener\">Hollywood Vampires<\/a>&nbsp;&nbsp;port.hu<a href=\"https:\/\/news.google.com\/rss\/articles\/CBMipAFBVV95cUxNTWxQM2dJaTYxbXpuQjNxNUpwQWRiWWJPQVRBcV84NFJvVlIxVGJQWlFfdXpIdFoyck1wOUt4QUY2YmdmQnd5eURmSUJtZTMxd0lON2hKNHc0TlY3dWZmT0lpX0dMbGZRVnVkM3BsSjA2aHc0cFZRQmFvdVE0S19xeTNRU3lDLUl0cThGZERkNjgxbzZIdThSZFowT2NraHJPbGhmUw?oc=5\" target=\"_blank\" rel=\"nofollow noopener\">Ennyire nem fogynak a jegyek? M\u00e1r kett\u0151t adnak egy \u00e1r\u00e1\u00e9rt Johnny Depp \u00e9s Alice Cooper budapesti koncertj\u00e9re<\/a>&nbsp;&nbsp;ORIGO<a href=\"https:\/\/news.google.com\/rss\/articles\/CBMiqwFBVV95cUxOdXBVUEx5SjJBY3A1OTNFZHJrVWxnZXNKMFhOZE1XblJ1NktyUHkzanlPNHp3eXpRZUNoZ2dVXzFKN0YzWDAyczZudGhoeEEwT0VYOVRDU05GTTJqVHVpMld0bnVSWURHWEtxbVlZS3YyRUM5UzhwYjBpVlBab0dvd2JFN0x1R3ZwLVV0a19IYzZNM2lWVXVseG0zRXhYd2c3SjVveTZocVBab0k?oc=5\" target=\"_blank\" rel=\"nofollow noopener\">A filmv\u00e1szonr\u00f3l a Budapest Ar\u00e9na sz\u00ednpad\u00e1ra: Johnny Depp hamarosan ism\u00e9t Magyarorsz\u00e1gon<\/a>&nbsp;&nbsp;VAOL<a href=\"https:\/\/news.google.com\/rss\/articles\/CBMivgFBVV95cUxOelg4bkVNVlF2SUU4ZDJGU3Fsc3FNVzNBdmkwR2QtZWhUWmpJVkkwSkhVUFBjdmw1Z3VDcnl0azNhYXBWZ3lDS3dUcnFad09BQ3EwdThoZU1EY2dVcGlXcFBsV1lBOXBUM2Fva041M2ZobXVUTjlucXFYOUpzZUlna2I5bDBwM3ZncFhUTHJtRnh1LWJHSnNRUElNY3RuQXdPMUFnaXJCVWVaYzNYdmRGVzdNOTYzREVQVnlMbzN3?oc=5\" target=\"_blank\" rel=\"nofollow noopener\">H\u00e1rom \u00e9v ut\u00e1n \u00fajra Budapesten a Hollywood Vampires \u2013 ez\u00fattal sz\u00ednpadra is l\u00e9pnek<\/a>&nbsp;&nbsp;Koncert.hu<\/p>\n","protected":false},"excerpt":{"rendered":"Johnny Depp \u00e9s zenekara felforgatja Budapestet&nbsp;&nbsp;Szeretlek Magyarorsz\u00e1gHollywood Vampires&nbsp;&nbsp;port.huEnnyire nem fogynak a jegyek? M\u00e1r kett\u0151t adnak egy \u00e1r\u00e1\u00e9rt Johnny&hellip;\n","protected":false},"author":2,"featured_media":233003,"comment_status":"","ping_status":"","sticky":false,"template":"","format":"standard","meta":{"footnotes":"","_share_on_mastodon":"0"},"categories":[21],"tags":[9312,198,137,199,44,42,40,2956,213,43,41,138],"class_list":["post-233002","post","type-post","status-publish","format-standard","has-post-thumbnail","category-hiressegek","tag-alice-cooper","tag-celebrities","tag-entertainment","tag-hiressegek","tag-hu","tag-hungarian","tag-hungary","tag-johnny-depp","tag-koncert","tag-magyar","tag-magyarorszag","tag-szorakozas"],"share_on_mastodon":{"url":"https:\/\/pubeurope.com\/@hu\/117213867845449270","error":""},"_links":{"self":[{"href":"https:\/\/www.europesays.com\/hu\/wp-json\/wp\/v2\/posts\/233002","targetHints":{"allow":["GET"]}}],"collection":[{"href":"https:\/\/www.europesays.com\/hu\/wp-json\/wp\/v2\/posts"}],"about":[{"href":"https:\/\/www.europesays.com\/hu\/wp-json\/wp\/v2\/types\/post"}],"author":[{"embeddable":true,"href":"https:\/\/www.europesays.com\/hu\/wp-json\/wp\/v2\/users\/2"}],"replies":[{"embeddable":true,"href":"https:\/\/www.europesays.com\/hu\/wp-json\/wp\/v2\/comments?post=233002"}],"version-history":[{"count":0,"href":"https:\/\/www.europesays.com\/hu\/wp-json\/wp\/v2\/posts\/233002\/revisions"}],"wp:featuredmedia":[{"embeddable":true,"href":"https:\/\/www.europesays.com\/hu\/wp-json\/wp\/v2\/media\/233003"}],"wp:attachment":[{"href":"https:\/\/www.europesays.com\/hu\/wp-json\/wp\/v2\/media?parent=233002"}],"wp:term":[{"taxonomy":"category","embeddable":true,"href":"https:\/\/www.europesays.com\/hu\/wp-json\/wp\/v2\/categories?post=233002"},{"taxonomy":"post_tag","embeddable":true,"href":"https:\/\/www.europesays.com\/hu\/wp-json\/wp\/v2\/tags?post=233002"}],"curies":[{"name":"wp","href":"https:\/\/api.w.org\/{rel}","templated":true}]}}