{"id":233013,"date":"2026-09-04T17:18:09","date_gmt":"2026-09-04T17:18:09","guid":{"rendered":"https:\/\/www.europesays.com\/hu\/233013\/"},"modified":"2026-09-04T17:18:09","modified_gmt":"2026-09-04T17:18:09","slug":"index-kulfold-alkura-keszul-a-tisza-kormany-ket-jogszabaly-elengedesevel-milliardokat-nyerhet","status":"publish","type":"post","link":"https:\/\/www.europesays.com\/hu\/233013\/","title":{"rendered":"Index &#8211; K\u00fclf\u00f6ld &#8211; Alkura k\u00e9sz\u00fcl a Tisza-korm\u00e1ny, k\u00e9t jogszab\u00e1ly elenged\u00e9s\u00e9vel milli\u00e1rdokat nyerhet"},"content":{"rendered":"<p>Amennyiben a Tisza-korm\u00e1ny k\u00e9t ideiglenes jogszab\u00e1lyt hat\u00e1lyon k\u00edv\u00fcl helyezne a migr\u00e1ci\u00f3 \u00fcgy\u00e9ben, akkor az Eur\u00f3pai B\u00edr\u00f3s\u00e1g elengedne egy t\u00f6bb mint 900 milli\u00f3 eur\u00f3sra duzzadt b\u00edrs\u00e1got. Ennek \u00e9rdek\u00e9ben zajlanak a t\u00e1rgyal\u00e1sok a Tisza-korm\u00e1ny \u00e9s az illet\u00e9kes uni\u00f3s int\u00e9zm\u00e9nyek k\u00f6z\u00f6tt\u00a0\u2212 \u00e9rtes\u00fclt az <a href=\"https:\/\/www.euronews.com\/my-europe\/2026\/09\/03\/expiring-emergency-migration-laws-could-be-key-to-unlocking-hungarys-eu-fines\" id=\"hyperlink_7fab678369cbd828ffa6116d481f63b7\" rel=\"nofollow noopener\" target=\"_blank\">Euronews<\/a>.<\/p>\n<p>A k\u00e9t rendelkez\u00e9s k\u00f6z\u00fcl az egyik az, hogy a magyar korm\u00e1ny vessen v\u00e9get a <a href=\"https:\/\/index.hu\/belfold\/2026\/09\/04\/migracio-bevandorlas-tomeges-bevandorlas-okozta-valsaghelyzet-tisza-part-magyar-peter-europai-unio-hatarvedelem\/\" id=\"hyperlink_6570ad9386beb1e49ca1f2dd11f7133d\" target=\"_blank\" title=\"Napokon bel\u00fcl lej\u00e1r a hat\u00e1rid\u0151, Magyar P\u00e9ter\u00e9knek d\u00f6nteni\u00fck kell, hogy szak\u00edtanak-e az elm\u00falt \u00e9vek gyakorlat\u00e1val\" rel=\"nofollow noopener\">migr\u00e1ci\u00f3ra hivatkozva elrendelt sz\u00fcks\u00e9ghelyzetnek<\/a>, amely a 2015-\u00f6s menek\u00fcltv\u00e1ls\u00e1g \u00f3ta van \u00e9rv\u00e9nyben, \u00e9s amelyet eddig f\u00e9l\u00e9vente mindig meghosszabb\u00edtottak. Err\u0151l h\u00e9tf\u0151n sz\u00fclethet d\u00f6nt\u00e9s, amikor lej\u00e1r a v\u00e9gs\u0151 hat\u00e1rid\u0151.<\/p>\n<p>A m\u00e1sik jogszab\u00e1ly pedig arr\u00f3l sz\u00f3l, hogy a mened\u00e9kk\u00e9r\u0151k csak Belgr\u00e1dban vagy Kijevben ny\u00fajthatj\u00e1k be k\u00e9relm\u00fcket, a hat\u00e1ron m\u00e1r nem. Ennek a rendelkez\u00e9snek az \u00e9rv\u00e9nyess\u00e9ge december 31-\u00e9n j\u00e1r le. Amennyiben ez a k\u00e9t jogszab\u00e1ly megsz\u0171nik, akkor Br\u00fcsszel teljes\u00edtheti az erre vonatkoz\u00f3 magyar k\u00e9r\u00e9st. Ezzel ugyanakkor Magyarorsz\u00e1gnak m\u00e9g <a href=\"https:\/\/index.hu\/belfold\/2026\/09\/03\/magyar-peter-kormany-bejelentes-kormanyzati-sajtotajekoztato-tisza-part\/magyar-peter-leszogezte-hogy-magyarorszag-nem-lazit-a-migracios-politikan-es-visszaszerezne-a-buntetesi-osszeget\/\" id=\"hyperlink_905763e89aacb78b04434d3f78d85deb\" target=\"_blank\" title=\"Magyar P\u00e9ter lesz\u00f6gezte, hogy Magyarorsz\u00e1g nem laz\u00edt a migr\u00e1ci\u00f3s politik\u00e1n, \u00e9s visszaszerezn\u00e9 a b\u00fcntet\u00e9si \u00f6sszeget\" rel=\"nofollow noopener\">nem kellene enyh\u00edtenie migr\u00e1ci\u00f3s politik\u00e1j\u00e1n<\/a>.<\/p>\n<p>Az Eur\u00f3pai Bizotts\u00e1g sz\u00f3viv\u0151je k\u00f6z\u00f6lte, hogy Magyarorsz\u00e1gnak \u00e9s az Eur\u00f3pai B\u00edr\u00f3s\u00e1gnak meg kell vizsg\u00e1lnia, hogyan oldhat\u00f3 meg ez a probl\u00e9ma. Br\u00fcsszel ebben az esetben csak annyit tud tenni, hogy <a href=\"https:\/\/index.hu\/kulfold\/2026\/09\/03\/europai-unio-szovivo-migracios-birsag-bizottsag-magyar-peter\/\" id=\"hyperlink_36d733e37e27c9c8329bfe2b6539a671\" target=\"_blank\" title=\"Br\u00fcsszel reag\u00e1lt Magyar P\u00e9ter k\u00e9r\u00e9s\u00e9re a napi egymilli\u00f3 eur\u00f3s migr\u00e1ci\u00f3s b\u00edrs\u00e1g \u00fcgy\u00e9ben\" rel=\"nofollow noopener\">szorosan egy\u00fcttm\u0171k\u00f6dik<\/a> a k\u00e9rd\u00e9sben a magyar hat\u00f3s\u00e1gokkal.<\/p>\n<p>                        Nem ilyen egyszer\u0171 a megold\u00e1s a szak\u00e9rt\u0151k szerint<\/p>\n<p>Elemz\u0151k ennek ellen\u00e9re \u00fagy v\u00e9lik, ez m\u00e9g nem elegend\u0151 a vita rendez\u00e9s\u00e9hez. Lattmann Tam\u00e1s, az eur\u00f3pai uni\u00f3s jog szak\u00e9rt\u0151je kijelentette, hogy a magyar korm\u00e1ny elszalasztotta a megfelel\u0151 pillanatot. Amennyiben a migr\u00e1ci\u00f3s paktum \u00e9letbel\u00e9p\u00e9sekor kinyilv\u00e1n\u00edtja, hogy a magyar \u00e9s az eur\u00f3pai szab\u00e1lyoz\u00e1s egybev\u00e1g, akkor onnant\u00f3l kezdve nem ketyeg t\u00f6bb\u00e9 az \u00f3ra \u00e9s nem n\u00f6vekszik naponta a b\u00edrs\u00e1g \u00f6sszege.<\/p>\n<p>Azonban Magyar P\u00e9ter elutas\u00edtja, hogy Magyarorsz\u00e1g alkalmazza az \u00faj k\u00f6z\u00f6ss\u00e9gi jogi keretet, m\u00e9gsem s\u00fcrgette az Eur\u00f3pai Uni\u00f3t, hogy adja a m\u00e1r kifizetett p\u00e9nzt, noha arra sem technikailag, sem jogilag nincs lehet\u0151s\u00e9g. Azt egyszer\u0171en levont\u00e1k a Magyarorsz\u00e1g sz\u00e1m\u00e1ra el\u0151ir\u00e1nyzott egy\u00e9b t\u00e1mogat\u00e1sokb\u00f3l.<\/p>\n<p>Tineke Strik holland z\u00f6ld k\u00e9pvisel\u0151, az Eur\u00f3pai Parlament magyar jelent\u00e9stev\u0151je sz\u00e9gyenletesnek tartja, hogy a magyar minisztereln\u00f6k ig\u00e9nyt tart az elvesztett p\u00e9nzre, pedig az annak alapul szolg\u00e1l\u00f3 helyzet m\u00e9g nem old\u00f3dott meg. Ha az Eur\u00f3pai B\u00edr\u00f3s\u00e1g eleget tenne Budapest k\u00f6vetel\u00e9s\u00e9nek, azzal saj\u00e1t kor\u00e1bbi d\u00f6nt\u00e9seit j\u00e1ratn\u00e1 le.\u00a0\u00a0<\/p>\n<p>Lengyelorsz\u00e1g is t\u00f6bb sz\u00e1z milli\u00f3 eur\u00f3t vesz\u00edtett a Jog \u00e9s Igazs\u00e1goss\u00e1g korm\u00e1nyz\u00e1sa alatt hozott igazs\u00e1g\u00fcgyi reformok miatt. Ett\u0151l f\u00fcggetlen\u00fcl az illet\u00e9kesek k\u00f6z\u00f6lt\u00e9k, hogy a k\u00f6vetkez\u0151 k\u00f6lts\u00e9gvet\u00e9sr\u0151l foly\u00f3 egyeztet\u00e9seken \u201eminden lehets\u00e9ges\u201d. Vagyis a magyar korm\u00e1ny ak\u00e1r tov\u00e1bbi forr\u00e1sokat kaphat hat\u00e1rv\u00e9delemre, amelyet itthon gy\u0151zelemk\u00e9nt \u00e9rt\u00e9kelhet. V\u00e9gezet\u00fcl arr\u00f3l is sz\u00f3 van, hogy az Eur\u00f3pai Uni\u00f3 \u00e1tnevez vagy \u00e1tcsoportos\u00edt megl\u00e9v\u0151 t\u00e1mogat\u00e1sokat, amellyel seg\u00edthet a Tisza-korm\u00e1nynak elfogadtatni a vonatkoz\u00f3 politik\u00e1t a k\u00f6zv\u00e9lem\u00e9nnyel.<\/p>\n<p>\n                          (Bor\u00edt\u00f3k\u00e9p:\u00a0Magyar P\u00e9ter a korm\u00e1nyzati sajt\u00f3t\u00e1j\u00e9koztat\u00f3n 2026. szeptember 3-\u00e1n. Fot\u00f3: T\u00f6vissi Bence \/ Index)\n                        <\/p>\n<p><a href=\"https:\/\/dex.hu\/x.php?id=googlepref_desktop&amp;url=https:\/\/google.com\/preferences\/source?q=https:\/\/index.hu\" class=\"google-pref-banner \" id=\"googlePrefBanner\" rel=\"nofollow noopener\" target=\"_blank\"><\/p>\n<p>    Itt \u00e1ll\u00edtsa be, hogy az Index az els\u0151k k\u00f6z\u00f6tt legyen a Google-tal\u00e1latokban!<\/p>\n<p><\/a><\/p>\n<p>    <img decoding=\"async\" src=\"https:\/\/index.hu\/assets\/images\/social-follow\/logo-big.svg\" alt=\"Index.hu logo\"\/><\/p>\n<p>K\u00f6vesse az Indexet Facebookon is!<\/p>\n<p>    <a href=\"https:\/\/facebook.com\/Indexhu\" target=\"_blank\" rel=\"nofollow noopener\"><\/p>\n<p>        K\u00f6vetem!<br \/>\n    <\/a><\/p>\n","protected":false},"excerpt":{"rendered":"Amennyiben a Tisza-korm\u00e1ny k\u00e9t ideiglenes jogszab\u00e1lyt hat\u00e1lyon k\u00edv\u00fcl helyezne a migr\u00e1ci\u00f3 \u00fcgy\u00e9ben, akkor az Eur\u00f3pai B\u00edr\u00f3s\u00e1g elengedne egy&hellip;\n","protected":false},"author":2,"featured_media":233014,"comment_status":"","ping_status":"","sticky":false,"template":"","format":"standard","meta":{"footnotes":"","_share_on_mastodon":"0"},"categories":[33],"tags":[1432,152,17493,429,38,35,37,44,42,40,17941,28887,64,43,41,34,16925,36,6346,39],"class_list":["post-233013","post","type-post","status-publish","format-standard","has-post-thumbnail","category-hirek","tag-birsag","tag-ce-napi","tag-elengedes","tag-europai-unio","tag-focimek","tag-headlines","tag-hirek","tag-hu","tag-hungarian","tag-hungary","tag-illegalis-migracio","tag-jogszabaly","tag-kulfold","tag-magyar","tag-magyarorszag","tag-news","tag-tisza-kormany","tag-top-stories","tag-unios-penzek","tag-vezeto-hirek"],"share_on_mastodon":{"url":"https:\/\/pubeurope.com\/@hu\/117213915429771096","error":""},"_links":{"self":[{"href":"https:\/\/www.europesays.com\/hu\/wp-json\/wp\/v2\/posts\/233013","targetHints":{"allow":["GET"]}}],"collection":[{"href":"https:\/\/www.europesays.com\/hu\/wp-json\/wp\/v2\/posts"}],"about":[{"href":"https:\/\/www.europesays.com\/hu\/wp-json\/wp\/v2\/types\/post"}],"author":[{"embeddable":true,"href":"https:\/\/www.europesays.com\/hu\/wp-json\/wp\/v2\/users\/2"}],"replies":[{"embeddable":true,"href":"https:\/\/www.europesays.com\/hu\/wp-json\/wp\/v2\/comments?post=233013"}],"version-history":[{"count":0,"href":"https:\/\/www.europesays.com\/hu\/wp-json\/wp\/v2\/posts\/233013\/revisions"}],"wp:featuredmedia":[{"embeddable":true,"href":"https:\/\/www.europesays.com\/hu\/wp-json\/wp\/v2\/media\/233014"}],"wp:attachment":[{"href":"https:\/\/www.europesays.com\/hu\/wp-json\/wp\/v2\/media?parent=233013"}],"wp:term":[{"taxonomy":"category","embeddable":true,"href":"https:\/\/www.europesays.com\/hu\/wp-json\/wp\/v2\/categories?post=233013"},{"taxonomy":"post_tag","embeddable":true,"href":"https:\/\/www.europesays.com\/hu\/wp-json\/wp\/v2\/tags?post=233013"}],"curies":[{"name":"wp","href":"https:\/\/api.w.org\/{rel}","templated":true}]}}