{"id":233045,"date":"2026-09-04T17:46:12","date_gmt":"2026-09-04T17:46:12","guid":{"rendered":"https:\/\/www.europesays.com\/hu\/233045\/"},"modified":"2026-09-04T17:46:12","modified_gmt":"2026-09-04T17:46:12","slug":"index-kulfold-langokban-allt-az-europai-unio-a-meresek-kezdete-ota-nem-latott-rekordsorozat-dolt-meg","status":"publish","type":"post","link":"https:\/\/www.europesays.com\/hu\/233045\/","title":{"rendered":"Index &#8211; K\u00fclf\u00f6ld &#8211; L\u00e1ngokban \u00e1llt az Eur\u00f3pai Uni\u00f3, a m\u00e9r\u00e9sek kezdete \u00f3ta nem l\u00e1tott rekordsorozat d\u0151lt meg"},"content":{"rendered":"<p>Mintegy 540 ezer hekt\u00e1rnyi ter\u00fclet <a href=\"https:\/\/index.hu\/kulfold\/2026\/08\/21\/europa-felmelegedes-klimavaltozas-erdotuz-aszaly\/\" id=\"hyperlink_fb489cd7d25e278d97cf10f9cb2820c5\" target=\"_blank\" title=\"Eur\u00f3pa v\u00e1lt a v\u00e1ls\u00e1g legdurv\u00e1bb helysz\u00edn\u00e9v\u00e9, katasztrof\u00e1lis a helyzet\" rel=\"nofollow noopener\">\u00e9gett le az Eur\u00f3pai Uni\u00f3ban<\/a> j\u00fanius k\u00f6zepe \u00f3ta t\u00f6bb mint ezer erd\u0151t\u0171z k\u00f6vetkezt\u00e9ben\u00a0\u2013 der\u00fcl ki az uni\u00f3s erd\u0151t\u0171z-inform\u00e1ci\u00f3s rendszer (EFFIS) adataib\u00f3l.<\/p>\n<p>Az \u00e9v eleje \u00f3ta az Eur\u00f3pai Uni\u00f3ban mintegy 647 ezer hekt\u00e1r v\u00e1lt a l\u00e1ngok martal\u00e9k\u00e1v\u00e1, ennek t\u00f6bb mint 80 sz\u00e1zal\u00e9ka a j\u00fanius 18. \u00e9s szeptember 2. k\u00f6z\u00f6tt keletkezett t\u00fczekben \u00e9gett le.<\/p>\n<p>Az idei ny\u00e1ron le\u00e9gett erd\u0151s ter\u00fcletek nagys\u00e1ga jelent\u0151sen meghaladja az el\u0151z\u0151 h\u00fasz \u00e9v \u00e1tlag\u00e1t, ugyanakkor elmarad a 2025-\u00f6s rekordt\u00f3l, amikor t\u00f6bb mint 800 ezer hekt\u00e1r \u00e9gett le.<\/p>\n<p>                        Sorra d\u0151lnek meg a rekordok<\/p>\n<p>Az idei legs\u00falyosabb t\u00fczek f\u0151k\u00e9nt j\u00faliusban puszt\u00edtottak. J\u00falius 16. \u00e9s 22. k\u00f6z\u00f6tt csaknem 190 ezer hekt\u00e1r erd\u0151 \u00e9gett le, ami az EFFIS 2006-ig visszany\u00fal\u00f3 adatai szerint rekordnak sz\u00e1m\u00edt erre a j\u00faliusi h\u00e9tre. Ez az \u00e9v eleje \u00f3ta le\u00e9gett teljes ter\u00fclet csaknem 30 sz\u00e1zal\u00e9k\u00e1t teszi ki.<\/p>\n<p>Ebben az id\u0151szakban h\u00e1rom <a href=\"https:\/\/index.hu\/kulfold\/2026\/08\/16\/erdotuz-tuz-gorogorszag-franciaorszag-spanyolorszag-magyarorszag-szlovakia-bosznia-hercegovina-veszprem-salgotarjan\/\" id=\"hyperlink_9bb3cb34733645179cb32f3497e10a91\" target=\"_blank\" title=\"L\u00e1ngokban \u00e1ll Eur\u00f3pa, pokoli erd\u0151t\u00fczek puszt\u00edtanak a n\u00e9pszer\u0171 nyaral\u00f3helyeken\" rel=\"nofollow noopener\">rendk\u00edv\u00fcli m\u00e9ret\u0171 t\u0171z<\/a> is keletkezett, kett\u0151 Spanyolorsz\u00e1gban, egy pedig Franciaorsz\u00e1gban. A Madridhoz k\u00f6zeli \u00c1vila tartom\u00e1nyban j\u00falius 22-\u00e9n kit\u00f6rt t\u0171z t\u00f6bb mint 42 ezer hekt\u00e1rt puszt\u00edtott el, m\u00edg ugyanazon a napon a Bordeaux k\u00f6zel\u00e9ben, Gironde megy\u00e9ben keletkezett \u00f3ri\u00e1st\u0171z 37 ezer hekt\u00e1r erd\u0151t \u00e9getett fel. Augusztusban a d\u00e9l-spanyolorsz\u00e1gi Huelva tartom\u00e1nyban tov\u00e1bbi 44 ezer hekt\u00e1r v\u00e1lt a l\u00e1ngok martal\u00e9k\u00e1v\u00e1.<\/p>\n<p>Az EFFIS adatai szerint az elm\u00falt t\u00edz \u00e9v tizen\u00f6t legnagyobb erd\u0151t\u00fcze k\u00f6z\u00fcl n\u00e9gy az idei ny\u00e1ron t\u00f6rt\u00e9nt.<\/p>\n<p>Franciaorsz\u00e1g m\u00e1r j\u00falius v\u00e9ge el\u0151tt megd\u00f6nt\u00f6tte az egy teljes \u00e9v alatt le\u00e9gett ter\u00fcletre vonatkoz\u00f3, a m\u00e9r\u00e9sek kezdete \u00f3ta r\u00f6gz\u00edtett rekordj\u00e1t. Spanyolorsz\u00e1g heteken kereszt\u00fcl megk\u00f6zel\u00edtette az azonos id\u0151szakra vonatkoz\u00f3 kor\u00e1bbi cs\u00facsot, augusztus k\u00f6zep\u00e9n r\u00f6vid id\u0151re meg is haladta azt.<\/p>\n<p>G\u00f6r\u00f6gorsz\u00e1gban, Portug\u00e1li\u00e1ban \u00e9s Olaszorsz\u00e1gban ugyancsak jelent\u0151s erd\u0151t\u00fczek puszt\u00edtottak. A t\u00fczek azonban \u00c9szak-Eur\u00f3p\u00e1t sem ker\u00fclt\u00e9k el: Belgium keleti r\u00e9sz\u00e9n augusztusban t\u00f6rt\u00e9nelmi m\u00e9ret\u0171 t\u0171z t\u00f6bb ezer hekt\u00e1rt \u00e9getett fel, amivel az orsz\u00e1g m\u00e1r az \u00e9v v\u00e9ge el\u0151tt megd\u00f6nt\u00f6tte a 2006 \u00f3ta m\u00e9rt \u00e9ves rekordj\u00e1t.<\/p>\n<p>Az EFFIS kiz\u00e1r\u00f3lag a legal\u00e1bb 30 hekt\u00e1rt \u00e9rint\u0151 t\u00fczeket veszi sz\u00e1m\u00edt\u00e1sba.<\/p>\n<p>\n                          (Bor\u00edt\u00f3k\u00e9p:\u00a0Aut\u00f3sok v\u00e1rakoznak sorban, mik\u00f6zben erd\u0151t\u0171z tombol a spanyolorsz\u00e1gi Kan\u00e1ri-szigetekhez tartoz\u00f3 La Palm\u00e1n 2016. augusztus 5-\u00e9n. Fot\u00f3: Desiree Martin \/ AFP)\n                        <\/p>\n<p><a href=\"https:\/\/dex.hu\/x.php?id=googlepref_desktop&amp;url=https:\/\/google.com\/preferences\/source?q=https:\/\/index.hu\" class=\"google-pref-banner \" id=\"googlePrefBanner\" rel=\"nofollow noopener\" target=\"_blank\"><\/p>\n<p>    Itt \u00e1ll\u00edtsa be, hogy az Index az els\u0151k k\u00f6z\u00f6tt legyen a Google-tal\u00e1latokban!<\/p>\n<p><\/a><\/p>\n<p>    <img decoding=\"async\" src=\"https:\/\/index.hu\/assets\/images\/social-follow\/logo-big.svg\" alt=\"Index.hu logo\"\/><\/p>\n<p>K\u00f6vesse az Indexet Facebookon is!<\/p>\n<p>    <a href=\"https:\/\/facebook.com\/Indexhu\" target=\"_blank\" rel=\"nofollow noopener\"><\/p>\n<p>        K\u00f6vetem!<br \/>\n    <\/a><\/p>\n","protected":false},"excerpt":{"rendered":"Mintegy 540 ezer hekt\u00e1rnyi ter\u00fclet \u00e9gett le az Eur\u00f3pai Uni\u00f3ban j\u00fanius k\u00f6zepe \u00f3ta t\u00f6bb mint ezer erd\u0151t\u0171z k\u00f6vetkezt\u00e9ben\u00a0\u2013&hellip;\n","protected":false},"author":2,"featured_media":233046,"comment_status":"","ping_status":"","sticky":false,"template":"","format":"standard","meta":{"footnotes":"","_share_on_mastodon":"0"},"categories":[33],"tags":[152,15098,429,38,35,61438,37,44,42,40,64,1868,43,41,34,214,36,39],"class_list":["post-233045","post","type-post","status-publish","format-standard","has-post-thumbnail","category-hirek","tag-ce-napi","tag-erdotuzek","tag-europai-unio","tag-focimek","tag-headlines","tag-hektar","tag-hirek","tag-hu","tag-hungarian","tag-hungary","tag-kulfold","tag-leegett","tag-magyar","tag-magyarorszag","tag-news","tag-nyar","tag-top-stories","tag-vezeto-hirek"],"share_on_mastodon":{"url":"https:\/\/pubeurope.com\/@hu\/117214025881758731","error":""},"_links":{"self":[{"href":"https:\/\/www.europesays.com\/hu\/wp-json\/wp\/v2\/posts\/233045","targetHints":{"allow":["GET"]}}],"collection":[{"href":"https:\/\/www.europesays.com\/hu\/wp-json\/wp\/v2\/posts"}],"about":[{"href":"https:\/\/www.europesays.com\/hu\/wp-json\/wp\/v2\/types\/post"}],"author":[{"embeddable":true,"href":"https:\/\/www.europesays.com\/hu\/wp-json\/wp\/v2\/users\/2"}],"replies":[{"embeddable":true,"href":"https:\/\/www.europesays.com\/hu\/wp-json\/wp\/v2\/comments?post=233045"}],"version-history":[{"count":0,"href":"https:\/\/www.europesays.com\/hu\/wp-json\/wp\/v2\/posts\/233045\/revisions"}],"wp:featuredmedia":[{"embeddable":true,"href":"https:\/\/www.europesays.com\/hu\/wp-json\/wp\/v2\/media\/233046"}],"wp:attachment":[{"href":"https:\/\/www.europesays.com\/hu\/wp-json\/wp\/v2\/media?parent=233045"}],"wp:term":[{"taxonomy":"category","embeddable":true,"href":"https:\/\/www.europesays.com\/hu\/wp-json\/wp\/v2\/categories?post=233045"},{"taxonomy":"post_tag","embeddable":true,"href":"https:\/\/www.europesays.com\/hu\/wp-json\/wp\/v2\/tags?post=233045"}],"curies":[{"name":"wp","href":"https:\/\/api.w.org\/{rel}","templated":true}]}}