{"id":233073,"date":"2026-09-04T18:08:11","date_gmt":"2026-09-04T18:08:11","guid":{"rendered":"https:\/\/www.europesays.com\/hu\/233073\/"},"modified":"2026-09-04T18:08:11","modified_gmt":"2026-09-04T18:08:11","slug":"nagy-elonyt-kap-hamilton-a-ferraritol-leclerc-karara","status":"publish","type":"post","link":"https:\/\/www.europesays.com\/hu\/233073\/","title":{"rendered":"Nagy el\u0151nyt kap Hamilton a Ferrarit\u00f3l, Leclerc k\u00e1r\u00e1ra"},"content":{"rendered":"<p class=\"main-pic -mainPct&#10;&#9;&#9;&#9;&#9;responsive-img-container\" style=\"padding-bottom: 66.714285714286%\">\n\t\t\t\t\t<img decoding=\"async\" class=\"img-blur\" src=\"https:\/\/www.europesays.com\/hu\/wp-content\/uploads\/2026\/09\/gettyimages-2293213144-700x467.jpg\" alt=\"Nagy el\u0151nyt kap Hamilton a Ferrarit\u00f3l, Leclerc k\u00e1r\u00e1ra\"\/>\n\t\t\t\t<\/p>\n<p>A <a href=\"http:\/\/vezess.hu\/forma-1\" target=\"_blank\" rel=\"noopener nofollow\">Forma\u20131-es<\/a> Olasz Nagyd\u00edj helysz\u00edne, Monza hossz\u00fa egyenesei szinte k\u00edn\u00e1lj\u00e1k a sz\u00e9l\u00e1rny\u00e9koz\u00f3s j\u00e1t\u00e9kok lehet\u0151s\u00e9g\u00e9t, amelyeket az elm\u00falt \u00e9vben rendre meg is j\u00e1tszanak a csapatok az id\u0151m\u00e9r\u0151k\u00f6n. Ennek 2026-ban, az egy k\u00f6r\u00f6n limit\u00e1lt felhaszn\u00e1lhat\u00f3 energi\u00e1val m\u00e9g nagyobb szerepe lehet, tekintve hogy a m\u00e1sik m\u00f6g\u00f6tt aut\u00f3zva kevesebb energia is el\u00e9g a nagyobb sebess\u00e9g el\u00e9r\u00e9s\u00e9hez.<\/p>\n<p>Minden bizonnyal m\u00e9g az \u00e9lmen\u0151kn\u00e9l is l\u00e1thatjuk ezt a j\u00e1t\u00e9kot, p\u00e9ld\u00e1ul a Mercedesn\u00e9l, ahol Andrea Kimi Antonelli <a href=\"https:\/\/www.vezess.hu\/forma-1\/2026\/09\/03\/orul-a-hazai-buntetesnek-a-forma-1-ellovasa\/\" rel=\"nofollow noopener\" target=\"_blank\">a biztos rajtb\u00fcntet\u00e9s tudat\u00e1ban<\/a> nyugodtan sz\u00e9l\u00e1rny\u00e9kot h\u00fazhat George Russellnek. A Ferrarin\u00e1l is van ezen a t\u00e9ren csapatsorrend, \u00e1rulta el Charles Leclerc.<\/p>\n<p>\u201eA sz\u00e9l\u00e1rny\u00e9koz\u00e1st illet\u0151en \u00e9vek \u00f3ta ugyanaz a filoz\u00f3fi\u00e1nk. Egyik h\u00e9tv\u00e9g\u00e9n Lewis [Hamilton \u2013 a szerk.] v\u00e1laszthat, hol szeretne lenni, a m\u00e1sikon \u00e9n\u201d \u2013 magyar\u00e1zta a monac\u00f3i versenyz\u0151. \u201eEzen a h\u00e9tv\u00e9g\u00e9n Lewis\u00e9 a priorit\u00e1s\u201d \u2013 tette hozz\u00e1, utalva arra, hogy majd \u0151 h\u00fazza a sz\u00e9l\u00e1rny\u00e9kot a h\u00e9tszeres bajnoknak.<\/p>\n<p>Leclerc azonban lesz\u00f6gezte, nem gondolja, hogy ezzel be fogja \u00e1ldozni saj\u00e1t id\u0151m\u00e9r\u0151j\u00e9t a csapatt\u00e1rs \u00e9rdek\u00e9ben. \u201eHa tudunk seg\u00edteni a m\u00e1siknak azzal, hogy optim\u00e1lis t\u00e1vols\u00e1g lesz a k\u00e9t aut\u00f3 k\u00f6zt a k\u00f6r kezdet\u00e9n, akkor ezt megtessz\u00fck. Pr\u00f3b\u00e1lok majd egy m\u00e1sik sz\u00e9l\u00e1rny\u00e9kot tal\u00e1lni valakir\u0151l, rem\u00e9lve, hogy a lehet\u0151 legjobban helyezkedek\u201d \u2013 mondta.<\/p>\n<p><a class=\"mobilbanner\" href=\"https:\/\/www.tixa.hu\/zsts-garage-supercarfest-20261006-vezesshu\" rel=\"nofollow noopener\" target=\"_blank\"><img decoding=\"async\" src=\"https:\/\/www.europesays.com\/hu\/wp-content\/uploads\/2026\/09\/1788545290_986_300x250-supercarfest.jpg\" alt=\"\"\/><\/a>&#13;<br \/>\n<a class=\"desktopbanner\" href=\"https:\/\/www.tixa.hu\/zsts-garage-supercarfest-20261006-vezesshu\" rel=\"nofollow noopener\" target=\"_blank\"><img decoding=\"async\" src=\"https:\/\/www.europesays.com\/hu\/wp-content\/uploads\/2026\/09\/1788545291_115_970x250-copy.jpg\" alt=\"\"\/><\/a>&#13;<\/p>\n<p>\n\t\t\t\t\tForr\u00e1s: RacingNews365.com\t\t\t\t<\/p>\n<p>\n\t\t\t\t\tK\u00e9p(ek) forr\u00e1sa: Pietro D&#8217;Aprano\/Getty Images\t\t\t\t<\/p>\n","protected":false},"excerpt":{"rendered":"A Forma\u20131-es Olasz Nagyd\u00edj helysz\u00edne, Monza hossz\u00fa egyenesei szinte k\u00edn\u00e1lj\u00e1k a sz\u00e9l\u00e1rny\u00e9koz\u00f3s j\u00e1t\u00e9kok lehet\u0151s\u00e9g\u00e9t, amelyeket az elm\u00falt \u00e9vben&hellip;\n","protected":false},"author":2,"featured_media":233074,"comment_status":"","ping_status":"","sticky":false,"template":"","format":"standard","meta":{"footnotes":"","_share_on_mastodon":"0"},"categories":[14],"tags":[7772,637,638,1326,58411,44,42,40,640,43,41,45,131],"class_list":["post-233073","post","type-post","status-publish","format-standard","has-post-thumbnail","category-sport","tag-charles-leclerc","tag-f1","tag-ferrari","tag-forma-1","tag-forma-1-olasz-nagydij","tag-hu","tag-hungarian","tag-hungary","tag-lewis-hamilton","tag-magyar","tag-magyarorszag","tag-sport","tag-sports"],"share_on_mastodon":{"url":"https:\/\/pubeurope.com\/@hu\/117214111864312983","error":""},"_links":{"self":[{"href":"https:\/\/www.europesays.com\/hu\/wp-json\/wp\/v2\/posts\/233073","targetHints":{"allow":["GET"]}}],"collection":[{"href":"https:\/\/www.europesays.com\/hu\/wp-json\/wp\/v2\/posts"}],"about":[{"href":"https:\/\/www.europesays.com\/hu\/wp-json\/wp\/v2\/types\/post"}],"author":[{"embeddable":true,"href":"https:\/\/www.europesays.com\/hu\/wp-json\/wp\/v2\/users\/2"}],"replies":[{"embeddable":true,"href":"https:\/\/www.europesays.com\/hu\/wp-json\/wp\/v2\/comments?post=233073"}],"version-history":[{"count":0,"href":"https:\/\/www.europesays.com\/hu\/wp-json\/wp\/v2\/posts\/233073\/revisions"}],"wp:featuredmedia":[{"embeddable":true,"href":"https:\/\/www.europesays.com\/hu\/wp-json\/wp\/v2\/media\/233074"}],"wp:attachment":[{"href":"https:\/\/www.europesays.com\/hu\/wp-json\/wp\/v2\/media?parent=233073"}],"wp:term":[{"taxonomy":"category","embeddable":true,"href":"https:\/\/www.europesays.com\/hu\/wp-json\/wp\/v2\/categories?post=233073"},{"taxonomy":"post_tag","embeddable":true,"href":"https:\/\/www.europesays.com\/hu\/wp-json\/wp\/v2\/tags?post=233073"}],"curies":[{"name":"wp","href":"https:\/\/api.w.org\/{rel}","templated":true}]}}