{"id":233087,"date":"2026-09-04T18:22:13","date_gmt":"2026-09-04T18:22:13","guid":{"rendered":"https:\/\/www.europesays.com\/hu\/233087\/"},"modified":"2026-09-04T18:22:13","modified_gmt":"2026-09-04T18:22:13","slug":"index-sport-ferrari-dominanciaval-indult-az-olasz-nagydij-majd-megerkezett-a-mercedes","status":"publish","type":"post","link":"https:\/\/www.europesays.com\/hu\/233087\/","title":{"rendered":"Index &#8211; Sport &#8211; Ferrari-dominanci\u00e1val indult az Olasz Nagyd\u00edj, majd meg\u00e9rkezett a Mercedes"},"content":{"rendered":"<p>Augusztusban Lando Norris <a href=\"https:\/\/index.hu\/sport\/forma1\/2026\/09\/03\/2026-formula-1-vilagbajnoksag-allas-oszi-felev-kimi-antonelli-george-russell-mercedes-vilagbajnok\/\" id=\"hyperlink_87ad56e1629b656dccdf0fccfc769d63\" target=\"_blank\" title=\"M\u00e1r mindenki Antonellit l\u00e1tta F1-vil\u00e1gbajnoknak, de j\u00f6tt a c\u00edmv\u00e9d\u0151, \u00e9s mindent megkavart\" data-recommendation=\"bekezdes_utan\" data-recommendation-preview=\"{&quot;og:title&quot;:&quot;M\u00e1r mindenki Antonellit l\u00e1tta F1-vil\u00e1gbajnoknak, de j\u00f6tt a c\u00edmv\u00e9d\\u0151, \u00e9s mindent megkavart&quot;,&quot;og:description&quot;:&quot;Verstappen egyel\\u0151re a vert mez\\u0151nyben, de nagy hat\u00e1ssal lehet a v\u00e9geredm\u00e9nyre.&quot;,&quot;og:image&quot;:&quot;\\\/\\\/kep.cdn.indexvas.hu\\\/1\\\/0\\\/7137\\\/71371\\\/713710\\\/71371001_5262883_467b42ae5133aec770e1474429b2691a_wm.jpg&quot;}\" data-recommendation-id=\"6271037\" rel=\"nofollow noopener\">gy\u0151zelm\u00e9vel folytat\u00f3dott<\/a> a 2026-os Formula\u20131-es vil\u00e1gbajnoks\u00e1g Hollandi\u00e1ban, a sz\u00e1guld\u00f3 cirkusz szeptember els\u0151 h\u00e9tv\u00e9g\u00e9j\u00e9n pedig Monz\u00e1ba l\u00e1togatott.<\/p>\n<p>                        Tarolt a Ferrari p\u00e9nteken az Olasz Nagyd\u00edj els\u0151 szabadedz\u00e9s\u00e9n<\/p>\n<p>Az Olasz Nagyd\u00edj p\u00e9nteki els\u0151 szabadedz\u00e9s\u00e9n a hazai k\u00f6z\u00f6ns\u00e9g legnagyobb \u00f6r\u00f6m\u00e9re Charles Leclerc, a Ferrari monac\u00f3i versenyz\u0151je volt a leggyorsabb. M\u00f6g\u00f6tte pedig csapatt\u00e1rsa, a 41 \u00e9ves, a pontversenyben George Russell-lel holtversenyben m\u00e1sodik Lewis Hamilton z\u00e1rt.\u00a0<\/p>\n<p>A Magyar T\u00e1virati Iroda besz\u00e1mol\u00f3ja szerint\u00a0Leclerc \u00e9s Hamilton k\u00f6rideje k\u00f6z\u00f6tt kevesebb mint k\u00e9t tizedm\u00e1sodperc volt a k\u00fcl\u00f6nbs\u00e9g, mik\u00f6zben a harmadik id\u0151t el\u00e9rt George Russell m\u00e1r t\u00f6bb mint h\u00e1rom tizeddel volt lassabb Leclerc-n\u00e9l.<\/p>\n<p>A n\u00e9gyszeres vb-gy\u0151ztes Max Verstappen hely\u00e9n a 17. poz\u00edci\u00f3ban z\u00e1rt jap\u00e1n Ivasza Ajumu \u00fclt a Red Bullban, az ist\u00e1ll\u00f3 m\u00e1sik aut\u00f3j\u00e1val a s\u00e9r\u00fclt Isack Hadjart helyettes\u00edt\u0151 Liam Lawson negyedik lett.<\/p>\n<p>Az \u00f6sszetettben \u00e9llovas, de motorcsere miatt kiszabott b\u00fcntet\u00e9s ok\u00e1n a vas\u00e1rnapi futamot az utols\u00f3 helyr\u0151l kezd\u0151 Andrea Kimi Antonelli (Mercedes) \u00f6t\u00f6dik, a vb-c\u00edmv\u00e9d\u0151 brit Lando Norris (Mclaren) hatodik lett a gyakorl\u00e1son.<\/p>\n<p>                        A Mercedes \u00e9s a Ferrari csat\u00e1zhat Monz\u00e1ban<\/p>\n<p>A m\u00e1sodik edz\u00e9s 16 \u00f3rakor kezd\u0151d\u0151tt Monz\u00e1ban, amelyet a Mercedes nyert meg Russell r\u00e9v\u00e9n. Kicsivel t\u00f6bb mint egy tizedes h\u00e1tr\u00e1nnyal k\u00f6vette \u0151t Leclerc, m\u00edg a k\u00e9pzeletbeli dobog\u00f3ra m\u00e9g Antonelli f\u00e9rt fel.\u00a0<\/p>\n<p>Id\u00e1ig \u00fagy t\u0171nik, ez a h\u00e9tv\u00e9ge a Ferrari \u00e9s a Mercedes csat\u00e1j\u00e1r\u00f3l sz\u00f3lhat.<\/p>\n<p>Lando Norris a negyedik helyen z\u00e1rt, a visszat\u00e9r\u0151 Max Verstappen viszont csak a kilencedik lett a m\u00e1sodik szabadedz\u00e9sen. Az \u0151 h\u00e1tr\u00e1nya m\u00e1r k\u00f6zel egy m\u00e1sodperc volt Russellhez k\u00e9pest.<\/p>\n<p>A Forma\u20131-es Olasz Nagyd\u00edj id\u0151m\u00e9r\u0151 edz\u00e9s\u00e9t szombaton 16 \u00f3r\u00e1t\u00f3l rendezik, m\u00edg az 53 k\u00f6r\u00f6s futamot vas\u00e1rnap 15 \u00f3r\u00e1t\u00f3l.<\/p>\n<p>\n                          (Bor\u00edt\u00f3k\u00e9p:\u00a0Forma-1 F1 \u2013 Olasz Nagyd\u00edj \u2013 Autodromo Nazionale Monza Monza Olaszorsz\u00e1g \u2013 2026. szeptember 4-\u00e9n. Fot\u00f3:\u00a0Guglielmo Mangiapane \/ Reuters)\n                        <\/p>\n<p><a href=\"https:\/\/dex.hu\/x.php?id=googlepref_desktop&amp;url=https:\/\/google.com\/preferences\/source?q=https:\/\/index.hu\" class=\"google-pref-banner \" id=\"googlePrefBanner\" rel=\"nofollow noopener\" target=\"_blank\"><\/p>\n<p>    Itt \u00e1ll\u00edtsa be, hogy az Index az els\u0151k k\u00f6z\u00f6tt legyen a Google-tal\u00e1latokban!<\/p>\n<p><\/a><\/p>\n<p>    <img decoding=\"async\" src=\"https:\/\/index.hu\/assets\/images\/social-follow\/logo-big.svg\" alt=\"Index.hu logo\"\/><\/p>\n<p>K\u00f6vesse az Indexet Facebookon is!<\/p>\n<p>    <a href=\"https:\/\/facebook.com\/Indexhu\" target=\"_blank\" rel=\"nofollow noopener\"><\/p>\n<p>        K\u00f6vetem!<br \/>\n    <\/a><\/p>\n","protected":false},"excerpt":{"rendered":"Augusztusban Lando Norris gy\u0151zelm\u00e9vel folytat\u00f3dott a 2026-os Formula\u20131-es vil\u00e1gbajnoks\u00e1g Hollandi\u00e1ban, a sz\u00e1guld\u00f3 cirkusz szeptember els\u0151 h\u00e9tv\u00e9g\u00e9j\u00e9n pedig Monz\u00e1ba&hellip;\n","protected":false},"author":2,"featured_media":233088,"comment_status":"","ping_status":"","sticky":false,"template":"","format":"standard","meta":{"footnotes":"","_share_on_mastodon":"0"},"categories":[14],"tags":[7772,638,704,44,42,40,10952,1309,640,43,41,1310,494,58390,38640,428,45,131,9608],"class_list":["post-233087","post","type-post","status-publish","format-standard","has-post-thumbnail","category-sport","tag-charles-leclerc","tag-ferrari","tag-formula-1","tag-hu","tag-hungarian","tag-hungary","tag-kimi-antonelli","tag-lando-norris","tag-lewis-hamilton","tag-magyar","tag-magyarorszag","tag-mclaren","tag-mercedes","tag-monza","tag-olasz-nagydij","tag-olaszorszag","tag-sport","tag-sports","tag-szabadedzes"],"share_on_mastodon":{"url":"https:\/\/pubeurope.com\/@hu\/117214166974501792","error":""},"_links":{"self":[{"href":"https:\/\/www.europesays.com\/hu\/wp-json\/wp\/v2\/posts\/233087","targetHints":{"allow":["GET"]}}],"collection":[{"href":"https:\/\/www.europesays.com\/hu\/wp-json\/wp\/v2\/posts"}],"about":[{"href":"https:\/\/www.europesays.com\/hu\/wp-json\/wp\/v2\/types\/post"}],"author":[{"embeddable":true,"href":"https:\/\/www.europesays.com\/hu\/wp-json\/wp\/v2\/users\/2"}],"replies":[{"embeddable":true,"href":"https:\/\/www.europesays.com\/hu\/wp-json\/wp\/v2\/comments?post=233087"}],"version-history":[{"count":0,"href":"https:\/\/www.europesays.com\/hu\/wp-json\/wp\/v2\/posts\/233087\/revisions"}],"wp:featuredmedia":[{"embeddable":true,"href":"https:\/\/www.europesays.com\/hu\/wp-json\/wp\/v2\/media\/233088"}],"wp:attachment":[{"href":"https:\/\/www.europesays.com\/hu\/wp-json\/wp\/v2\/media?parent=233087"}],"wp:term":[{"taxonomy":"category","embeddable":true,"href":"https:\/\/www.europesays.com\/hu\/wp-json\/wp\/v2\/categories?post=233087"},{"taxonomy":"post_tag","embeddable":true,"href":"https:\/\/www.europesays.com\/hu\/wp-json\/wp\/v2\/tags?post=233087"}],"curies":[{"name":"wp","href":"https:\/\/api.w.org\/{rel}","templated":true}]}}