{"id":233091,"date":"2026-09-04T18:27:11","date_gmt":"2026-09-04T18:27:11","guid":{"rendered":"https:\/\/www.europesays.com\/hu\/233091\/"},"modified":"2026-09-04T18:27:11","modified_gmt":"2026-09-04T18:27:11","slug":"magyar-peter-igazat-adott-orban-viktornak-most-mi-lesz","status":"publish","type":"post","link":"https:\/\/www.europesays.com\/hu\/233091\/","title":{"rendered":"Magyar P\u00e9ter igazat adott Orb\u00e1n Viktornak \u2013 most mi lesz?"},"content":{"rendered":"<p>\u201eAz Orb\u00e1n-korm\u00e1ny migr\u00e1ci\u00f3s politik\u00e1ja, p\u00e9ld\u00e1ul a ker\u00edt\u00e9s\u00e9p\u00edt\u00e9s \u00e9s a szigor\u00fa jogi szab\u00e1lyoz\u00e1s helyes volt\u201d \u2013 jelentette ki Magyar P\u00e9ter a cs\u00fct\u00f6rt\u00f6k d\u00e9lut\u00e1ni korm\u00e1nysz\u00f3viv\u0151i sajt\u00f3t\u00e1j\u00e9koztat\u00f3n.<\/p>\n<p>\t\t\t\t<img decoding=\"async\" src=\"https:\/\/www.europesays.com\/hu\/wp-content\/uploads\/2026\/09\/nincs-cim_th.png\" alt=\" \" class=\"cikkajanlo-kep img-fluid mb-0\"\/><\/p>\n<p>Hurr\u00e1! V\u00e9gre tett\u00fcnk egy l\u00e9p\u00e9st a nemzeti konszenzus fel\u00e9, \u00e9s a mindenkori magyar korm\u00e1ny \u00e9s ellenz\u00e9ke k\u00f6z\u00f6tt h\u00faz\u00f3d\u00f3 m\u00e9ly \u00e1rokba a jelenlegi minisztereln\u00f6k bedobott egy lap\u00e1t f\u00f6ldet? Felcsillanhat a rem\u00e9ny, hogy ha egy ilyen, a k\u00f6zbesz\u00e9det nagyj\u00e1b\u00f3l egy \u00e9vtizede ural\u00f3 \u00fcgyben megvan az egyet\u00e9rt\u00e9s, akkor majd meglesz m\u00e1sban is?<\/p>\n<p>Gyorsan ki kell, hogy \u00e1br\u00e1nd\u00edtsam az esetleg m\u00e1ris ilyen \u2013 norm\u00e1lis demokr\u00e1ci\u00e1kban egy\u00e9bk\u00e9nt teljesen logikusan felvet\u0151d\u0151 \u2013 k\u00e9rd\u00e9seken morfond\u00edroz\u00f3kat. Hiszen Magyar \u00e9s a Tisza egy\u00e1ltal\u00e1n nem v\u00e1ltoztatta meg a v\u00e9lem\u00e9ny\u00e9t. A v\u00e1laszt\u00e1si kamp\u00e1nyban is hat\u00e1rozottan elutas\u00edt\u00f3 \u00e1ll\u00e1spontot k\u00e9pviselt az illeg\u00e1lis migr\u00e1ci\u00f3val szemben, l\u00e9nyeg\u00e9ben az Orb\u00e1n-korm\u00e1ny\u00e9hoz hasonl\u00f3 retorik\u00e1t folytatott, kommunik\u00e1ci\u00f3j\u00e1ban t\u00f6bbsz\u00f6r is meger\u0151s\u00edtette, hogy elk\u00f6telezett az orsz\u00e1g hat\u00e1rainak v\u00e9delme mellett.<\/p>\n<p>&#13;<\/p>\n<p>Magyar 2025 november\u00e9ben a Facebook-oldal\u00e1n azt \u00edrta, nem fogadja el sem a migr\u00e1ci\u00f3s paktumot, sem a migr\u00e1nskv\u00f3t\u00e1t, \u00e9s v\u00e1laszt\u00e1si gy\u0151zelme eset\u00e9n megtartja a d\u00e9li hat\u00e1rker\u00edt\u00e9st. A p\u00e1rt akkori \u00e1ll\u00e1spontja szerint az illeg\u00e1lis migr\u00e1ci\u00f3 ellen az EU k\u00fcls\u0151 hat\u00e1rainak szigor\u00fa, k\u00f6z\u00f6s v\u00e9delm\u00e9vel kell fell\u00e9pni, \u00e9s a menek\u00fclt\u00fcgyi k\u00e9relmeket m\u00e1r az Eur\u00f3pai Uni\u00f3 ter\u00fclet\u00e9n k\u00edv\u00fcl el kellene b\u00edr\u00e1lni.<\/p>\n<p>&#13;<\/p>\n<p>\u00c1m ez mit sem zavarta az akkor korm\u00e1nyon l\u00e9v\u0151 Fideszt, hogy \u00f3ri\u00e1splak\u00e1tokon, a k\u00f6z\u00f6ss\u00e9gi oldalakon \u00e9s sz\u00f3ban \u2013 p\u00e9ld\u00e1ul a H\u00edrTV-ben \u00e9s a Digit\u00e1lis Polg\u00e1ri K\u00f6r\u00f6k tal\u00e1lkoz\u00f3in \u2013 \u201eBr\u00fcsszel al\u00e1zatos szolg\u00e1i\u201d-k\u00e9nt jellemezze Magyar\u00e9kat. Olyanokk\u00e9nt, mint akik t\u00e1mogatj\u00e1k a hat\u00e1rainkat illeg\u00e1lisan \u00e1tl\u00e9p\u0151 menek\u00fcltek befogad\u00e1s\u00e1t.<\/p>\n<p>B\u00e1r imm\u00e1r korm\u00e1nyra ker\u00fclve Magyar id\u00e9n j\u00fanius elej\u00e9n a Facebook-oldal\u00e1n meger\u0151s\u00edtette, hogy a Tisza P\u00e1rt korm\u00e1nya alatt nem lesznek illeg\u00e1lis migr\u00e1nsok Magyarorsz\u00e1gon, \u00e9s \u201eaki m\u00e1st \u00e1ll\u00edt, az hazudik \u00e9s becsapja a saj\u00e1t szavaz\u00f3it is\u201d, amikor n\u00e9h\u00e1ny nappal k\u00e9s\u0151bb, j\u00fanius 12-\u00e9n az Eur\u00f3pai Uni\u00f3 migr\u00e1ci\u00f3s \u00e9s menek\u00fclt\u00fcgyi szab\u00e1lyoz\u00e1si csomagja hivatalosan \u00e9letbe l\u00e9pett, a Fidesz-KDNP k\u00e9pvisel\u0151i \u2013 imm\u00e1r ellenz\u00e9kb\u0151l \u2013 megism\u00e9telt\u00e9k a v\u00e1djaikat.<\/p>\n<p>                    <img decoding=\"async\" src=\"https:\/\/www.europesays.com\/hu\/wp-content\/uploads\/2026\/09\/a-latszat-csal_lgc.jpg\" alt=\"A l\u00e1tszat csal, Orb\u00e1n Viktor \u00e9s Magyar P\u00e9ter tov\u00e1bbra sincs egy platformon\"\/><br \/>\n                    A l\u00e1tszat csal, Orb\u00e1n Viktor \u00e9s Magyar P\u00e9ter tov\u00e1bbra sincs egy platformon<br \/>Fot\u00f3: Klasszis M\u00e9dia\/Facebook<\/p>\n<p>Ami megint csak azt mutatja, hogy nem tanultak a m\u00falt hib\u00e1ib\u00f3l. Tov\u00e1bbra is azt hangoztatj\u00e1k, ami hozz\u00e1j\u00e1rult a veres\u00e9g\u00fckh\u00f6z, minekut\u00e1na a j\u00f3zanul gondolkod\u00f3 embereknek eleg\u00fck lett a \u201emigr\u00e1ncsokkal\u201d val\u00f3 riogat\u00e1sb\u00f3l. Abb\u00f3l, hogy az akkori korm\u00e1nyp\u00e1rti politikusok az \u00fajrav\u00e1laszt\u00e1suk \u00e9rdek\u00e9ben tudatosan \u00f6sszemost\u00e1k az orsz\u00e1gba jogszer\u0171en bev\u00e1ndorl\u00f3kat az ide illeg\u00e1lisan bejut\u00f3kkal.<\/p>\n<p>Magyar most cs\u00fct\u00f6rt\u00f6k\u00f6n nem tett m\u00e1st, mint hogy sokadszorra felid\u00e9zte, \u00e9les hat\u00e1rvonalat h\u00faznak a val\u00f3di menek\u00fcltek \u00e9s az illeg\u00e1lis bev\u00e1ndorl\u00f3k k\u00f6z\u00f6tt. \u00c9s ez \u00edgy van j\u00f3l, ezzel teljesen egyet lehet \u00e9rteni.<\/p>\n<p>\u00cdr\u00e1som megjelen\u00e9s\u00e9ig a mostani ellenz\u00e9k m\u00e9g nem reag\u00e1lt a minisztereln\u00f6k kijelent\u00e9s\u00e9re. \u00c9s az eddigi hozz\u00e1\u00e1ll\u00e1sukat ismerve erre a j\u00f6v\u0151ben is vajmi kev\u00e9s az es\u00e9ly. Ez\u00e9rt nem hiszek abban, hogy Magyar mondata egy \u00faj korszak, a megb\u00e9k\u00e9l\u00e9s, a nemzeti konszenzus kialakul\u00e1sa ir\u00e1ny\u00e1ba tett els\u0151 l\u00e9p\u00e9s lehet. K\u00e1r.<\/p>\n<p>A rovat kor\u00e1bbi cikkeit\u00a0<a href=\"https:\/\/mfor.hu\/cikkek\/cimke\/dosszie\/a-het-margojara.html\" target=\"_blank\" rel=\"nofollow noopener\">itt olvashatj\u00e1k<\/a>.<\/p>\n<p>(Csabai K\u00e1roly\u00a0szerz\u0151i oldala\u00a0<a href=\"https:\/\/www.facebook.com\/search\/top?q=csabai%20k%C3%A1roly%20szerz%C5%91i%20oldala\" target=\"_blank\" rel=\"nofollow noopener\">itt \u00e9rhet\u0151 el.<\/a>)<\/p>\n","protected":false},"excerpt":{"rendered":"\u201eAz Orb\u00e1n-korm\u00e1ny migr\u00e1ci\u00f3s politik\u00e1ja, p\u00e9ld\u00e1ul a ker\u00edt\u00e9s\u00e9p\u00edt\u00e9s \u00e9s a szigor\u00fa jogi szab\u00e1lyoz\u00e1s helyes volt\u201d \u2013 jelentette ki Magyar&hellip;\n","protected":false},"author":2,"featured_media":233092,"comment_status":"","ping_status":"","sticky":false,"template":"","format":"standard","meta":{"footnotes":"","_share_on_mastodon":"0"},"categories":[6],"tags":[18551,4431,429,89,44,42,40,1565,43,944,41,1356,66,945],"class_list":["post-233091","post","type-post","status-publish","format-standard","has-post-thumbnail","category-magyarorszag","tag-a-het-margojara","tag-bevandorlas","tag-europai-unio","tag-fidesz","tag-hu","tag-hungarian","tag-hungary","tag-kozelet","tag-magyar","tag-magyar-peter","tag-magyarorszag","tag-migracio","tag-orban-viktor","tag-tisza-part"],"share_on_mastodon":{"url":"https:\/\/pubeurope.com\/@hu\/117214186658138255","error":""},"_links":{"self":[{"href":"https:\/\/www.europesays.com\/hu\/wp-json\/wp\/v2\/posts\/233091","targetHints":{"allow":["GET"]}}],"collection":[{"href":"https:\/\/www.europesays.com\/hu\/wp-json\/wp\/v2\/posts"}],"about":[{"href":"https:\/\/www.europesays.com\/hu\/wp-json\/wp\/v2\/types\/post"}],"author":[{"embeddable":true,"href":"https:\/\/www.europesays.com\/hu\/wp-json\/wp\/v2\/users\/2"}],"replies":[{"embeddable":true,"href":"https:\/\/www.europesays.com\/hu\/wp-json\/wp\/v2\/comments?post=233091"}],"version-history":[{"count":0,"href":"https:\/\/www.europesays.com\/hu\/wp-json\/wp\/v2\/posts\/233091\/revisions"}],"wp:featuredmedia":[{"embeddable":true,"href":"https:\/\/www.europesays.com\/hu\/wp-json\/wp\/v2\/media\/233092"}],"wp:attachment":[{"href":"https:\/\/www.europesays.com\/hu\/wp-json\/wp\/v2\/media?parent=233091"}],"wp:term":[{"taxonomy":"category","embeddable":true,"href":"https:\/\/www.europesays.com\/hu\/wp-json\/wp\/v2\/categories?post=233091"},{"taxonomy":"post_tag","embeddable":true,"href":"https:\/\/www.europesays.com\/hu\/wp-json\/wp\/v2\/tags?post=233091"}],"curies":[{"name":"wp","href":"https:\/\/api.w.org\/{rel}","templated":true}]}}