{"id":233097,"date":"2026-09-04T18:35:11","date_gmt":"2026-09-04T18:35:11","guid":{"rendered":"https:\/\/www.europesays.com\/hu\/233097\/"},"modified":"2026-09-04T18:35:11","modified_gmt":"2026-09-04T18:35:11","slug":"index-kultur-a-drogfuggo-cia-ugynok-aki-megvaltoztatta-a-vilag-menetet","status":"publish","type":"post","link":"https:\/\/www.europesays.com\/hu\/233097\/","title":{"rendered":"Index &#8211; Kult\u00far &#8211; A drogf\u00fcgg\u0151 CIA-\u00fcgyn\u00f6k, aki megv\u00e1ltoztatta a vil\u00e1g menet\u00e9t"},"content":{"rendered":"<p>\n                          A Velencei Nemzetk\u00f6zi Filmfesztiv\u00e1lon l\u00e1thattuk Martin McDonagh, az Er\u0151szakik, a H\u00e1rom \u00f3ri\u00e1splak\u00e1t Ebbing hat\u00e1r\u00e1ban \u00e9s <a href=\"https:\/\/index.hu\/kultur\/cinematrix\/2023\/01\/27\/a-sziget-szellemei-mozi-film-drama-feketehumor-colin-farrell-oscar-jelolt-eselyes-ajanlo\/\" id=\"hyperlink_a6317757c416441f3c429c9ab0d65162\" target=\"_self\" rel=\"nofollow noopener\">A sziget szellemei<\/a>\u00a0Oscar-d\u00edjas rendez\u0151j\u00e9nek \u00faj filmj\u00e9t, a Vadl\u00f3 Kilenc (Wild Horse Nine) c\u00edm\u0171 alkot\u00e1st. A megtekint\u00e9s ut\u00e1n magabiztosan \u00e1ll\u00edthatjuk, hogy a kiv\u00e1l\u00f3 rendez\u0151 \u00e9s dr\u00e1ma\u00edr\u00f3 ism\u00e9t remek filmmel jelentkezett. Mondhatn\u00e1nk \u00fagy is, hogy nem hazudtolta meg \u00f6nmag\u00e1t a Vadl\u00f3 Kilenc c\u00edm\u0171 alkot\u00e1ssal, \u00e9s ism\u00e9t d\u00edjes\u0151 v\u00e1rhat r\u00e1. Nagy es\u00e9llyel elnyerheti az Arany Oroszl\u00e1nt is. John Malkovich, a film f\u0151szerepl\u0151je pedig karrierje egyik legjobb alak\u00edt\u00e1s\u00e1t ny\u00fajtja, sok\u00e1n m\u00e1r most \u0151t tartj\u00e1k a k\u00f6vetkez\u0151 Oscar-g\u00e1la egyik legnagyobb es\u00e9lyes\u00e9nek a legjobb f\u00e9rfi f\u0151szerepl\u0151 kateg\u00f3ri\u00e1ban. Az olasz koll\u00e9g\u00e1k m\u00e1r oda is \u00edt\u00e9lt\u00e9k neki a d\u00edjat.\n                        <\/p>\n<p>                        \u00d3h, a CIA, szeg\u00e9ny Allende<\/p>\n<p>A Vadl\u00f3 Kilenc legink\u00e1bb McDonagh Er\u0151szakik c\u00edm\u0171 filmj\u00e9vel rokon, mik\u00f6zben mark\u00e1nsan mag\u00e1n viseli a direktor k\u00e9zjegy\u00e9t. A film els\u0151 perceiben \u00fagy t\u0171nt, mintha omin\u00f3zus 2008-as dr\u00e1m\u00e1j\u00e1nak bizonyos elemeit nemes egyszer\u0171s\u00e9ggel \u00e1thelyezte volna a hetvenes \u00e9vekbe, de azt\u00e1n r\u00e1j\u00f6ttem, hogy itt most \u2013 az alapvet\u0151 mot\u00edvumok ellen\u00e9re \u2013\u00a0valami eg\u00e9szen m\u00e1s t\u00f6rt\u00e9nettel lesz dolgunk. A t\u00f6rt\u00e9net szerint a k\u00f6z\u00e9pkor\u00fa Lee (Sam Rockwell) \u00e9s a m\u00e1r b\u0151ven nyugd\u00edjas korban l\u00e9v\u0151 Chris (John Malkovich) CIA-\u00fcgyn\u00f6k\u00f6k, akik 1973-ban \u00e9ppen Chil\u00e9ben a szocialista Salvador Allende megbuktat\u00e1s\u00e1n dolgoznak.<\/p>\n<p>Chilei munk\u00e1lkod\u00e1sok ut\u00e1n a H\u00fasv\u00e9t-szigetekre utaznak, mert ez a nagybeteg, haldokl\u00f3 \u00e9s morfiumf\u00fcgg\u0151 Chris utols\u00f3 k\u00edv\u00e1ns\u00e1ga. A t\u00f6rt\u00e9nelem sorsford\u00edt\u00f3 pillanataiban meghat\u00e1roz\u00f3 szerepet j\u00e1tsz\u00f3 gyilkos\/\u00fcgyn\u00f6k m\u00e9g l\u00e1tni szeretne a szigeten tal\u00e1lhat\u00f3 emblematikus (szobrokat) \u201efejeket\u201d. De arra is szak\u00edt id\u0151t, hogy diktafonra mondja \u00e9lete esem\u00e9nyd\u00fas t\u00f6rt\u00e9net\u00e9t, ami term\u00e9szetesen nem tetszik a szint\u00e9n drogf\u00fcgg\u0151 f\u0151n\u00f6k\u00fcknek, MJ-nek (Steve Buscemi). K\u00e9rd\u00e9s, hogy Chris \u00fagy \u00e9s ott halhat-e meg, ahol szeretne, vagy err\u0151l is CIA d\u00f6nt majd, mint annyi minden m\u00e1sr\u00f3l a vil\u00e1gban.\n                        <\/p>\n<p>                        Keser\u0171 m\u00e9z<\/p>\n<p>A film k\u00e9pi vil\u00e1ga nagyon meggy\u0151z\u0151. A H\u00fasv\u00e9t-szigetek McDonagh filmj\u00e9ben is gy\u00f6ny\u00f6r\u0171, mik\u00f6zben az alkot\u00e1s a legapr\u00f3bb r\u00e9szletekig korh\u0171. L\u00e1tszik, hogy nemcsak teljesen professzion\u00e1lis, hanem elk\u00e9peszt\u0151en kreat\u00edv csapat dolgozott a l\u00e1tv\u00e1nyvil\u00e1gon. A snittek k\u00f6nnyed\u00e9n mag\u00e1val sodorj\u00e1k a n\u00e9z\u0151t. Az alak\u00edt\u00e1sokr\u00f3l t\u00e9nyleg csak szuperlat\u00edvuszokban lehet besz\u00e9lni. Neh\u00e9z olyan sz\u00edn\u00e9szt tal\u00e1lni, aki Malkovichn\u00e1l hitelesebben tudta volna ezt a meglehet\u0151sen \u00f6sszetett szerepet j\u00e1tszani.<\/p>\n<p>A hal\u00e1llal viaskod\u00f3 karaktere intelligens, impulz\u00edv, sz\u00e9ls\u0151s\u00e9ges \u00e9s m\u00e9ly. Malkovich az \u00f6sszes r\u00e9szletre figyelt.<\/p>\n<p>Ezzel a szereppel ism\u00e9t bizony\u00edtotta, hogy helye van a legnagyobbak panteonj\u00e1ban.<\/p>\n<p>Sam Rockwell m\u00e9lt\u00f3 t\u00e1rsa, r\u00e1ad\u00e1sul \u2013\u00a0k\u00f6zhelyesen sz\u00f3lva\u00a0\u2013 remek\u00fcl m\u0171k\u00f6dik k\u00f6z\u00f6tt\u00fck a k\u00e9mia. \u00c9s t\u00f6redelmesen be kell valljam, hogy ez az els\u0151 film, amiben Rockwell j\u00e1t\u00e9ka v\u00e9g\u00e9rv\u00e9nyesen meggy\u0151z\u00f6tt arr\u00f3l, hogy nem v\u00e9letlen\u00fcl kapott Oscar-d\u00edjat. Steve Buscemi hozza a t\u0151le elv\u00e1rhat\u00f3 min\u0151s\u00e9gi j\u00e1t\u00e9kot, remek v\u00e1laszt\u00e1s volt a cinikus, megf\u00e1radt CIA-f\u0151n\u00f6k szerep\u00e9re.<\/p>\n<p>Elhihetik, az alkot\u00e1s minden m\u00e1sodperce \u00e9lvezetes. A n\u00e9z\u0151 egy pillanatig sem unatkozik, a p\u00e1rbesz\u00e9dek pedig frenetikusan viccesek. A po\u00e9noknak sajtok, orsz\u00e1gok \u00e9s gyilkoss\u00e1gok szolg\u00e1lnak aprop\u00f3ul.<\/p>\n<p>Imm\u00e1r k\u00e9sz t\u00e9nyk\u00e9nt kezelhetj\u00fck, hogy McDonagh mestere a keser\u00e9des p\u00e1rbesz\u00e9deknek \u00e9s monol\u00f3goknak.<\/p>\n<p>A haldokl\u00f3 \u00fcgyn\u00f6k t\u00f6rt\u00e9net\u00e9nek seg\u00edts\u00e9g\u00e9vel egy\u00e9rtelm\u0171en \u00edt\u00e9letet mond a CIA t\u00e9nyked\u00e9s\u00e9r\u0151l, az USA nagyhatalmi beavatkoz\u00e1sair\u00f3l. A jobboldali macs\u00f3s\u00e1gr\u00f3l is elutas\u00edt\u00f3an reg\u00e9l. De a filmbe m\u00e9g az is belef\u00e9rt, hogy \u00fajra mes\u00e9ljen elm\u00fal\u00e1sr\u00f3l, bar\u00e1ts\u00e1gr\u00f3l. A bar\u00e1ts\u00e1g \u00e9s a h\u0171s\u00e9g ebben a filmben is legal\u00e1bb olyan fontos szerepet kap, mint A sziget szellemeiben. Szinte a csal\u00e1don fel\u00fcli \u00e9rt\u00e9kk\u00e9nt jelenik meg. Mondv\u00e1n, f\u00e9rfiak bar\u00e1ts\u00e1ga csak akkor igaz, ha minden pr\u00f3b\u00e1t ki\u00e1ll, \u00f6r\u00f6k.<\/p>\n<p>A film novemberben lesz l\u00e1that\u00f3 a hazai mozikban, csak aj\u00e1nlani tudom.<\/p>\n<p>                          9\/10<\/p>\n<p><a href=\"https:\/\/dex.hu\/x.php?id=googlepref_desktop&amp;url=https:\/\/google.com\/preferences\/source?q=https:\/\/index.hu\" class=\"google-pref-banner \" id=\"googlePrefBanner\" rel=\"nofollow noopener\" target=\"_blank\"><\/p>\n<p>    Itt \u00e1ll\u00edtsa be, hogy az Index az els\u0151k k\u00f6z\u00f6tt legyen a Google-tal\u00e1latokban!<\/p>\n<p><\/a><\/p>\n<p>                <a href=\"https:\/\/konyvek.index.hu\/\" target=\"_blank\" rel=\"nofollow noopener\"><br \/>\n                <img decoding=\"async\" src=\"https:\/\/index.hu\/assets\/images\/konyvajanlo\/book_indapress\/book_indapress_logo.svg\" loading=\"lazy\" alt=\"Inda Press Kiad\u00f3\"\/><br \/>\n                <\/a><\/p>\n<p>                <img decoding=\"async\" src=\"https:\/\/www.europesays.com\/hu\/wp-content\/uploads\/2026\/09\/1788546910_341_hazassaglabirintus.png\" loading=\"lazy\" alt=\"Becsomagolt titkok szentest\u00e9re\"\/><\/p>\n<p>L\u00e9pjen be a h\u00e1zass\u00e1g legnagyobb dilemm\u00e1j\u00e1ba!<br \/>A d\u00f6nt\u00e9s az \u00d6n kez\u00e9ben van! <\/p>\n<p>                <a class=\"book_index_btn\" href=\"https:\/\/indexadhu.hit.gemius.pl\/hitredir?id=nSCbubuYpDWJZLZs0TssLrbt33Lk5kbipuiZrkg89G3.g7&amp;stparam=zpcrjmisvv&amp;fastid=jzeelhrbwmpdhcblhjutwmjodoku&amp;nc=0&amp;url=https:\/\/www.indapresskiado.hu\/products\/hazassaglabirintus\" target=\"_blank\" rel=\"nofollow noopener\">MEGVESZEM<\/a><\/p>\n<p>    <img loading=\"lazy\" decoding=\"async\" src=\"https:\/\/www.europesays.com\/hu\/wp-content\/uploads\/2026\/09\/1788546911_288_redot.gif\" border=\"0\" height=\"0\" width=\"0\"\/><\/p>\n<p>    <img decoding=\"async\" src=\"https:\/\/index.hu\/assets\/images\/social-follow\/logo-big.svg\" alt=\"Index.hu logo\"\/><\/p>\n<p>K\u00f6vesse az Indexet Facebookon is!<\/p>\n<p>    <a href=\"https:\/\/facebook.com\/Indexhu\" target=\"_blank\" rel=\"nofollow noopener\"><\/p>\n<p>        K\u00f6vetem!<br \/>\n    <\/a><\/p>\n","protected":false},"excerpt":{"rendered":"A Velencei Nemzetk\u00f6zi Filmfesztiv\u00e1lon l\u00e1thattuk Martin McDonagh, az Er\u0151szakik, a H\u00e1rom \u00f3ri\u00e1splak\u00e1t Ebbing hat\u00e1r\u00e1ban \u00e9s A sziget szellemei\u00a0Oscar-d\u00edjas&hellip;\n","protected":false},"author":2,"featured_media":233098,"comment_status":"","ping_status":"","sticky":false,"template":"","format":"standard","meta":{"footnotes":"","_share_on_mastodon":"0"},"categories":[16],"tags":[151,152,137,44,42,40,11014,438,150,43,41,15454,15390,138,23119,9652],"class_list":["post-233097","post","type-post","status-publish","format-standard","has-post-thumbnail","category-szorakozas","tag-ce-femina","tag-ce-napi","tag-entertainment","tag-hu","tag-hungarian","tag-hungary","tag-john-malkovich","tag-kritika","tag-kultur","tag-magyar","tag-magyarorszag","tag-martin-mcdonagh","tag-sam-rockwell","tag-szorakozas","tag-vadlo-kilenc","tag-velencei-filmfesztival"],"share_on_mastodon":{"url":"https:\/\/pubeurope.com\/@hu\/117214218435787204","error":""},"_links":{"self":[{"href":"https:\/\/www.europesays.com\/hu\/wp-json\/wp\/v2\/posts\/233097","targetHints":{"allow":["GET"]}}],"collection":[{"href":"https:\/\/www.europesays.com\/hu\/wp-json\/wp\/v2\/posts"}],"about":[{"href":"https:\/\/www.europesays.com\/hu\/wp-json\/wp\/v2\/types\/post"}],"author":[{"embeddable":true,"href":"https:\/\/www.europesays.com\/hu\/wp-json\/wp\/v2\/users\/2"}],"replies":[{"embeddable":true,"href":"https:\/\/www.europesays.com\/hu\/wp-json\/wp\/v2\/comments?post=233097"}],"version-history":[{"count":0,"href":"https:\/\/www.europesays.com\/hu\/wp-json\/wp\/v2\/posts\/233097\/revisions"}],"wp:featuredmedia":[{"embeddable":true,"href":"https:\/\/www.europesays.com\/hu\/wp-json\/wp\/v2\/media\/233098"}],"wp:attachment":[{"href":"https:\/\/www.europesays.com\/hu\/wp-json\/wp\/v2\/media?parent=233097"}],"wp:term":[{"taxonomy":"category","embeddable":true,"href":"https:\/\/www.europesays.com\/hu\/wp-json\/wp\/v2\/categories?post=233097"},{"taxonomy":"post_tag","embeddable":true,"href":"https:\/\/www.europesays.com\/hu\/wp-json\/wp\/v2\/tags?post=233097"}],"curies":[{"name":"wp","href":"https:\/\/api.w.org\/{rel}","templated":true}]}}