{"id":233107,"date":"2026-09-04T18:42:11","date_gmt":"2026-09-04T18:42:11","guid":{"rendered":"https:\/\/www.europesays.com\/hu\/233107\/"},"modified":"2026-09-04T18:42:11","modified_gmt":"2026-09-04T18:42:11","slug":"index-belfold-zuglo-polgarmestere-gajdos-laszlo-miniszteriuma-tett-egy-szivesseget-a-kabitoszer-kereskedoknek","status":"publish","type":"post","link":"https:\/\/www.europesays.com\/hu\/233107\/","title":{"rendered":"Index &#8211; Belf\u00f6ld &#8211; Zugl\u00f3 polg\u00e1rmestere: Gajdos L\u00e1szl\u00f3 miniszt\u00e9riuma tett egy sz\u00edvess\u00e9get a k\u00e1b\u00edt\u00f3szer-keresked\u0151knek"},"content":{"rendered":"<p>\u201eTett egy sz\u00edvess\u00e9get Gajdos L\u00e1szl\u00f3 miniszt\u00e9riuma a k\u00e1b\u00edt\u00f3szer-keresked\u0151knek \u2013 szem\u00e9lyes egyeztet\u00e9st kezdem\u00e9nyezek!\u201d \u2013 <a href=\"https:\/\/www.facebook.com\/rozsaandras.zuglo\/posts\/pfbid02wBocfPzm8xcL6FEUUy8LCy3gyhFj5xiAozg7oCbXBjfUeqPYr7pcm8NT925VVHmNl\" id=\"hyperlink_b2ee1459de32d1bbc6e97a9816efd365\" rel=\"nofollow noopener\" target=\"_blank\">\u00edrja<\/a> Facebook-oldal\u00e1n R\u00f3zsa Andr\u00e1s, Zugl\u00f3 polg\u00e1rmestere. Bejegyz\u00e9s\u00e9ben r\u00f6gt\u00f6n lesz\u00f6gezi: nagyra \u00e9rt\u00e9keli Gajdos L\u00e1szl\u00f3 szem\u00e9ly\u00e9t \u00e9s munk\u00e1ss\u00e1g\u00e1t is, de a miniszt\u00e9rium d\u00f6nt\u00e9s\u00e9vel nem \u00e9rt egyet.\u00a0<\/p>\n<p>A polg\u00e1rmester \u00fagy v\u00e9li, a hullad\u00e9kgazd\u00e1lkod\u00e1si rendszer fel\u00fclvizsg\u00e1lat\u00e1ra nagyon is sz\u00fcks\u00e9g van, \u201ek\u00e9szp\u00e9nzre v\u00e1lt\u00e1s k\u00e9rd\u00e9s\u00e9ben egy nagyon rossz d\u00f6nt\u00e9st hoztak\u201d. A Mohu visszav\u00e1lt\u00e1s\u00e9rt felel\u0151s igazgat\u00f3ja kor\u00e1bban\u00a0a <a href=\"https:\/\/index.hu\/belfold\/2026\/09\/02\/mohu-bozoki-csaba-palackvisszavaltas-keszpenz\/\" id=\"hyperlink_c808f34e35ceff450deb454f921a7463\" target=\"_blank\" title=\"Alaposan felforgathatj\u00e1k a palackvisszav\u00e1lt\u00e1st, fontos v\u00e1ltoztat\u00e1st kezdem\u00e9nyezett a MOHU\" rel=\"nofollow noopener\">k\u00e9szp\u00e9nzhaszn\u00e1lat megsz\u00fcntet\u00e9s\u00e9t javasolta<\/a> a palackvisszav\u00e1lt\u00e1si rendszerben. Az <a href=\"https:\/\/index.hu\/belfold\/2026\/09\/04\/mohu-palackvisszavaltas-miniszterium-keszpenzhasznalat-kivezetes\/\" id=\"hyperlink_05ecb4ec4d1159aa37059ad63826a98b\" target=\"_blank\" title=\"A miniszt\u00e9rium elkasz\u00e1lta a Mohu \u00f6tlet\u00e9t, nem lesz v\u00e1ltoz\u00e1s a palackvisszav\u00e1lt\u00e1sn\u00e1l\" rel=\"nofollow noopener\">\u00c9l\u0151 K\u00f6rnyezet\u00e9rt Felel\u0151s Miniszt\u00e9rium azonban elutas\u00edtotta<\/a> a felvet\u00e9st, \u00e9s ink\u00e1bb a lakoss\u00e1g felel\u0151ss\u00e9gv\u00e1llal\u00e1s\u00e1t szorgalmazta.<\/p>\n<p>                        A p\u00e9nzt\u00e1rban v\u00e1ltj\u00e1k be vagy k\u00f6zvetlen\u00fcl k\u00e1b\u00edt\u00f3szerre cser\u00e9lik az utalv\u00e1nyt<\/p>\n<p>R\u00f3zsa Andr\u00e1s \u00fagy v\u00e9li, azzal, hogy a miniszt\u00e9rium nem t\u00e1mogatja a k\u00e9szp\u00e9nzhaszn\u00e1lat megsz\u00fcntet\u00e9s\u00e9t, tov\u00e1bbra is fenn tud maradni a <a href=\"https:\/\/index.hu\/belfold\/2026\/09\/03\/mohu-magyar-peter-visszavaltas-repont\/\" id=\"hyperlink_a6be11cf2ba09885403ede7db46231e8\" target=\"_blank\" title=\"\u00c9letvesz\u00e9lyesen fenyegetik az embereket, t\u00e1rsash\u00e1zakba t\u00f6rnek be a gy\u0171jt\u00f6get\u0151k \u2013 r\u00e1szabadult Budapestre a flakonmaffia\" data-recommendation=\"bekezdes_utan\" data-recommendation-preview=\"{&quot;og:title&quot;:&quot;\u00c9letvesz\u00e9lyesen fenyegetik az embereket, t\u00e1rsash\u00e1zakba t\u00f6rnek be a gy\\u0171jt\u00f6get\\u0151k \u2013 r\u00e1szabadult Budapestre a flakonmaffia&quot;,&quot;og:description&quot;:&quot;Egyre t\u00f6bben s\u00fcrgetik a helyzet kezel\u00e9s\u00e9t, hamarosan l\u00e9phet a Tisza-korm\u00e1ny.&quot;,&quot;og:image&quot;:&quot;\\\/\\\/kep.cdn.indexvas.hu\\\/1\\\/0\\\/7139\\\/71390\\\/713902\\\/71390299_5264193_13fe8ca8d127d7ed7102a6ce8c4db57e_wm.jpg&quot;}\" data-recommendation-id=\"6271785\" rel=\"nofollow noopener\">palackvisszav\u00e1lt\u00e1s k\u00f6r\u00e9 \u00e9p\u00fclt k\u00e1b\u00edt\u00f3szer-kereskedelem<\/a>. A polg\u00e1rmester egy szem\u00e9lyes t\u00f6rt\u00e9netet is felid\u00e9zett. Egy bev\u00e1s\u00e1rl\u00e1s alkalm\u00e1val megk\u00e9rdezte a p\u00e9nzt\u00e1rost\u00f3l, hogy milyen tapasztalatai vannak a visszav\u00e1lt\u00e1sokkal.\u00a0\u00a0<\/p>\n<p>\u201eKapaszkodjanak meg: azt mes\u00e9lte nekem a h\u00f6lgy, hogy nem egyszer el\u0151fordul, hogy 50-60 ezer forint \u00e9rt\u00e9kben v\u00e1ltanak be n\u00e1luk utalv\u00e1nyt k\u00e9szp\u00e9nzre. Ez azt jelenti, hogy valaki t\u00f6bb mint ezer darab palackot, vagy ennyi \u00e9rt\u00e9k\u0171 kupont gy\u0171jt\u00f6tt \u00f6ssze. Az\u00e9rt valljuk be, egyszer\u0171 \u00e1tlagemberk\u00e9nt ez nem t\u00fal re\u00e1lis\u201d \u2013 \u00edrja.<\/p>\n<p>Bejegyz\u00e9s\u00e9ben kifejtette, a lakoss\u00e1gi jelz\u00e9sek alapj\u00e1n a drogd\u00edlerek m\u00e1r a nagyobb visszav\u00e1lt\u00f3 helyek k\u00f6rny\u00e9k\u00e9n tany\u00e1znak \u00e9s k\u00f6zvetlen\u00fcl cser\u00e9lik a k\u00e1b\u00edt\u00f3szert utalv\u00e1nyra, amit azt\u00e1n bev\u00e1ltanak a kassz\u00e1n\u00e1l k\u00e9szp\u00e9nzre. R\u00e1mutatott arra, hogy ez egy nagyon k\u00e9nyelmes \u00e9s egyszer\u0171 lehet\u0151s\u00e9g a drogd\u00edlereknek, r\u00e1ad\u00e1sul a p\u00e9nz \u00fatja visszak\u00f6vethetetlen.<\/p>\n<p>\u201eK\u00f6ny\u00f6rg\u00f6m: legal\u00e1bb ne k\u00f6nny\u00edts\u00fck meg a k\u00e1b\u00edt\u00f3szer keresked\u0151k dolg\u00e1t, ne engedj\u00fck, hogy ilyen k\u00f6nnyen jussanak ellen\u0151rizhetetlen m\u00f3don k\u00e9szp\u00e9nzhez!\u201d \u2013 hozz\u00e1tette, az utalv\u00e1nyok, felaj\u00e1nl\u00e1sok vagy banksz\u00e1ml\u00e1ra val\u00f3 utal\u00e1sok tov\u00e1bbra is m\u0171k\u00f6dhetnek. A bejegyz\u00e9s v\u00e9g\u00e9n arra k\u00e9ri a miniszt\u00e9riumot, m\u00e9rlegelj\u00e9k a szempontot, \u00e9s mihamarabb fogadj\u00e1k szem\u00e9lyes egyeztet\u00e9sre.\u00a0<\/p>\n<p><a href=\"https:\/\/dex.hu\/x.php?id=googlepref_desktop&amp;url=https:\/\/google.com\/preferences\/source?q=https:\/\/index.hu\" class=\"google-pref-banner \" id=\"googlePrefBanner\" rel=\"nofollow noopener\" target=\"_blank\"><\/p>\n<p>    Itt \u00e1ll\u00edtsa be, hogy az Index az els\u0151k k\u00f6z\u00f6tt legyen a Google-tal\u00e1latokban!<\/p>\n<p><\/a><\/p>\n<p>    <img decoding=\"async\" src=\"https:\/\/index.hu\/assets\/images\/social-follow\/logo-big.svg\" alt=\"Index.hu logo\"\/><\/p>\n<p>K\u00f6vesse az Indexet Facebookon is!<\/p>\n<p>    <a href=\"https:\/\/facebook.com\/Indexhu\" target=\"_blank\" rel=\"nofollow noopener\"><\/p>\n<p>        K\u00f6vetem!<br \/>\n    <\/a><\/p>\n","protected":false},"excerpt":{"rendered":"\u201eTett egy sz\u00edvess\u00e9get Gajdos L\u00e1szl\u00f3 miniszt\u00e9riuma a k\u00e1b\u00edt\u00f3szer-keresked\u0151knek \u2013 szem\u00e9lyes egyeztet\u00e9st kezdem\u00e9nyezek!\u201d \u2013 \u00edrja Facebook-oldal\u00e1n R\u00f3zsa Andr\u00e1s, Zugl\u00f3&hellip;\n","protected":false},"author":2,"featured_media":233108,"comment_status":"","ping_status":"","sticky":false,"template":"","format":"standard","meta":{"footnotes":"","_share_on_mastodon":"0"},"categories":[33],"tags":[80,152,33549,38,8069,35,37,44,42,40,71,43,41,34,2828,26535,36,39,4801],"class_list":["post-233107","post","type-post","status-publish","format-standard","has-post-thumbnail","category-hirek","tag-belfold","tag-ce-napi","tag-elo-kornyezetert-felelos-miniszterium","tag-focimek","tag-gajdos-laszlo","tag-headlines","tag-hirek","tag-hu","tag-hungarian","tag-hungary","tag-kabitoszer-kereskedelem","tag-magyar","tag-magyarorszag","tag-news","tag-palackvisszavaltas","tag-rozsa-andras","tag-top-stories","tag-vezeto-hirek","tag-zuglo"],"share_on_mastodon":{"url":"https:\/\/pubeurope.com\/@hu\/117214245697047241","error":""},"_links":{"self":[{"href":"https:\/\/www.europesays.com\/hu\/wp-json\/wp\/v2\/posts\/233107","targetHints":{"allow":["GET"]}}],"collection":[{"href":"https:\/\/www.europesays.com\/hu\/wp-json\/wp\/v2\/posts"}],"about":[{"href":"https:\/\/www.europesays.com\/hu\/wp-json\/wp\/v2\/types\/post"}],"author":[{"embeddable":true,"href":"https:\/\/www.europesays.com\/hu\/wp-json\/wp\/v2\/users\/2"}],"replies":[{"embeddable":true,"href":"https:\/\/www.europesays.com\/hu\/wp-json\/wp\/v2\/comments?post=233107"}],"version-history":[{"count":0,"href":"https:\/\/www.europesays.com\/hu\/wp-json\/wp\/v2\/posts\/233107\/revisions"}],"wp:featuredmedia":[{"embeddable":true,"href":"https:\/\/www.europesays.com\/hu\/wp-json\/wp\/v2\/media\/233108"}],"wp:attachment":[{"href":"https:\/\/www.europesays.com\/hu\/wp-json\/wp\/v2\/media?parent=233107"}],"wp:term":[{"taxonomy":"category","embeddable":true,"href":"https:\/\/www.europesays.com\/hu\/wp-json\/wp\/v2\/categories?post=233107"},{"taxonomy":"post_tag","embeddable":true,"href":"https:\/\/www.europesays.com\/hu\/wp-json\/wp\/v2\/tags?post=233107"}],"curies":[{"name":"wp","href":"https:\/\/api.w.org\/{rel}","templated":true}]}}