{"id":233113,"date":"2026-09-04T18:50:09","date_gmt":"2026-09-04T18:50:09","guid":{"rendered":"https:\/\/www.europesays.com\/hu\/233113\/"},"modified":"2026-09-04T18:50:09","modified_gmt":"2026-09-04T18:50:09","slug":"szekszardi-milan-ebben-a-bajnoksagban-diosgyorben-jatszik","status":"publish","type":"post","link":"https:\/\/www.europesays.com\/hu\/233113\/","title":{"rendered":"Szeksz\u00e1rdi Mil\u00e1n ebben a bajnoks\u00e1gban Di\u00f3sgy\u0151rben j\u00e1tszik"},"content":{"rendered":"<p>                                                            <a href=\"https:\/\/www.amigeleken.hu\/\" rel=\"nofollow noopener\" target=\"_blank\">F\u0151oldal<\/a><br \/>\n                                \u00a0\/\u00a0<\/p>\n<p>                                                            <a href=\"https:\/\/www.amigeleken.hu\/dvtk\" rel=\"nofollow noopener\" target=\"_blank\">DVTK<\/a><br \/>\n                                \u00a0\/\u00a0<\/p>\n<p>                                                            Szeksz\u00e1rdi Mil\u00e1n ebben a bajnoks\u00e1gban Di\u00f3sgy\u0151rben j\u00e1tszik                            <\/p>\n<p>            Szerz\u0151: dfcwolf | 2026-09-04 13:48:00<\/p>\n<p class=\"lead\">Sajt\u00f3figyel\u0151 &#8211; dvtk.hu<\/p>\n<p>K\u00f6z\u00e9ps\u0151 v\u00e9d\u0151 \u00e9rkezett Di\u00f3sgy\u0151rbe, az \u00e1tigazol\u00e1si id\u0151szak v\u00e9ge el\u0151tt a DVTK k\u00f6lcs\u00f6nvette Szeksz\u00e1rdi Mil\u00e1nt Paksr\u00f3l.<\/p>\n<p style=\"text-align: center;\"><a class=\"fancybox\" href=\"https:\/\/www.europesays.com\/hu\/wp-content\/uploads\/2026\/09\/szekszardi.png\"><img decoding=\"async\" alt=\"\" src=\"https:\/\/www.europesays.com\/hu\/wp-content\/uploads\/2026\/09\/szekszardi.png\" style=\"margin: 5px; width: 85%;\"\/><\/a><\/p>\n<p>Tam\u00e1s M\u00e1rk t\u00e1voz\u00e1s\u00e1t k\u00f6vet\u0151en priorit\u00e1sk\u00e9nt kezelt\u00fck egy k\u00f6z\u00e9ph\u00e1tv\u00e9d megszerz\u00e9s\u00e9t, \u00e9s Szeksz\u00e1rdi Mil\u00e1n az els\u0151k k\u00f6z\u00f6tt szerepelt a kiszemeltek k\u00f6z\u00f6tt. K\u00f6sz\u00f6nj\u00fck a paksiaknak \u00e9s k\u00fcl\u00f6n\u00f6sen Haraszti Zsoltnak, hogy ebben a helyzetben konstrukt\u00edvan \u00e1lltak a megkeres\u00e9s\u00fcnkh\u00f6z, \u00e9s \u00fagy gondolt\u00e1k, a j\u00e1t\u00e9kosnak is el\u0151rel\u00e9p\u00e9st jelenthet az egyel\u0151re egy \u00e9v di\u00f3sgy\u0151ri k\u00f6lcs\u00f6n &#8211; fogalmazott Vincze Rich\u00e1rd, a DVTK sportigazgat\u00f3ja. &#8211; Nem csak \u00e9n, hanem a st\u00e1b t\u00f6bb tagja is j\u00f3l ismeri Szeksz\u00e1rdi Mil\u00e1nt, hiszen dolgoztunk egy\u00fctt Kazincbarcik\u00e1n. Egy kiv\u00e1l\u00f3 mentalit\u00e1s\u00fa v\u00e9d\u0151, akire n\u00e9h\u00e1ny \u00e9vtizede azt mondt\u00e1k volna, hogy nem megy a szomsz\u00e9dba egy kis kem\u00e9nys\u00e9g\u00e9rt. \u00c9s azt se feledj\u00fck, \u00e9rkez\u00e9s\u00e9vel tov\u00e1bb b\u0151v\u00edtett\u00fck a 23-28 \u00e9v k\u00f6z\u00f6tti j\u00e1t\u00e9kosok sor\u00e1t.<\/p>\n<p>Nagy lehet\u0151s\u00e9get kaptam, hogy egy ilyen nagy m\u00falt\u00fa klubban j\u00e1tszhatok. Elsz\u00e1nt vagyok, \u00e9s csak annyit \u00edg\u00e9rek, hogy cs\u00faszni-m\u00e1szni fogok a csapat\u00e9rt, \u00e9s a maximumot fogom beletenni minden m\u00e9rk\u0151z\u00e9sbe &#8211; mondta Szeksz\u00e1rdi Mil\u00e1n. &#8211; K\u00f6z\u00e9ps\u0151 v\u00e9d\u0151k\u00e9nt kell\u0151en agressz\u00edv vagyok, a mentalit\u00e1somat szokt\u00e1k dics\u00e9rni az edz\u0151im. B\u00edzom benne, hogy a teljes\u00edtm\u00e9nyemmel hozz\u00e1 tudok j\u00e1rulni ahhoz, hogy a Di\u00f3sgy\u0151r elinduljon felfel\u00e9. K\u00e9szen \u00e1llok harcolni a c\u00edmer\u00e9rt!<\/p>\n<p>Szeksz\u00e1rdi Mil\u00e1n Szeksz\u00e1rdon sz\u00fcletett, \u00e9s Pakson kezdett focizni. 21 \u00e9vesen mutatkozott be az \u00e9lvonalban, majd m\u00e1sf\u00e9l \u00e9vet Kazincbarcik\u00e1n j\u00e1tszott k\u00f6lcs\u00f6nben, egyet pedig Szentl\u0151rincen. Az el\u0151z\u0151 id\u00e9nyben 15, id\u00e9n ny\u00e1ron pedig 3 \u00e9lvonalbeli bajnokin j\u00e1tszott a Paksban, illetve p\u00e1ly\u00e1ra l\u00e9pett a Panathinaikos elleni Konferencia Liga-selejtez\u0151n is.<\/p>\n<p>A k\u00e9t klub \u00e9s a j\u00e1t\u00e9kos az \u00e1tigazol\u00e1si id\u0151szak v\u00e9ge el\u0151tt al\u00e1\u00edrt minden pap\u00edrt, \u00edgy Szeksz\u00e1rdi Mil\u00e1n ak\u00e1r p\u00e1ly\u00e1ra is l\u00e9phet a Videoton ellen h\u00e9tf\u0151 este.<\/p>\n","protected":false},"excerpt":{"rendered":"F\u0151oldal \u00a0\/\u00a0 DVTK \u00a0\/\u00a0 Szeksz\u00e1rdi Mil\u00e1n ebben a bajnoks\u00e1gban Di\u00f3sgy\u0151rben j\u00e1tszik Szerz\u0151: dfcwolf | 2026-09-04 13:48:00 Sajt\u00f3figyel\u0151 &#8211;&hellip;\n","protected":false},"author":2,"featured_media":233114,"comment_status":"","ping_status":"","sticky":false,"template":"","format":"standard","meta":{"footnotes":"","_share_on_mastodon":"0"},"categories":[14],"tags":[2334,2333,44,42,40,43,41,5164,8057,45,131],"class_list":["post-233113","post","type-post","status-publish","format-standard","has-post-thumbnail","category-sport","tag-diosgyor","tag-dvtk","tag-hu","tag-hungarian","tag-hungary","tag-magyar","tag-magyarorszag","tag-miskolc","tag-nb2","tag-sport","tag-sports"],"share_on_mastodon":{"url":"https:\/\/pubeurope.com\/@hu\/117214277002705175","error":""},"_links":{"self":[{"href":"https:\/\/www.europesays.com\/hu\/wp-json\/wp\/v2\/posts\/233113","targetHints":{"allow":["GET"]}}],"collection":[{"href":"https:\/\/www.europesays.com\/hu\/wp-json\/wp\/v2\/posts"}],"about":[{"href":"https:\/\/www.europesays.com\/hu\/wp-json\/wp\/v2\/types\/post"}],"author":[{"embeddable":true,"href":"https:\/\/www.europesays.com\/hu\/wp-json\/wp\/v2\/users\/2"}],"replies":[{"embeddable":true,"href":"https:\/\/www.europesays.com\/hu\/wp-json\/wp\/v2\/comments?post=233113"}],"version-history":[{"count":0,"href":"https:\/\/www.europesays.com\/hu\/wp-json\/wp\/v2\/posts\/233113\/revisions"}],"wp:featuredmedia":[{"embeddable":true,"href":"https:\/\/www.europesays.com\/hu\/wp-json\/wp\/v2\/media\/233114"}],"wp:attachment":[{"href":"https:\/\/www.europesays.com\/hu\/wp-json\/wp\/v2\/media?parent=233113"}],"wp:term":[{"taxonomy":"category","embeddable":true,"href":"https:\/\/www.europesays.com\/hu\/wp-json\/wp\/v2\/categories?post=233113"},{"taxonomy":"post_tag","embeddable":true,"href":"https:\/\/www.europesays.com\/hu\/wp-json\/wp\/v2\/tags?post=233113"}],"curies":[{"name":"wp","href":"https:\/\/api.w.org\/{rel}","templated":true}]}}