{"id":233131,"date":"2026-09-04T19:11:11","date_gmt":"2026-09-04T19:11:11","guid":{"rendered":"https:\/\/www.europesays.com\/hu\/233131\/"},"modified":"2026-09-04T19:11:11","modified_gmt":"2026-09-04T19:11:11","slug":"nagyon-eros-adat-erkezett-borulnak-a-forgatokonyvek-foghatjak-a-fejuket-a-jegybankarok","status":"publish","type":"post","link":"https:\/\/www.europesays.com\/hu\/233131\/","title":{"rendered":"Nagyon er\u0151s adat \u00e9rkezett: borulnak a forgat\u00f3k\u00f6nyvek, foghatj\u00e1k a fej\u00fcket a jegybank\u00e1rok"},"content":{"rendered":"<p data-alignment=\"left\" class=\"text-left\" data-block-key=\"fx5wk\">Extr\u00e9m er\u0151s adat \u00e9rkezett p\u00e9nteken az Egyes\u00fclt \u00c1llamokb\u00f3l, a jelek szerint a v\u00e1rtn\u00e1l sokkal jobb \u00e1llapotban van a munkaer\u0151piac: a mez\u0151gazdas\u00e1gi szektort lesz\u00e1m\u00edtva augusztusban <a href=\"https:\/\/www.bls.gov\/news.release\/empsit.nr0.htm\" target=\"_blank\" rel=\" noopener noreferrer nofollow\">162 ezerrel n\u0151tt a foglalkoztatotts\u00e1g<\/a>, mik\u00f6zben a v\u00e1rakoz\u00e1sok medi\u00e1nja 55 ezer volt.<\/p>\n<p data-alignment=\"left\" class=\"text-left\" data-block-key=\"b3vlv\">A legmagasabb el\u0151rejelz\u00e9s 125 ezres b\u0151v\u00fcl\u00e9sr\u0151l sz\u00f3lt, azt is siker\u00fclt messze lek\u00f6r\u00f6znie az amerikai gazdas\u00e1gnak. A legnagyobb fordulat a szabadid\u0151 \u00e9s vend\u00e9gl\u00e1t\u00e1sban k\u00f6vetkezett be, ahol 62 ezer \u00faj munkahely j\u00f6tt l\u00e9tre. De az \u00e9p\u00edt\u0151ipari munkaer\u0151 ir\u00e1nti kereslet is n\u0151tt, sok k\u00f6zgazd\u00e1sz az <a href=\"https:\/\/www.economx.hu\/mesterseges-intelligencia\/2026\/09\/02\/mesterseges-intelligencia-capex-adatkozpontok-pwc\/\" target=\"_blank\" rel=\" noopener noreferrer nofollow\">adatk\u00f6zpontok \u00e9p\u00edt\u00e9s\u00e9t<\/a> jel\u00f6lte meg ennek okak\u00e9nt.<\/p>\n<p>  <a rel=\"noopener nofollow\" href=\"https:\/\/indamediasales.hu\/2019\/06\/25\/quality_placement_minosegbiztositasi_tajekoztato_728\" target=\"_blank\" class=\"flex items-center\"><\/p>\n<p>      <img loading=\"lazy\" decoding=\"async\" src=\"https:\/\/www.economx.hu\/neon\/static\/images\/brand\/quality_placement_logo.svg\" alt=\"Quality Placement\" width=\"150\" height=\"15\"\/><\/p>\n<p>  <\/a><\/p>\n<p>\n  hirdet\u00e9s<\/p>\n<p>    X<\/p>\n<p data-alignment=\"left\" class=\"text-left\" data-block-key=\"8fs7n\">A munkan\u00e9lk\u00fclis\u00e9gi r\u00e1ta v\u00e1ltozatlanul 4,1 sz\u00e1zal\u00e9kon maradt, a v\u00e1rakoz\u00e1sokkal megegyez\u0151en. Az aktivit\u00e1si r\u00e1ta \u2013 a lakoss\u00e1g azon r\u00e9szar\u00e1nya, akik dolgoznak vagy munk\u00e1t keresnek \u2013 augusztusban 61,6 sz\u00e1zal\u00e9kra emelkedett, ami\u00a0k\u00f6zel egy \u00e9v ut\u00e1n el\u0151sz\u00f6r jelentett javul\u00e1st.<\/p>\n<p data-alignment=\"left\" class=\"text-left\" data-block-key=\"9dtmk\">Nem mell\u00e9kes, hogy mind j\u00faniusra, mind j\u00faliusra\u00a0felfel\u00e9 m\u00f3dos\u00edtott\u00e1k a sz\u00e1mokat\u00a0\u2013 ez nett\u00f3 55 000 plusz munkahelyet jelent a kor\u00e1bbi adatokhoz k\u00e9pest. A j\u00faliusi adatot m\u00ednusz 23 ezerr\u0151l 21 ezres n\u00f6veked\u00e9sre m\u00f3dos\u00edtotta a munka\u00fcgyi miniszt\u00e9rium.<\/p>\n<p data-alignment=\"left\" class=\"text-left\" data-block-key=\"auo7h\">A nonfarm payroll alakul\u00e1s\u00e1t \u00e9s a kapcsol\u00f3d\u00f3 adatsort az amerikai k\u00f6zponti bank is kiemelt figyelemmel k\u00eds\u00e9ri \u00e9s szerepet j\u00e1tszik a monet\u00e1ris politika alak\u00edt\u00e1s\u00e1ban. A v\u00e1rtn\u00e1l j\u00f3val magasabb friss adat azt jelzi, hogy<\/p>\n<p data-alignment=\"left\" class=\"text-left\" data-block-key=\"6vdai\">a munkaer\u0151piac tov\u00e1bbra is feszes, nincs igaz\u00e1n sz\u00fcks\u00e9g a gazdas\u00e1g \u00f6szt\u00f6nz\u00e9s\u00e9re azonnali kamatcs\u00f6kkent\u00e9sekkel, f\u0151leg az\u00e9rt, mert az infl\u00e1ci\u00f3 5 \u00e9ve makacsul a Fed c\u00e9lszintje felett tart\u00f3zkodik.<\/p>\n<p data-alignment=\"left\" class=\"text-left\" data-block-key=\"8gnda\">A magas foglalkoztatotts\u00e1g m\u00e1sodlagos <a href=\"https:\/\/www.economx.hu\/kulfold\/2026\/07\/14\/inflacio-usa-dollar-forint\/\" target=\"_blank\" rel=\" noopener noreferrer nofollow\">infl\u00e1ci\u00f3s<\/a> kock\u00e1zatot jelent, hiszen az a c\u00e9g, amely ilyen feszes piacon szeretne \u00faj munkaer\u0151t igazolni, val\u00f3sz\u00edn\u0171leg csak magasabb b\u00e9reket k\u00edn\u00e1lva j\u00e1r sikerrel. Igaz, itt m\u00e9g nem tartanak: a b\u00e9rek az USA-ban lassabban (\u00e9vi 3,1 sz\u00e1zal\u00e9kkal) n\u0151nek az infl\u00e1ci\u00f3n\u00e1l.<\/p>\n<p data-alignment=\"left\" class=\"text-left\" data-block-key=\"3att\">Egysz\u00f3val az adat alapj\u00e1n sz\u00fcks\u00e9ges lesz magasan tartani a kamatokat, vagy m\u00e9gink\u00e1bb emelni azokon. Erre reag\u00e1ltak a befektet\u0151k is:<\/p>\n<p data-alignment=\"left\" class=\"text-left\" data-block-key=\"d13t9\">a munkaer\u0151piaci adat publik\u00e1l\u00e1sa ut\u00e1n a doll\u00e1r j\u00f3 nagyot er\u0151s\u00f6d\u00f6tt \u00e9s a k\u00f6tv\u00e9nyhozamok is megindultak f\u00f6lfel\u00e9. A forint gyeng\u00fclt, az eur\u00f3 \u00e1rfolyama 364 f\u00f6l\u00e9 ker\u00fclt, majd 362-363 k\u00f6rny\u00e9k\u00e9re korrig\u00e1lt.<\/p>\n<p data-alignment=\"left\" class=\"text-left\" data-block-key=\"7k6p9\">Az <a href=\"https:\/\/www.erstemarket.hu\/tartalom\/241662\/nagy-meglepetest-hozott-az-amerikai-munkaeropiaci-adat-20260904\" target=\"_blank\" rel=\" noopener noreferrer nofollow\">Erste<\/a> elemz\u0151i kommentje szerint<\/p>\n<p>\n          a munkaer\u0151piaci jelent\u00e9s \u00fajabb fontos adatpontot jelent a Federal Reserve sz\u00e1m\u00e1ra a szeptember 16-17-i kamatd\u00f6nt\u0151 \u00fcl\u00e9se el\u0151tt. Az amerikai jegybank azt m\u00e9rlegeli, hogy sz\u00fcks\u00e9g van-e tov\u00e1bbi kamatemel\u00e9sre a tov\u00e1bbra is makacsul magas infl\u00e1ci\u00f3 let\u00f6r\u00e9se \u00e9rdek\u00e9ben. A v\u00e1rtn\u00e1l er\u0151sebb munkaer\u0151piaci adat hat\u00e1s\u00e1ra \u00fajra feler\u0151s\u00f6dtek a szeptemberi kamatemel\u00e9si v\u00e1rakoz\u00e1sok.\n        <\/p>\n<p data-alignment=\"left\" class=\"text-left\" data-block-key=\"b49dn\">A Bloomberg arr\u00f3l <a href=\"https:\/\/www.bloomberg.com\/news\/articles\/2026-09-04\/us-employers-add-162-000-jobs-topping-all-estimates?srnd=homepage-americas\" target=\"_blank\" rel=\" noopener noreferrer nofollow\">\u00edrt<\/a>, hogy az NFP adat el\u0151tt a piaci \u00e1raz\u00e1sok alapj\u00e1n 50 sz\u00e1zal\u00e9k es\u00e9lye volt a szeptemberi kamatemel\u00e9snek, most m\u00e1r hatvanh\u00e1rom. A piacok \u00fczenete egy\u00e9rtelm\u0171: a friss adatok n\u00f6velik a Fed kamatemel\u00e9s\u00e9nek val\u00f3sz\u00edn\u0171s\u00e9g\u00e9t, de\u00a0v\u00e9gs\u0151 soron a friss infl\u00e1ci\u00f3s adatok lesznek a legfontosabbak.<\/p>\n<p data-alignment=\"left\" class=\"text-left\" data-block-key=\"anrs8\">&#8222;Az augusztusi infl\u00e1ci\u00f3s adatok j\u00f6v\u0151 h\u00e9ten l\u00e1tnak napvil\u00e1got, a sz\u00e1mok tov\u00e1bbra is c\u00e9l feletti \u00e9s bizonyos komponensek eset\u00e9n ragad\u00f3s infl\u00e1ci\u00f3t mutathatnak. A c\u00e9l feletti p\u00e9nzroml\u00e1si \u00fctem stabil n\u00f6veked\u00e9ssel \u00e9s munkaer\u0151piaccal p\u00e1rosulva nyilv\u00e1n indokolja a szigor\u00fas\u00e1got a Fed r\u00e9sz\u00e9r\u0151l. Eddig ez csak kommunik\u00e1ci\u00f3ban jelent meg, k\u00e9rd\u00e9s, hogy a h\u00e9ja kommunik\u00e1ci\u00f3t val\u00f3ban k\u00f6veti-e kamatemel\u00e9s&#8221; &#8211; olvashat\u00f3 a CIB Bank p\u00e9nteken megjelent elemz\u00e9s\u00e9ben. Augusztusra 3,4 sz\u00e1zal\u00e9kos visszatekint\u0151 \u00e9ves infl\u00e1ci\u00f3t v\u00e1rnak a szak\u00e9rt\u0151k.<\/p>\n<p><a href=\"https:\/\/google.com\/preferences\/source?q=https%3A\/\/www.economx.hu\" rel=\"noopener nofollow\" referrerpolicy=\"no-referrer-when-downgrade\" class=\"!flex !items-center !gap-5 !py-2 !px-3 w-full !rounded-xl !font-bold cursor-pointer !no-underline relative !bg-white !text-[#202124] !border !border-[#858585] dark:!bg-[#323232] dark:!text-white dark:border-none my-4 \" target=\"_blank\"><br \/>\n  <img decoding=\"async\" src=\"https:\/\/www.economx.hu\/neon\/static\/images\/favicons\/google_favicon.svg\" alt=\"Google\" class=\"shrink-0 w-7 h-7\"\/><br \/>\n  \u00c1ll\u00edtsd be, hogy az Economx az els\u0151k k\u00f6z\u00f6tt legyen a Google-tal\u00e1latokban!<\/p>\n<p><\/a><\/p>\n","protected":false},"excerpt":{"rendered":"Extr\u00e9m er\u0151s adat \u00e9rkezett p\u00e9nteken az Egyes\u00fclt \u00c1llamokb\u00f3l, a jelek szerint a v\u00e1rtn\u00e1l sokkal jobb \u00e1llapotban van a&hellip;\n","protected":false},"author":2,"featured_media":233132,"comment_status":"","ping_status":"","sticky":false,"template":"","format":"standard","meta":{"footnotes":"","_share_on_mastodon":"0"},"categories":[33],"tags":[15583,38,58703,35,37,44,42,40,43,41,2625,34,36,39],"class_list":["post-233131","post","type-post","status-publish","format-standard","has-post-thumbnail","category-hirek","tag-fed","tag-focimek","tag-foglalkozatottsag","tag-headlines","tag-hirek","tag-hu","tag-hungarian","tag-hungary","tag-magyar","tag-magyarorszag","tag-munkaeropiac","tag-news","tag-top-stories","tag-vezeto-hirek"],"share_on_mastodon":{"url":"https:\/\/pubeurope.com\/@hu\/117214359899687825","error":""},"_links":{"self":[{"href":"https:\/\/www.europesays.com\/hu\/wp-json\/wp\/v2\/posts\/233131","targetHints":{"allow":["GET"]}}],"collection":[{"href":"https:\/\/www.europesays.com\/hu\/wp-json\/wp\/v2\/posts"}],"about":[{"href":"https:\/\/www.europesays.com\/hu\/wp-json\/wp\/v2\/types\/post"}],"author":[{"embeddable":true,"href":"https:\/\/www.europesays.com\/hu\/wp-json\/wp\/v2\/users\/2"}],"replies":[{"embeddable":true,"href":"https:\/\/www.europesays.com\/hu\/wp-json\/wp\/v2\/comments?post=233131"}],"version-history":[{"count":0,"href":"https:\/\/www.europesays.com\/hu\/wp-json\/wp\/v2\/posts\/233131\/revisions"}],"wp:featuredmedia":[{"embeddable":true,"href":"https:\/\/www.europesays.com\/hu\/wp-json\/wp\/v2\/media\/233132"}],"wp:attachment":[{"href":"https:\/\/www.europesays.com\/hu\/wp-json\/wp\/v2\/media?parent=233131"}],"wp:term":[{"taxonomy":"category","embeddable":true,"href":"https:\/\/www.europesays.com\/hu\/wp-json\/wp\/v2\/categories?post=233131"},{"taxonomy":"post_tag","embeddable":true,"href":"https:\/\/www.europesays.com\/hu\/wp-json\/wp\/v2\/tags?post=233131"}],"curies":[{"name":"wp","href":"https:\/\/api.w.org\/{rel}","templated":true}]}}