{"id":233143,"date":"2026-09-04T19:25:09","date_gmt":"2026-09-04T19:25:09","guid":{"rendered":"https:\/\/www.europesays.com\/hu\/233143\/"},"modified":"2026-09-04T19:25:09","modified_gmt":"2026-09-04T19:25:09","slug":"olasz-nagydij-russell-es-leclerc-az-elen-verstappen-es-a-red-bull-szenved","status":"publish","type":"post","link":"https:\/\/www.europesays.com\/hu\/233143\/","title":{"rendered":"Olasz Nagyd\u00edj: Russell \u00e9s Leclerc az \u00e9len, Verstappen \u00e9s a Red Bull szenved"},"content":{"rendered":"<p data-alignment=\"left\" class=\"text-left\" data-block-key=\"qjs08\">Az el\u0151zetes el\u0151rejelz\u00e9seknek megfelel\u0151en rekken\u0151 h\u0151s\u00e9g fogadta a Forma\u20131-es mez\u0151nyt a Sebess\u00e9g Szent\u00e9lyek\u00e9nt (Temple of Speed) elh\u00edres\u00fclt monzai p\u00e1ly\u00e1n, ahol a p\u00e9nteki szabadedz\u00e9seket ver\u0151f\u00e9nyes naps\u00fct\u00e9sben, 30 Celsius-fok f\u00f6l\u00f6tti leveg\u0151- \u00e9s 50 Celsius-fok k\u00f6r\u00fcli aszfalth\u0151m\u00e9rs\u00e9klet mellett rendezt\u00e9k meg.<\/p>\n<p data-alignment=\"left\" class=\"text-left\" data-block-key=\"9nud\">A mez\u0151ny \u00f6sszet\u00e9tele azonban nem a megszokott volt az els\u0151 szabadedz\u00e9sen, \u00e9s nem csak <a href=\"https:\/\/totalcar.hu\/hirek\/2026\/09\/02\/red-bull-pilotacsere-monza-olasz-nagydij\/\" target=\"_blank\" rel=\" noopener noreferrer nofollow\">Isack Hadjar s\u00e9r\u00fcl\u00e9se<\/a> miatt. A Red Bulln\u00e1l egyik aut\u00f3ban sem \u00e1lland\u00f3 versenyz\u0151 \u00fclt: mik\u00f6zben Hadjart a Racing Bullsb\u00f3l \u00e1t\u00fcltetett Liam Lawson helyettes\u00edtette, Max Verstappen aut\u00f3j\u00e1ban Ajumu Ivasza \u00fclt. M\u00e1sik h\u00e1rom csapatn\u00e1l, <a href=\"https:\/\/totalcar.hu\/hirek\/2026\/09\/04\/f1-monaco-dobogo-fia-dontes-gasly\/\" target=\"_blank\" rel=\" noopener noreferrer nofollow\" data-link-preview=\"true\" data-og-title=\"Kom\u00e9dia a n\u00e9gyzeten: h\u00f3napok ut\u00e1n v\u00e1ltozott a Monac\u00f3i Nagyd\u00edj v\u00e9geredm\u00e9nye\" data-og-description=\"Csaknem h\u00e1rom h\u00f3nap ut\u00e1n v\u00e9gre v\u00e9gleges\u00edtett\u00e9k a Forma\u20131-es Monac\u00f3i Nagyd\u00edj dobog\u00f3j\u00e1t \u2013 volt v\u00e1ltoz\u00e1s.\" data-og-image=\"https:\/\/totalcar.hu\/media\/images\/GettyImages-2280540146.format-avif.max-600x400.avif\" data-og-image-small=\"https:\/\/totalcar.hu\/media\/images\/GettyImages-2280540146.format-avif.max-370x278.avif\" data-og-column=\"H\u00edrek\" data-og-tags=\"[&quot;H\\u00edrek&quot;, &quot;forma-1&quot;, &quot;F1 2026&quot;, &quot;monac\\u00f3i nagyd\\u00edj&quot;, &quot;fia&quot;, &quot;pierre gasly&quot;, &quot;alpine&quot;, &quot;Isack Hadjar&quot;, &quot;red bull racing&quot;, &quot;b\\u00fcntet\\u00e9s&quot;]\">az Alpine-n\u00e1l<\/a>, a Cadillacn\u00e9l \u00e9s a Williamsn\u00e9l is \u201eidegenl\u00e9gi\u00f3s\u201d \u00fclt az egyik aut\u00f3ban: Paul Aron Pierre Gasly-t, Luke Browning Alexander Albont, Colton Herta pedig Sergio P\u00e9rezt v\u00e1ltotta. A szab\u00e1lyok el\u0151\u00edrj\u00e1k a csapatoknak, hogy minden \u00e9vben mindk\u00e9t aut\u00f3ban k\u00e9t-k\u00e9t szabadedz\u00e9s erej\u00e9ig olyan pil\u00f3t\u00e1knak kell lehet\u0151s\u00e9get biztos\u00edtaniuk, akik legfeljebb k\u00e9t F1-es nagyd\u00edjon indultak, \u00e9s ebb\u0151l fakad\u00f3an \u00fajoncnak sz\u00e1m\u00edtanak.<\/p>\n<p>  <a rel=\"noopener nofollow\" href=\"https:\/\/indamediasales.hu\/2019\/06\/25\/quality_placement_minosegbiztositasi_tajekoztato_728\" target=\"_blank\"><\/p>\n<p>      <img loading=\"lazy\" decoding=\"async\" src=\"https:\/\/totalcar.hu\/static\/images\/brand\/quality_placement_logo.svg\" alt=\"Quality Placement\" width=\"150\" height=\"15\"\/><\/p>\n<p>  <\/a><\/p>\n<p>\n  hirdet\u00e9s\n<\/p>\n<p data-alignment=\"left\" class=\"text-left\" data-block-key=\"9s217\">Egy\u00fattal <a href=\"https:\/\/totalcar.hu\/hirek\/2026\/04\/17\/megvan-mikor-kap-f1-es-lehetoseget-a-tengerentulrol-atcsabitott-sztar\/\" target=\"_blank\" rel=\" noopener noreferrer nofollow\">Hert\u00e1hoz<\/a> f\u0171z\u0151dik az els\u0151 60 perc egyetlen piros z\u00e1szl\u00f3s megszak\u00edt\u00e1sa is: 20 percet sem b\u00edrt ki a MAC-26 az IndyCarb\u00f3l a Forma\u20132-be \u00e1tigazolt amerikai pil\u00f3ta alatt, aki \u00edgy k\u00e9nytelen volt f\u00e9lre\u00e1llni motorhiba miatt.<\/p>\n<p>          <a href=\"https:\/\/totalcar.hu\/galeria\/2026\/09\/04\/2026-forma-1-olasz-nagydij-csutortok-pentek\/6\/\" data-image-index=\"6\" data-parent-id=\"169741\" class=\"!no-underline\" rel=\"nofollow noopener\" target=\"_blank\"><\/p>\n<p>              <img loading=\"lazy\" decoding=\"async\" alt=\"\" class=\"w-full h-full object-cover rounded-bl-[20px] lg:rounded-bl-none lg:rounded-tr-[20px] border-white border-t border-r lg:border-t-0 lg:border-r-0 lg:border-b lg:border-l aspect-[16\/9]\" height=\"246\"  src=\"https:\/\/www.europesays.com\/hu\/wp-content\/uploads\/2026\/09\/20260904_124938_SDA_0785_045.format-jpeg.max-370x278.jpg\"  width=\"370\"\/><\/p>\n<p>          <\/a><\/p>\n<p>          <a href=\"https:\/\/totalcar.hu\/galeria\/2026\/09\/04\/2026-forma-1-olasz-nagydij-csutortok-pentek\/7\/\" data-image-index=\"7\" data-parent-id=\"169741\" class=\"!no-underline\" rel=\"nofollow noopener\" target=\"_blank\"><\/p>\n<p>              <img loading=\"lazy\" decoding=\"async\" alt=\"\" class=\"w-full h-full object-cover rounded-br-[20px] lg:border-l border-white border-t lg:border-t-0 lg:border-l aspect-[16\/9]\" height=\"246\"  src=\"https:\/\/www.europesays.com\/hu\/wp-content\/uploads\/2026\/09\/20260904_125941_SDA_0822_031.format-jpeg.max-370x278.jpg\"  width=\"370\"\/><\/p>\n<p>          <\/a><\/p>\n<p>        T\u00f6bb \u00fajonc sz\u00ednes\u00edtette a mez\u0151nyt az els\u0151 szabadedz\u00e9sen.<\/p>\n<p data-alignment=\"left\" class=\"text-left\" data-block-key=\"2vsd7\">Az \u00e9lcsapatok m\u00e1r a taktik\u00e1z\u00e1sra k\u00e9sz\u00fcltek, gyakorolva a sz\u00e9l\u00e1rny\u00e9koz\u00e1st. Azt m\u00e1r r\u00e9g\u00f3ta lehet tudni, hogy Andrea Kimi Antonelli <a href=\"https:\/\/totalcar.hu\/hirek\/2026\/08\/21\/andrea-kimi-antonelli-rajtbuntetes-monza-f1-mercedes\/\" target=\"_blank\" rel=\" noopener noreferrer nofollow\">motorcsere miatt rajtb\u00fcntet\u00e9st kap<\/a>, \u00edgy a Mercedesn\u00e9l a v\u00e1rhat\u00f3an a mez\u0151ny v\u00e9g\u00e9r\u0151l rajtol\u00f3 bajnoki \u00e9llovas fogja seg\u00edteni csapatt\u00e1rs\u00e1t, George Russell-t, m\u00edg a Ferrarin\u00e1l a h\u00e9tszeres vil\u00e1gbajnok Lewis Hamilton lesz a kedvezm\u00e9nyezett ebb\u0151l a szempontb\u00f3l a csapat hazai h\u00e9tv\u00e9g\u00e9j\u00e9n.<\/p>\n<p data-alignment=\"left\" class=\"text-left\" data-block-key=\"9am6p\">Mindazon\u00e1ltal a Ferrari <a href=\"https:\/\/totalcar.hu\/hirek\/2026\/09\/01\/ferrari-olasz-nagydij-schumacher-egyedi-festes\/\" target=\"_blank\" rel=\" noopener noreferrer nofollow\">jobb kezd\u00e9sr\u0151l nem is \u00e1lmodhatott volna<\/a>, ugyanis az els\u0151 szabadedz\u00e9sen Leclerc \u00e9s Hamilton kett\u0151se v\u00e9gzett az els\u0151 k\u00e9t helyen. A monac\u00f3i 1:23,008-cal aut\u00f3zta a legjobb id\u0151t, ett\u0151l a brit sz\u0171k k\u00e9t tizedm\u00e1sodperccel maradt el, m\u00edg a harmadik helyre Russell \u00e9rt oda, aki h\u00e1rom tizedm\u00e1sodperccel volt lassabb Leclerc-n\u00e9l. Ezzel szemben Antonellit m\u00e9g Lawson is megel\u0151zte, \u00edgy kettej\u00fckkel lett teljes az els\u0151 \u00f6t sorrendje, \u0151ket a hatodik legjobb id\u0151vel az el\u0151z\u0151 k\u00e9t verseny gy\u0151ztese, <a href=\"https:\/\/totalcar.hu\/hirek\/2026\/09\/03\/lando-norris-sajat-versenycsapat-ln4-fusion\/\" target=\"_blank\" rel=\" noopener noreferrer nofollow\" data-link-preview=\"true\" data-og-title=\"H\u00fazott egy v\u00e1ratlant az F1-es vil\u00e1gbajnok, saj\u00e1t csapattal t\u00e1mad\" data-og-description=\"Fiatal versenyz\u0151ket akar seg\u00edteni a regn\u00e1l\u00f3 Forma\u20131-es vil\u00e1gbajnok, \u00edgy saj\u00e1t csapatot alap\u00edtott, amellyel m\u00e1r j\u00f6v\u0151re c\u00e9lba venn\u00e9 a Forma\u20132-t.\" data-og-image=\"https:\/\/totalcar.hu\/media\/images\/GettyImages-2291713941.format-avif.max-600x400.avif\" data-og-image-small=\"https:\/\/totalcar.hu\/media\/images\/GettyImages-2291713941.format-avif.max-370x278.avif\" data-og-column=\"H\u00edrek\" data-og-tags=\"[&quot;H\\u00edrek&quot;, &quot;forma-1&quot;, &quot;lando norris&quot;, &quot;versenycsapat&quot;, &quot;ln4 fusion&quot;]\">Lando Norris<\/a> k\u00f6vette.<\/p>\n<p>      V\u00e9geredm\u00e9ny \u2013 2026 Forma\u20131 Olasz Nagyd\u00edj, 1. szabadedz\u00e9s<\/p>\n<p>                      Versenyz\u0151<\/p>\n<p>                      Nemzetis\u00e9g<\/p>\n<p>                      Csapat<\/p>\n<p>                      Id\u0151<\/p>\n<p>                      K\u00fcl\u00f6nbs\u00e9g<\/p>\n<p>                      K\u00f6r<\/p>\n<p>                          1.<\/p>\n<p>                          Charles Leclerc<\/p>\n<p>                          monac\u00f3i<\/p>\n<p>                          Ferrari<\/p>\n<p>                          1:23,008<\/p>\n<p>                          29<\/p>\n<p>                          2.<\/p>\n<p>                          Lewis Hamilton<\/p>\n<p>                          brit<\/p>\n<p>                          Ferrari<\/p>\n<p>                          1:23,181<\/p>\n<p>                          +0,173 mp.<\/p>\n<p>                          26<\/p>\n<p>                          3.<\/p>\n<p>                          George Russell<\/p>\n<p>                          brit<\/p>\n<p>                          Mercedes<\/p>\n<p>                          1:23,312<\/p>\n<p>                          +0,304 mp.<\/p>\n<p>                          27<\/p>\n<p>                          4.<\/p>\n<p>                          Liam Lawson<\/p>\n<p>                          \u00faj-z\u00e9landi<\/p>\n<p>                          Red Bull<\/p>\n<p>                          1:23,433<\/p>\n<p>                          +0,425 mp.<\/p>\n<p>                          26<\/p>\n<p>                          5.<\/p>\n<p>                          Andrea Kimi Antonelli<\/p>\n<p>                          olasz<\/p>\n<p>                          Mercedes<\/p>\n<p>                          1:23,644<\/p>\n<p>                          +0,636 mp.<\/p>\n<p>                          27<\/p>\n<p>                          6.<\/p>\n<p>                          Lando Norris<\/p>\n<p>                          brit<\/p>\n<p>                          McLaren<\/p>\n<p>                          1:23,719<\/p>\n<p>                          +0,711 mp.<\/p>\n<p>                          26<\/p>\n<p>                          7.<\/p>\n<p>                          Arvid Lindblad<\/p>\n<p>                          brit<\/p>\n<p>                          Racing Bulls<\/p>\n<p>                          1:23,802<\/p>\n<p>                          +0,794 mp.<\/p>\n<p>                          29<\/p>\n<p>                          8.<\/p>\n<p>                          Gabriel Bortoleto<\/p>\n<p>                          brazil<\/p>\n<p>                          Audi<\/p>\n<p>                          1:24,006<\/p>\n<p>                          +0,998 mp.<\/p>\n<p>                          21<\/p>\n<p>                          9.<\/p>\n<p>                          Franco Colapinto<\/p>\n<p>                          argentin<\/p>\n<p>                          Alpine<\/p>\n<p>                          1:24,028<\/p>\n<p>                          +1,020 mp.<\/p>\n<p>                          27<\/p>\n<p>                          10.<\/p>\n<p>                          Paul Aron<\/p>\n<p>                          \u00e9szt<\/p>\n<p>                          Alpine<\/p>\n<p>                          1:24,177<\/p>\n<p>                          +1,169 mp.<\/p>\n<p>                          23<\/p>\n<p>                          11.<\/p>\n<p>                          Oscar Piastri<\/p>\n<p>                          ausztr\u00e1l<\/p>\n<p>                          McLaren<\/p>\n<p>                          1:24,184<\/p>\n<p>                          +1,176 mp.<\/p>\n<p>                          26<\/p>\n<p>                          12.<\/p>\n<p>                          Cunoda Juki<\/p>\n<p>                          jap\u00e1n<\/p>\n<p>                          Racing Bulls<\/p>\n<p>                          1:24,571<\/p>\n<p>                          +1,563 mp.<\/p>\n<p>                          27<\/p>\n<p>                          13.<\/p>\n<p>                          Nico H\u00fclkenberg<\/p>\n<p>                          n\u00e9met<\/p>\n<p>                          Audi<\/p>\n<p>                          1:24,626<\/p>\n<p>                          +1,618 mp.<\/p>\n<p>                          27<\/p>\n<p>                          14.<\/p>\n<p>                          Oliver Bearman<\/p>\n<p>                          brit<\/p>\n<p>                          Haas<\/p>\n<p>                          1:24,646<\/p>\n<p>                          +1,638 mp.<\/p>\n<p>                          28<\/p>\n<p>                          15.<\/p>\n<p>                          Luke Browning<\/p>\n<p>                          brit<\/p>\n<p>                          Williams<\/p>\n<p>                          1:24,740<\/p>\n<p>                          +1,732 mp.<\/p>\n<p>                          25<\/p>\n<p>                          16.<\/p>\n<p>                          Carlos Sainz Jr.<\/p>\n<p>                          spanyol<\/p>\n<p>                          Williams<\/p>\n<p>                          1:24,827<\/p>\n<p>                          +1,819 mp.<\/p>\n<p>                          25<\/p>\n<p>                          17.<\/p>\n<p>                          Ivasza Ajumu<\/p>\n<p>                          jap\u00e1n<\/p>\n<p>                          Red Bull<\/p>\n<p>                          1:24,873<\/p>\n<p>                          +1,865 mp.<\/p>\n<p>                          24<\/p>\n<p>                          18.<\/p>\n<p>                          Esteban Ocon<\/p>\n<p>                          francia<\/p>\n<p>                          Haas<\/p>\n<p>                          1:25,852<\/p>\n<p>                          +2,844 mp.<\/p>\n<p>                          26<\/p>\n<p>                          19.<\/p>\n<p>                          Valtteri Bottas<\/p>\n<p>                          finn<\/p>\n<p>                          Cadillac<\/p>\n<p>                          1:25,984<\/p>\n<p>                          +2,976 mp.<\/p>\n<p>                          27<\/p>\n<p>                          20.<\/p>\n<p>                          Lance Stroll<\/p>\n<p>                          kanadai<\/p>\n<p>                          Aston Martin<\/p>\n<p>                          1:26,066<\/p>\n<p>                          +3,058 mp.<\/p>\n<p>                          23<\/p>\n<p>                          21.<\/p>\n<p>                          Fernando Alonso<\/p>\n<p>                          spanyol<\/p>\n<p>                          Aston Martin<\/p>\n<p>                          1:26,072<\/p>\n<p>                          +3,064 mp.<\/p>\n<p>                          21<\/p>\n<p>                          22.<\/p>\n<p>                          Colton Herta<\/p>\n<p>                          amerikai<\/p>\n<p>                          Cadillac<\/p>\n<p>                          1:29,922<\/p>\n<p>                          +6,914 mp.<\/p>\n<p>                          5<\/p>\n<p data-alignment=\"left\" class=\"text-left\" data-block-key=\"c37ki\">A m\u00e1sodik szabadedz\u00e9sen m\u00e1r nem a Ferrarin\u00e1l pattogott a labda. 1:22,559-cel Russell ugrott az \u00e9lre, Leclerc 120 ezredm\u00e1sodperccel kapott ki a m\u00e1sodik helyen, az els\u0151 h\u00e1rmas Antonellivel eg\u00e9sz\u00fclt ki. Norris, Hamilton \u00e9s Piastri z\u00e1rt a bajnoks\u00e1got 59 ponttal vezet\u0151 olasz m\u00f6g\u00f6tt, mik\u00f6zben a Red Bull l\u00e1tv\u00e1nyos szenved\u00e9s\u00e9r\u0151l <a href=\"https:\/\/totalcar.hu\/hirek\/2026\/09\/02\/max-verstappen-mercedes-gt3-verseny\/\" target=\"_blank\" rel=\" noopener noreferrer nofollow\">Verstappen<\/a> 9. \u00e9s Lawson 12. helye tan\u00faskodik. Sokatmond\u00f3, hogy Arvid Lindblad (Racing Bulls) \u00e9s Oliver Bearman (Haas) is maga m\u00f6g\u00e9 utas\u00edtotta a n\u00e9gyszeres vil\u00e1gbajnokot.<\/p>\n<p>      V\u00e9geredm\u00e9ny \u2013 2026 Forma\u20131 Olasz Nagyd\u00edj, 2. szabadedz\u00e9s<\/p>\n<p>                      Versenyz\u0151<\/p>\n<p>                      Nemzetis\u00e9g<\/p>\n<p>                      Csapat<\/p>\n<p>                      Id\u0151<\/p>\n<p>                      K\u00fcl\u00f6nbs\u00e9g<\/p>\n<p>                      K\u00f6r<\/p>\n<p>                          1.<\/p>\n<p>                          George Russell<\/p>\n<p>                          brit<\/p>\n<p>                          Mercedes<\/p>\n<p>                          1:22,559<\/p>\n<p>                          31<\/p>\n<p>                          2.<\/p>\n<p>                          Charles Leclerc<\/p>\n<p>                          monac\u00f3i<\/p>\n<p>                          Ferrari<\/p>\n<p>                          1:22,679<\/p>\n<p>                          +0,120 mp.<\/p>\n<p>                          29<\/p>\n<p>                          3.<\/p>\n<p>                          Andrea Kimi Antonelli<\/p>\n<p>                          olasz<\/p>\n<p>                          Mercedes<\/p>\n<p>                          1:22,700<\/p>\n<p>                          +0,141 mp.<\/p>\n<p>                          32<\/p>\n<p>                          4.<\/p>\n<p>                          Lando Norris<\/p>\n<p>                          brit<\/p>\n<p>                          McLaren<\/p>\n<p>                          1:22,943<\/p>\n<p>                          +0,384 mp.<\/p>\n<p>                          25<\/p>\n<p>                          5.<\/p>\n<p>                          Lewis Hamilton<\/p>\n<p>                          brit<\/p>\n<p>                          Ferrari<\/p>\n<p>                          1:23,016<\/p>\n<p>                          +0,457 mp.<\/p>\n<p>                          27<\/p>\n<p>                          6.<\/p>\n<p>                          Oscar Piastri<\/p>\n<p>                          ausztr\u00e1l<\/p>\n<p>                          McLaren<\/p>\n<p>                          1:23,028<\/p>\n<p>                          +0,469 mp.<\/p>\n<p>                          26<\/p>\n<p>                          7.<\/p>\n<p>                          Arvid Lindblad<\/p>\n<p>                          brit<\/p>\n<p>                          Racing Bulls<\/p>\n<p>                          1:23,349<\/p>\n<p>                          +0,790 mp.<\/p>\n<p>                          26<\/p>\n<p>                          8.<\/p>\n<p>                          Oliver Bearman<\/p>\n<p>                          brit<\/p>\n<p>                          Haas<\/p>\n<p>                          1:23,370<\/p>\n<p>                          +0,811 mp.<\/p>\n<p>                          29<\/p>\n<p>                          9.<\/p>\n<p>                          Max Verstappen<\/p>\n<p>                          holland<\/p>\n<p>                          Red Bull<\/p>\n<p>                          1:23,377<\/p>\n<p>                          +0,818 mp.<\/p>\n<p>                          30<\/p>\n<p>                          10.<\/p>\n<p>                          Cunoda Juki<\/p>\n<p>                          jap\u00e1n<\/p>\n<p>                          Racing Bulls<\/p>\n<p>                          1:23,455<\/p>\n<p>                          +0,896 mp.<\/p>\n<p>                          29<\/p>\n<p>                          11.<\/p>\n<p>                          Franco Colapinto<\/p>\n<p>                          argentin<\/p>\n<p>                          Alpine<\/p>\n<p>                          1:23,619<\/p>\n<p>                          +1,060 mp.<\/p>\n<p>                          28<\/p>\n<p>                          12.<\/p>\n<p>                          Liam Lawson<\/p>\n<p>                          \u00faj-z\u00e9landi<\/p>\n<p>                          Red Bull<\/p>\n<p>                          1:23,660<\/p>\n<p>                          +1,101 mp.<\/p>\n<p>                          37<\/p>\n<p>                          13.<\/p>\n<p>                          Nico H\u00fclkenberg<\/p>\n<p>                          n\u00e9met<\/p>\n<p>                          Audi<\/p>\n<p>                          1:23,732<\/p>\n<p>                          +1,173 mp.<\/p>\n<p>                          28<\/p>\n<p>                          14.<\/p>\n<p>                          Pierre Gasly<\/p>\n<p>                          francia<\/p>\n<p>                          Alpine<\/p>\n<p>                          1:23,773<\/p>\n<p>                          +1,214 mp.<\/p>\n<p>                          27<\/p>\n<p>                          15.<\/p>\n<p>                          Gabriel Bortoleto<\/p>\n<p>                          brazil<\/p>\n<p>                          Audi<\/p>\n<p>                          1:23,776<\/p>\n<p>                          +1,217 mp.<\/p>\n<p>                          22<\/p>\n<p>                          16.<\/p>\n<p>                          Alexander Albon<\/p>\n<p>                          thai<\/p>\n<p>                          Williams<\/p>\n<p>                          1:23,853<\/p>\n<p>                          +1,294 mp.<\/p>\n<p>                          31<\/p>\n<p>                          17.<\/p>\n<p>                          Carlos Sainz Jr.<\/p>\n<p>                          spanyol<\/p>\n<p>                          Williams<\/p>\n<p>                          1:23,900<\/p>\n<p>                          +1,341 mp.<\/p>\n<p>                          30<\/p>\n<p>                          18.<\/p>\n<p>                          Esteban Ocon<\/p>\n<p>                          francia<\/p>\n<p>                          Haas<\/p>\n<p>                          1:24,407<\/p>\n<p>                          +1,848 mp.<\/p>\n<p>                          30<\/p>\n<p>                          19.<\/p>\n<p>                          Fernando Alonso<\/p>\n<p>                          spanyol<\/p>\n<p>                          Aston Martin<\/p>\n<p>                          1:25,027<\/p>\n<p>                          +2,468 mp.<\/p>\n<p>                          18<\/p>\n<p>                          20.<\/p>\n<p>                          Sergio P\u00e9rez<\/p>\n<p>                          mexik\u00f3i<\/p>\n<p>                          Cadillac<\/p>\n<p>                          1:25,082<\/p>\n<p>                          +2,523 mp.<\/p>\n<p>                          28<\/p>\n<p>                          21.<\/p>\n<p>                          Valtteri Bottas<\/p>\n<p>                          finn<\/p>\n<p>                          Cadillac<\/p>\n<p>                          1:25,149<\/p>\n<p>                          +2,590 mp.<\/p>\n<p>                          28<\/p>\n<p>                          22.<\/p>\n<p>                          Lance Stroll<\/p>\n<p>                          kanadai<\/p>\n<p>                          Aston Martin<\/p>\n<p>                          1:25,253<\/p>\n<p>                          +2,694 mp.<\/p>\n<p>                          27<\/p>\n<p data-alignment=\"left\" class=\"text-left\" data-block-key=\"diav1\">A h\u00e9tv\u00e9ge <a href=\"https:\/\/totalcar.hu\/hirek\/2026\/09\/04\/f1-versenytav-csokkentes-szabalymodositas-2027\/\" target=\"_blank\" rel=\" noopener noreferrer nofollow\" data-link-preview=\"true\" data-og-title=\"\u00daj, minden futamot \u00e9rint\u0151 korl\u00e1toz\u00e1st fogadtak el a Forma\u20131-ben\" data-og-description=\"Minden jel arra utal, hogy 2027-t\u0151l r\u00f6videbbek lesznek a Forma\u20131-es nagyd\u00edjak. Mutatjuk, hogyan \u00e9rinti a k\u00f6rsz\u00e1mokat a v\u00e1ltoz\u00e1s!\" data-og-image=\"https:\/\/totalcar.hu\/media\/images\/GettyImages-2287709511.format-avif.max-600x400.avif\" data-og-image-small=\"https:\/\/totalcar.hu\/media\/images\/GettyImages-2287709511.format-avif.max-370x278.avif\" data-og-column=\"H\u00edrek\" data-og-tags=\"[&quot;H\\u00edrek&quot;, &quot;forma-1&quot;, &quot;F1 2027&quot;, &quot;szab\\u00e1lyv\\u00e1ltoz\\u00e1s&quot;]\">programja<\/a> a harmadik szabadedz\u00e9ssel folytat\u00f3dik, amelyet magyar id\u0151 szerint szombaton 12:30-t\u00f3l rendeznek meg, amit az id\u0151m\u00e9r\u0151 edz\u00e9s k\u00f6vet 16 \u00f3r\u00e1t\u00f3l.<\/p>\n<p>      Program \u2013 Forma\u20131 Olasz Nagyd\u00edj, 2026<\/p>\n<p data-alignment=\"left\" class=\"text-left\" data-block-key=\"206da\">Szeptember 4.., p\u00e9ntek<\/p>\n<p>12:30\u201313:30: 1. szabadedz\u00e9s16:00\u201317:00: 2. szabadedz\u00e9s<\/p>\n<p data-alignment=\"left\" class=\"text-left\" data-block-key=\"6r4gj\">Szeptember 5., szombat<\/p>\n<p>12:30\u201313:30: 3. szabadedz\u00e9s16:00\u201317:00: Id\u0151m\u00e9r\u0151 edz\u00e9s<\/p>\n<p data-alignment=\"left\" class=\"text-left\" data-block-key=\"5nafa\">Szeptember 6., vas\u00e1rnap<\/p>\n<p>15:00\u2013: Futam (53 k\u00f6r)<\/p>\n<p data-alignment=\"left\" class=\"text-left\" data-block-key=\"tgrda\">Bor\u00edt\u00f3k\u00e9p: Skuta D\u00e1vid\/Totalcar<\/p>\n<p><a href=\"https:\/\/google.com\/preferences\/source?q=https%3A\/\/totalcar.hu\" rel=\"noopener nofollow\" referrerpolicy=\"no-referrer-when-downgrade\" class=\"!flex !items-center !gap-5 !py-2 !px-3 w-full !rounded-xl !font-bold cursor-pointer !no-underline relative !bg-white !text-[#202124] !border !border-[#858585] dark:!bg-[#323232] dark:!text-white dark:border-none my-4 \" target=\"_blank\"><br \/>\n  <img decoding=\"async\" src=\"https:\/\/totalcar.hu\/static\/images\/favicons\/google_favicon.svg\" alt=\"Google\" class=\"shrink-0 w-7 h-7\"\/><br \/>\n  \u00c1ll\u00edtsd be, hogy a Totalcar az els\u0151k k\u00f6z\u00f6tt legyen a Google-tal\u00e1latokban!<\/p>\n<p><\/a><\/p>\n","protected":false},"excerpt":{"rendered":"Az el\u0151zetes el\u0151rejelz\u00e9seknek megfelel\u0151en rekken\u0151 h\u0151s\u00e9g fogadta a Forma\u20131-es mez\u0151nyt a Sebess\u00e9g Szent\u00e9lyek\u00e9nt (Temple of Speed) elh\u00edres\u00fclt monzai&hellip;\n","protected":false},"author":2,"featured_media":233144,"comment_status":"","ping_status":"","sticky":false,"template":"","format":"standard","meta":{"footnotes":"","_share_on_mastodon":"0"},"categories":[33],"tags":[7772,1308,638,38,1326,8190,35,37,44,42,40,43,41,494,34,38640,9608,36,39],"class_list":["post-233143","post","type-post","status-publish","format-standard","has-post-thumbnail","category-hirek","tag-charles-leclerc","tag-f1-2026","tag-ferrari","tag-focimek","tag-forma-1","tag-george-russell","tag-headlines","tag-hirek","tag-hu","tag-hungarian","tag-hungary","tag-magyar","tag-magyarorszag","tag-mercedes","tag-news","tag-olasz-nagydij","tag-szabadedzes","tag-top-stories","tag-vezeto-hirek"],"share_on_mastodon":{"url":"https:\/\/pubeurope.com\/@hu\/117214414683679121","error":""},"_links":{"self":[{"href":"https:\/\/www.europesays.com\/hu\/wp-json\/wp\/v2\/posts\/233143","targetHints":{"allow":["GET"]}}],"collection":[{"href":"https:\/\/www.europesays.com\/hu\/wp-json\/wp\/v2\/posts"}],"about":[{"href":"https:\/\/www.europesays.com\/hu\/wp-json\/wp\/v2\/types\/post"}],"author":[{"embeddable":true,"href":"https:\/\/www.europesays.com\/hu\/wp-json\/wp\/v2\/users\/2"}],"replies":[{"embeddable":true,"href":"https:\/\/www.europesays.com\/hu\/wp-json\/wp\/v2\/comments?post=233143"}],"version-history":[{"count":0,"href":"https:\/\/www.europesays.com\/hu\/wp-json\/wp\/v2\/posts\/233143\/revisions"}],"wp:featuredmedia":[{"embeddable":true,"href":"https:\/\/www.europesays.com\/hu\/wp-json\/wp\/v2\/media\/233144"}],"wp:attachment":[{"href":"https:\/\/www.europesays.com\/hu\/wp-json\/wp\/v2\/media?parent=233143"}],"wp:term":[{"taxonomy":"category","embeddable":true,"href":"https:\/\/www.europesays.com\/hu\/wp-json\/wp\/v2\/categories?post=233143"},{"taxonomy":"post_tag","embeddable":true,"href":"https:\/\/www.europesays.com\/hu\/wp-json\/wp\/v2\/tags?post=233143"}],"curies":[{"name":"wp","href":"https:\/\/api.w.org\/{rel}","templated":true}]}}