{"id":233151,"date":"2026-09-04T19:38:33","date_gmt":"2026-09-04T19:38:33","guid":{"rendered":"https:\/\/www.europesays.com\/hu\/233151\/"},"modified":"2026-09-04T19:38:33","modified_gmt":"2026-09-04T19:38:33","slug":"tiborcz-hoteleben-kozpenzbol-szallasoltak-el-a-szijjarto-fele-kulugy-vendegeit-koztuk-egy-orosz-minisztert","status":"publish","type":"post","link":"https:\/\/www.europesays.com\/hu\/233151\/","title":{"rendered":"Tiborcz hotel\u00e9ben, k\u00f6zp\u00e9nzb\u0151l sz\u00e1ll\u00e1solt\u00e1k el a Szijj\u00e1rt\u00f3-f\u00e9le k\u00fcl\u00fcgy vend\u00e9geit, k\u00f6zt\u00fck egy orosz minisztert"},"content":{"rendered":"<p>    <a href=\"https:\/\/www.europesays.com\/hu\/wp-content\/uploads\/2026\/09\/8O43UwatW6jgdsLGs.png\" class=\"uwwrama _1chu0ywg _8b6bx65\" rel=\"nofollow\"><\/p>\n<p>  <img decoding=\"async\" loading=\"lazy\" src=\"https:\/\/www.europesays.com\/hu\/wp-content\/uploads\/2026\/09\/8O43UwatW6jgdsLGs.png\"   class=\"_672m2jd _1chu0ywo ta3a4c1ey ta3a4c1aa he2knv4 ta3a4c1ey ta3a4czs\" style=\"--_672m2j6:1.88;--_672m2j5:2472px 1318px\" alt=\"\"\/><\/p>\n<p>      <\/a><\/p>\n<p>\n              A Tiborcz Istv\u00e1n \u00e9rdekelts\u00e9g\u00e9be tartoz\u00f3 Hotel Dorothea.\n            <\/p>\n<p>\n              Fot\u00f3:<br \/>\n                RTL H\u00edrad\u00f3\n            <\/p>\n<p class=\"\">\n    Tiborcz Istv\u00e1n \u00f6tcsillagos sz\u00e1llod\u00e1j\u00e1ban, a Dorothea Hotelben sz\u00e1ll\u00e1solt\u00e1k el k\u00f6zp\u00e9nzb\u0151l a k\u00fcl\u00fcgyminiszt\u00e9rium vend\u00e9geit a korm\u00e1nyv\u00e1lt\u00e1s el\u0151tt \u2013<a href=\"https:\/\/rtl.hu\/hirado\/2026\/09\/04\/szijjarto-peter-tiborcz-istvan-hotel-kulugy-kozpenz-vendegek\" target=\"_blank\" rel=\"nofollow noopener\"> tudta meg az RTL H\u00edrad\u00f3<\/a>. Arr\u00f3l sz\u00e1moltak be, hogy a k\u00fcl\u00fcgy t\u00f6bb vend\u00e9g l\u00e1togat\u00e1s\u00e1nak sz\u00e1ll\u00e1sk\u00f6lts\u00e9g\u00e9t is \u00e1llta. T\u00f6bbek k\u00f6z\u00f6tt a kolumbiai eln\u00f6k \u00e9s feles\u00e9ge is itt sz\u00e1llt meg, valamint Andrej Babi\u0161 cseh minisztereln\u00f6knek is itt foglaltak szob\u00e1t.\n  <\/p>\n<p class=\"\">\n    Ut\u00f3bbi r\u00e1ad\u00e1sul nem is hivatalos \u00e1llami l\u00e1togat\u00e1sra \u00e9rkezett volna Magyarorsz\u00e1gra, hanem a magyar korm\u00e1nyt\u00f3l elvileg f\u00fcggetlen, \u00e1m korm\u00e1nytagokat \u00e9s fideszes influenszereket is szerepeltet\u0151 CPAC konferenci\u00e1ra tervezett l\u00e1togatni id\u00e9n m\u00e1rciusban. Ezt az utat v\u00e9g\u00fcl az utols\u00f3 pillanatban mondta le <a href=\"https:\/\/444.hu\/2026\/03\/20\/milei-is-jon-orbanek-budapesti-dzsemborijara-babis-viszont-lemondta-a-reszvetelt\" target=\"_blank\" rel=\"nofollow noopener\">egy csehorsz\u00e1gi terrorcselekm\u00e9ny miatt<\/a>.\n  <\/p>\n<p class=\"\">\n     A hotel els\u0151 k\u00fcl\u00fcgyes vend\u00e9ge Mihail Murasko volt orosz eg\u00e9szs\u00e9g\u00fcgyi miniszter volt, aki 2024 szeptember\u00e9ben t\u00e1rgyalt Szijj\u00e1rt\u00f3val Budapesten (arr\u00f3l akkor <a href=\"https:\/\/444.hu\/2024\/09\/20\/szijjarto-egesz-europa-bizniszel-az-oroszokkal-csak-ezt-sokan-letagadjak-de-nekunk-erre-nincs-szuksegunk\" target=\"_blank\" rel=\"nofollow noopener\">itt \u00edrtunk<\/a>). Egy\u00e9bk\u00e9nt \u0151 volt az els\u0151 orosz korm\u00e1nytag, aki az ukrajnai agresszi\u00f3 kezdete ut\u00e1n, 2023-ban az EU-ba l\u00e1togatott \u2013 term\u00e9szetesen akkor is Magyarorsz\u00e1gra; akkor \u201ej\u00f3zan magyar politik\u00e1r\u00f3l, bar\u00e1ti egy\u00fcttm\u0171k\u00f6d\u00e9sr\u0151l\u201d <a href=\"https:\/\/444.hu\/2023\/07\/05\/orosz-miniszter-budapesten-a-magyar-kormany-politikaja-jozan-az-egyuttmukodesunk-barati\" target=\"_blank\" rel=\"nofollow noopener\">besz\u00e9lt<\/a>. De itt hajtotta \u00e1lomra a fej\u00e9t a t\u00fcrk \u00e1llamok szervezet\u00e9nek f\u0151titk\u00e1ra is, akinek 15 milli\u00f3 forint\u00e9rt foglaltak sz\u00e1ll\u00e1st.\n  <\/p>\n<p class=\"\">\n    Ebben a hotelben sz\u00e1ll\u00e1solt\u00e1k el azt a t\u00f6bb tucat influenszert is, akik 2024 m\u00e1jus\u00e1ban l\u00e1togattak Magyarorsz\u00e1gra Orb\u00e1n R\u00e1hel \u00f6tlet\u00e9re. Err\u0151l a programr\u00f3l <a href=\"https:\/\/444.hu\/2026\/08\/31\/szallas-tiborcznal-ebed-a-ner-es-luxusetteremben-megszereztuk-orban-rahel-3-milliardos-influenszertripjenek-dokumentumait\" target=\"_blank\" rel=\"nofollow noopener\">az der\u00fclt ki az \u00e1ltalunk megszerzett dokumentumokb\u00f3l<\/a>, hogy 3 milli\u00e1rd forintj\u00e1ba f\u00e1jt a magyar ad\u00f3fizet\u0151knek. Mindez <a href=\"https:\/\/444.hu\/2024\/06\/12\/fonagy-janos-szerint-nemzeti-erdek-volt-a-tobb-milliard-adoforintba-kerulo-budapesti-influenszertrip-megszervezese\" target=\"_blank\" rel=\"nofollow noopener\">nemzeti \u00e9rdek volt, legal\u00e1bbis F\u00f3nagy J\u00e1nos \u00e1llamtitk\u00e1r szerint<\/a>, aki Vadai \u00c1gnes DK-s k\u00e9pvisel\u0151 \u00edr\u00e1sbeli k\u00e9rd\u00e9s\u00e9re v\u00e1laszolt a trippel kapcsolatban.\n  <\/p>\n","protected":false},"excerpt":{"rendered":"A Tiborcz Istv\u00e1n \u00e9rdekelts\u00e9g\u00e9be tartoz\u00f3 Hotel Dorothea. Fot\u00f3: RTL H\u00edrad\u00f3 Tiborcz Istv\u00e1n \u00f6tcsillagos sz\u00e1llod\u00e1j\u00e1ban, a Dorothea Hotelben sz\u00e1ll\u00e1solt\u00e1k&hellip;\n","protected":false},"author":2,"featured_media":233152,"comment_status":"","ping_status":"","sticky":false,"template":"","format":"standard","meta":{"footnotes":"","_share_on_mastodon":"0"},"categories":[6],"tags":[4182,1290,44,42,40,16316,7200,43,41,22499,99,22337,57,3326,24141],"class_list":["post-233151","post","type-post","status-publish","format-standard","has-post-thumbnail","category-magyarorszag","tag-andrej-babis","tag-hotel","tag-hu","tag-hungarian","tag-hungary","tag-kozpenz","tag-kulugyminiszterium","tag-magyar","tag-magyarorszag","tag-mihail-murasko","tag-politika","tag-szallas","tag-szijjarto-peter","tag-tiborcz-istvan","tag-vendeg"],"share_on_mastodon":{"url":"https:\/\/pubeurope.com\/@hu\/117214465978282725","error":""},"_links":{"self":[{"href":"https:\/\/www.europesays.com\/hu\/wp-json\/wp\/v2\/posts\/233151","targetHints":{"allow":["GET"]}}],"collection":[{"href":"https:\/\/www.europesays.com\/hu\/wp-json\/wp\/v2\/posts"}],"about":[{"href":"https:\/\/www.europesays.com\/hu\/wp-json\/wp\/v2\/types\/post"}],"author":[{"embeddable":true,"href":"https:\/\/www.europesays.com\/hu\/wp-json\/wp\/v2\/users\/2"}],"replies":[{"embeddable":true,"href":"https:\/\/www.europesays.com\/hu\/wp-json\/wp\/v2\/comments?post=233151"}],"version-history":[{"count":0,"href":"https:\/\/www.europesays.com\/hu\/wp-json\/wp\/v2\/posts\/233151\/revisions"}],"wp:featuredmedia":[{"embeddable":true,"href":"https:\/\/www.europesays.com\/hu\/wp-json\/wp\/v2\/media\/233152"}],"wp:attachment":[{"href":"https:\/\/www.europesays.com\/hu\/wp-json\/wp\/v2\/media?parent=233151"}],"wp:term":[{"taxonomy":"category","embeddable":true,"href":"https:\/\/www.europesays.com\/hu\/wp-json\/wp\/v2\/categories?post=233151"},{"taxonomy":"post_tag","embeddable":true,"href":"https:\/\/www.europesays.com\/hu\/wp-json\/wp\/v2\/tags?post=233151"}],"curies":[{"name":"wp","href":"https:\/\/api.w.org\/{rel}","templated":true}]}}