{"id":233165,"date":"2026-09-04T19:53:13","date_gmt":"2026-09-04T19:53:13","guid":{"rendered":"https:\/\/www.europesays.com\/hu\/233165\/"},"modified":"2026-09-04T19:53:13","modified_gmt":"2026-09-04T19:53:13","slug":"2026-forma-1-olasz-nagydij-2-szabadedzes","status":"publish","type":"post","link":"https:\/\/www.europesays.com\/hu\/233165\/","title":{"rendered":"2026 Forma-1 Olasz Nagyd\u00edj, 2. szabadedz\u00e9s"},"content":{"rendered":"<p>P\u00e9nteki d\u00e9lut\u00e1n folytat\u00f3dott a Forma-1-es Olasz Nagyd\u00edj programja a m\u00e1sodik szabadedz\u00e9ssel. Ide\u00e1lis k\u00f6r\u00fclm\u00e9nyek k\u00f6z\u00f6tt finom\u00edthatta a be\u00e1ll\u00edt\u00e1sokat a mez\u0151ny Monz\u00e1ban, a leveg\u0151 33, az aszfalt 57 fokos volt a 60 perces edz\u00e9s elej\u00e9n. Az \u00f3r\u00e1ra \u00fagy fordultunk r\u00e1, hogy az els\u0151 gyakorl\u00e1st a Ferrari h\u00fazta be a hazai szurkol\u00f3k \u00f6r\u00f6m\u00e9re.<\/p>\n<p>Az els\u0151 szabadedz\u00e9s ut\u00e1n t\u00f6bben is visszakapt\u00e1k az aut\u00f3jukat az \u00fajoncokt\u00f3l, az \u00e9lcsapatokn\u00e1l p\u00e9ld\u00e1ul Max Verstappen csak ekkor kezdte meg a munk\u00e1t a Red Bull-lal. M\u00e1r az els\u0151 percekt\u0151l nagy volt az aktivit\u00e1s a p\u00e1ly\u00e1n, csak az els\u0151 gyakorl\u00e1son le\u00e1ll\u00f3 Sergio Perez-f\u00e9le Cadillac, valamint Fernando Alonso \u201ek\u00e9sett\u201d az Aston Martinnal.<\/p>\n<p>Alapvet\u0151en nyugis volt az \u00f3ra, b\u00e1r az els\u0151 negyed\u00f3r\u00e1ban igencsak vesz\u00e9lyes szitu\u00e1ci\u00f3ba keveredett Lando Norris. A McLaren vil\u00e1gbajnoka el\u00e9 a c\u00e9legyenes v\u00e9gi f\u00e9kt\u00e1von mozgott be Lance Stroll az Aston Martinnal, Norrisnak a f\u00fcv\u00f6n kellett ker\u00fclnie.<\/p>\n<p lang=\"en\" dir=\"ltr\">Norris has to take to the grass to avoid a slow-moving Stroll who was exiting the pits \ud83d\ude2e<a href=\"https:\/\/x.com\/hashtag\/F1?src=hash&amp;ref_src=twsrc%5Etfw\" rel=\"nofollow\">#F1<\/a> <a href=\"https:\/\/x.com\/hashtag\/ItalianGP?src=hash&amp;ref_src=twsrc%5Etfw\" rel=\"nofollow\">#ItalianGP<\/a> <a href=\"https:\/\/t.co\/mVT190ISdk\" rel=\"nofollow\">pic.twitter.com\/mVT190ISdk<\/a><\/p>\n<p>\u2014 Formula 1 (@F1) <a href=\"https:\/\/x.com\/F1\/status\/2095878784205332628?ref_src=twsrc%5Etfw\" rel=\"nofollow\">September 4, 2026<\/a>  <\/p>\n<p>A sorrendet eld\u00f6nt\u0151 gyorsk\u00f6r\u00f6k a legt\u00f6bbekn\u00e9l f\u00e9lt\u00e1v magass\u00e1g\u00e1ban sz\u00fclettek meg, a l\u00e1gy gumis pr\u00f3b\u00e1lkoz\u00e1sok ut\u00e1n az utols\u00f3 kb. 20 perc m\u00e1r a versenyszimul\u00e1ci\u00f3k\u00e9 volt megtankolt aut\u00f3kkal. A leggyorsabb id\u0151t George Russell futotta a Mercedesszel, de nem volt messze t\u0151le Charles Leclerc sem a Ferrariban: az ez\u00fcst \u00e9s a v\u00f6r\u00f6s aut\u00f3 k\u00f6z\u00f6tt 12 sz\u00e1zad volt a k\u00fcl\u00f6nbs\u00e9g. Sz\u00e1zadokkal lemaradva lett harmadik Andrea Kimi Antonelli a m\u00e1sik Mercedesben, a sormint\u00e1t pedig Lando Norris \u201erontotta el\u201d a McLarennel. Lewis Hamilton a m\u00e1sik Ferrarival \u00f6t\u00f6dik lett, megel\u0151zve Oscar Piastrit (McLaren).<\/p>\n<p>\t\t<img aria-describedby=\"caption-attachment-2302878\" decoding=\"async\" loading=\"lazy\" class=\"size-full wp-image-2302878\" alt=\"Belek\u00f6p\u00f6tt Russell az olasz F1-rajong\u00f3k leves\u00e9be 2\" width=\"2400\" height=\"1600\" src=\"https:\/\/www.europesays.com\/hu\/wp-content\/uploads\/2026\/09\/gettyimages-2293495246-700x467.jpg\" src-mobile=\"https:\/\/www.europesays.com\/hu\/wp-content\/uploads\/2026\/09\/gettyimages-2293495246-700x467.jpg\" title=\"Belek\u00f6p\u00f6tt Russell az olasz F1-rajong\u00f3k leves\u00e9be 2\"\/><\/p>\n<p id=\"caption-attachment-2302878\" class=\"wp-caption-text\">Charles Leclerc (K\u00e9p: Mark Thompson\/Getty Images)<\/p>\n<p>Akiknek l\u00e1tv\u00e1nyosan nem ment a szek\u00e9r, az a Red Bull. Verstappen a Racing Bullsok \u00e9s a fejlesztett Ferrari-motorral villog\u00f3 Oliver Bearman (Haas) gy\u0171r\u0171j\u00e9ben csak a 9. lett, m\u00edg a beugr\u00f3 Liam Lawson legjobb ideje a 12. helyre volt el\u00e9g. A holland sokat panaszkodott aut\u00f3j\u00e1ra.<\/p>\n<p><img aria-describedby=\"caption-attachment-2302900\" decoding=\"async\" loading=\"lazy\" class=\"size-full wp-image-2302900\" alt=\"Belek\u00f6p\u00f6tt Russell az olasz F1-rajong\u00f3k leves\u00e9be 3\" width=\"2286\" height=\"1525\" src=\"https:\/\/www.europesays.com\/hu\/wp-content\/uploads\/2026\/09\/fp2-e1788536383548-700x467.jpg\" src-mobile=\"https:\/\/www.europesays.com\/hu\/wp-content\/uploads\/2026\/09\/fp2-e1788536383548-700x467.jpg\" title=\"Belek\u00f6p\u00f6tt Russell az olasz F1-rajong\u00f3k leves\u00e9be 3\"\/><\/p>\n<p id=\"caption-attachment-2302900\" class=\"wp-caption-text\">A teljes eredm\u00e9nylista<\/p>\n<p>A versenyszimul\u00e1ci\u00f3k sor\u00e1n egy hiba \u00f6sszej\u00f6tt Leclerc-n\u00e9l, a monac\u00f3i megforgott a Roggia-sik\u00e1n kij\u00e1rat\u00e1n\u00e1l, de ennek nem lett k\u00f6vetkezm\u00e9nye. Franco Colapinto is kis h\u00edj\u00e1n eldobta az Alpine-t az utols\u00f3 percekben, vesz\u00e9lyes helyen cs\u00faszott meg az argentin. Technikai probl\u00e9m\u00e1k nemigen jelentkeztek, lesz\u00e1m\u00edtva az Audit, ahol Gabriel Bortoleto versenyszimul\u00e1ci\u00f3j\u00e1t fogt\u00e1k n\u00e9h\u00e1ny perccel r\u00f6videbbre.<\/p>\n<p lang=\"en\" dir=\"ltr\">Whoa! \ud83d\ude28<\/p>\n<p>Here&#8217;s that Charles moment \ud83c\udfa5<a href=\"https:\/\/x.com\/hashtag\/F1?src=hash&amp;ref_src=twsrc%5Etfw\" rel=\"nofollow\">#F1<\/a> <a href=\"https:\/\/x.com\/hashtag\/ItalianGP?src=hash&amp;ref_src=twsrc%5Etfw\" rel=\"nofollow\">#ItalianGP<\/a> <a href=\"https:\/\/t.co\/dQks2nhBr9\" rel=\"nofollow\">pic.twitter.com\/dQks2nhBr9<\/a><\/p>\n<p>\u2014 Formula 1 (@F1) <a href=\"https:\/\/x.com\/F1\/status\/2095888894742974509?ref_src=twsrc%5Etfw\" rel=\"nofollow\">September 4, 2026<\/a>  <\/p>\n<p lang=\"en\" dir=\"ltr\">Now it&#8217;s Colapinto&#8217;s turn to almost lose it&#8230;<\/p>\n<p>Massive moment for Franco out of the Ascari chicane but he holds on \ud83d\udc4f<a href=\"https:\/\/x.com\/hashtag\/F1?src=hash&amp;ref_src=twsrc%5Etfw\" rel=\"nofollow\">#F1<\/a> <a href=\"https:\/\/x.com\/hashtag\/ItalianGP?src=hash&amp;ref_src=twsrc%5Etfw\" rel=\"nofollow\">#ItalianGP<\/a> <a href=\"https:\/\/t.co\/fhRYeFlCYy\" rel=\"nofollow\">pic.twitter.com\/fhRYeFlCYy<\/a><\/p>\n<p>\u2014 Formula 1 (@F1) <a href=\"https:\/\/x.com\/F1\/status\/2095889531803181401?ref_src=twsrc%5Etfw\" rel=\"nofollow\">September 4, 2026<\/a>  <\/p>\n<p>\u00c9rdekes volt m\u00e9g l\u00e1tni az utols\u00f3 percekben azt, hogy p\u00e1ran m\u00e1r megkezdt\u00e9k a sz\u00e9l\u00e1rny\u00e9koz\u00e1s gyakorl\u00e1s\u00e1t, k\u00f6zt\u00fck a McLarennel. A Ferrarin\u00e1l is sz\u00e1molnak ezzel, <a href=\"https:\/\/www.vezess.hu\/forma-1\/2026\/09\/04\/nagy-elonyt-kap-hamilton-a-ferraritol-leclerc-karara\/\" rel=\"nofollow noopener\" target=\"_blank\">Leclerc \u00e1rult el err\u0151l r\u00e9szleteket a h\u00e9tv\u00e9ge kor\u00e1bbi r\u00e9sz\u00e9ben:<\/a><\/p>\n<p>Ami a monzai h\u00e9tv\u00e9g\u00e9t illeti, a program a harmadik szabadedz\u00e9ssel folytat\u00f3dik szombaton 12:30-t\u00f3l.<\/p>\n<p>\t\t\t<script async src=\"https:\/\/platform.twitter.com\/widgets.js\" charset=\"utf-8\"><\/script><\/p>\n","protected":false},"excerpt":{"rendered":"P\u00e9nteki d\u00e9lut\u00e1n folytat\u00f3dott a Forma-1-es Olasz Nagyd\u00edj programja a m\u00e1sodik szabadedz\u00e9ssel. Ide\u00e1lis k\u00f6r\u00fclm\u00e9nyek k\u00f6z\u00f6tt finom\u00edthatta a be\u00e1ll\u00edt\u00e1sokat a&hellip;\n","protected":false},"author":2,"featured_media":233166,"comment_status":"","ping_status":"","sticky":false,"template":"","format":"standard","meta":{"footnotes":"","_share_on_mastodon":"0"},"categories":[33],"tags":[61451,637,638,38,1326,58411,35,37,44,42,40,43,41,1310,494,34,3056,45,9608,36,39],"class_list":["post-233165","post","type-post","status-publish","format-standard","has-post-thumbnail","category-hirek","tag-2-szabadedzes","tag-f1","tag-ferrari","tag-focimek","tag-forma-1","tag-forma-1-olasz-nagydij","tag-headlines","tag-hirek","tag-hu","tag-hungarian","tag-hungary","tag-magyar","tag-magyarorszag","tag-mclaren","tag-mercedes","tag-news","tag-red-bull","tag-sport","tag-szabadedzes","tag-top-stories","tag-vezeto-hirek"],"share_on_mastodon":{"url":"https:\/\/pubeurope.com\/@hu\/117214525055366126","error":""},"_links":{"self":[{"href":"https:\/\/www.europesays.com\/hu\/wp-json\/wp\/v2\/posts\/233165","targetHints":{"allow":["GET"]}}],"collection":[{"href":"https:\/\/www.europesays.com\/hu\/wp-json\/wp\/v2\/posts"}],"about":[{"href":"https:\/\/www.europesays.com\/hu\/wp-json\/wp\/v2\/types\/post"}],"author":[{"embeddable":true,"href":"https:\/\/www.europesays.com\/hu\/wp-json\/wp\/v2\/users\/2"}],"replies":[{"embeddable":true,"href":"https:\/\/www.europesays.com\/hu\/wp-json\/wp\/v2\/comments?post=233165"}],"version-history":[{"count":0,"href":"https:\/\/www.europesays.com\/hu\/wp-json\/wp\/v2\/posts\/233165\/revisions"}],"wp:featuredmedia":[{"embeddable":true,"href":"https:\/\/www.europesays.com\/hu\/wp-json\/wp\/v2\/media\/233166"}],"wp:attachment":[{"href":"https:\/\/www.europesays.com\/hu\/wp-json\/wp\/v2\/media?parent=233165"}],"wp:term":[{"taxonomy":"category","embeddable":true,"href":"https:\/\/www.europesays.com\/hu\/wp-json\/wp\/v2\/categories?post=233165"},{"taxonomy":"post_tag","embeddable":true,"href":"https:\/\/www.europesays.com\/hu\/wp-json\/wp\/v2\/tags?post=233165"}],"curies":[{"name":"wp","href":"https:\/\/api.w.org\/{rel}","templated":true}]}}