{"id":233167,"date":"2026-09-04T20:00:10","date_gmt":"2026-09-04T20:00:10","guid":{"rendered":"https:\/\/www.europesays.com\/hu\/233167\/"},"modified":"2026-09-04T20:00:10","modified_gmt":"2026-09-04T20:00:10","slug":"kendall-jenner-armani-ruhajat-barmelyik-no-elfogadna","status":"publish","type":"post","link":"https:\/\/www.europesays.com\/hu\/233167\/","title":{"rendered":"Kendall Jenner Armani ruh\u00e1j\u00e1t b\u00e1rmelyik n\u0151 elfogadn\u00e1"},"content":{"rendered":"<p>\u00c1lmaink ruhadarabj\u00e1t viselte a v\u00f6r\u00f6s sz\u0151nyegen Kendall Jenner. A 30 esztend\u0151s modell a Velencei Filmfesztiv\u00e1lon tette tisztelet\u00e9t \u00e9s aranyl\u00f3 Armani szettj\u00e9ben csak \u00fagy vonzotta a tekinteteket.<\/p>\n<p>        Csak \u00e1mulunk<\/p>\n<p>Kendall Jenner a Vadl\u00f3 Kilenc c\u00edm\u0171 film premierj\u00e9n tette tisztelet\u00e9t a <a href=\"https:\/\/www.glamour.hu\/cimke\/velencei-filmfesztival\" id=\"7af7b16f-cf9b-4946-9c96-b2686bbc0b7b\" rel=\"nofollow noopener\" target=\"_blank\">Velencei Filmfesztiv\u00e1lon<\/a>. A 30 \u00e9ves modell egyenesen ellopta a show-t: egy kortalan, 90-es \u00e9veket id\u00e9z\u0151 darabra cser\u00e9lte a t\u0151le megszokott modern szetteket.<\/p>\n<p>Elk\u00e9peszt\u0151en karcs\u00fanak t\u0171nt a <a href=\"https:\/\/www.glamour.hu\/cimke\/giorgio-armani\" id=\"15848636-115d-4507-b0c8-5c526b344339\" rel=\"nofollow noopener\" target=\"_blank\">Giorgio Armani<\/a> 1995-\u00f6s kollekci\u00f3j\u00e1b\u00f3l sz\u00e1rmaz\u00f3 ruh\u00e1ban, boldogan p\u00f3zolt a fot\u00f3soknak \u00e9s adott autogramot a rajong\u00f3knak. \u00d6lt\u00f6zet\u00e9t az Armani Beauty nagyk\u00f6vet\u00e9nek, Briony Raymondnak gy\u00e9m\u00e1nt\u00e9kszereivel eg\u00e9sz\u00edtette ki.<\/p>\n<p>                <a class=\"position-absolute pinterestImgShare\" href=\"https:\/\/pinterest.com\/pin\/create\/button\/?url=https:\/\/image.glamour.hu\/1\/CWCk9kpTURBXy9kNWI4N2IzOWE0ODJlOTY0MWU1MTcyMDYyNDg3NTkxZC5qcGeQ3gABoTAF&amp;media=https:\/\/image.glamour.hu\/1\/CWCk9kpTURBXy9kNWI4N2IzOWE0ODJlOTY0MWU1MTcyMDYyNDg3NTkxZC5qcGeQ3gABoTAF\" aria-label=\"Pinterest\" target=\"_blank\" rel=\"noopener nofollow\"><\/p>\n<p>                <\/a><\/p>\n<p>                    <a href=\"https:\/\/image.glamour.hu\/1\/CWCk9kpTURBXy9kNWI4N2IzOWE0ODJlOTY0MWU1MTcyMDYyNDg3NTkxZC5qcGeQ3gABoTAF\" data-lightbox=\"\" data-title=\"Kendall Jenner Armaniban ny\u0171g\u00f6z\u00f6tt le mindenkit a Velencei Filmfesztiv\u00e1lon\" data-alt=\"Kendall Jenner Armaniban ny\u0171g\u00f6z\u00f6tt le mindenkit a Velencei Filmfesztiv\u00e1lon\" rel=\"nofollow noopener\" target=\"_blank\"><\/p>\n<p>                                <img decoding=\"async\" src=\"https:\/\/www.europesays.com\/hu\/wp-content\/uploads\/2026\/09\/GiMktkpTURBXy9kNWI4N2IzOWE0ODJlOTY0MWU1MTcyMDYyNDg3NTkxZC5qcGeRlQLNA8YAwsM.jpeg\" class=\"img-fluid d-block\" alt=\"Kendall Jenner Armaniban ny\u0171g\u00f6z\u00f6tt le mindenkit a Velencei Filmfesztiv\u00e1lon\"\/><\/p>\n<p>                    <\/a><\/p>\n<p>\n                        Kendall Jenner Armaniban ny\u0171g\u00f6z\u00f6tt le mindenkit a Velencei Filmfesztiv\u00e1lon\n                    <\/p>\n<p>\n                        Fot\u00f3: picture alliance\/Getty Images\n                    <\/p>\n<p>\t<a class=\"article_recommendation_link\" href=\"https:\/\/www.glamour.hu\/divat\/velencei-filmfesztival-2026-ruhak-elso-nap\/kp4ef5s?ca_ei&amp;length=12&amp;blockIndex=8&amp;pubId=\" target=\"_blank\" rel=\"nofollow noopener\"><\/p>\n<p class=\"flex-shrink-0\">\n<p>\t\t\t\t\tAlig kezd\u0151d\u00f6tt el a Velencei Filmfesztiv\u00e1l, a szt\u00e1rok m\u00e1ris letarolt\u00e1k a v\u00f6r\u00f6s sz\u0151nyeget<\/p>\n<p>\t\t\t\t\t\t\t<img decoding=\"async\" class=\"col-lg-12 px-0 img-fluid lazyload\" src=\"https:\/\/www.europesays.com\/hu\/wp-content\/uploads\/2026\/09\/1788552010_859_6xtktl1aHR0cHM6Ly9pbWFnZS5nbGFtb3VyLmh1LzEvYTNIa3RrcFRVUkJYeTg1TmpabU9HRTJNVGhqTWpFeU1tRTNZVGcyTkRBM.jpeg\" alt=\"Alig kezd\u0151d\u00f6tt el a Velencei Filmfesztiv\u00e1l, a szt\u00e1rok m\u00e1ris letarolt\u00e1k a v\u00f6r\u00f6s sz\u0151nyeget\"\/><\/p>\n<p>\t<\/a><\/p>\n<p>A Vadl\u00f3 Kilenc f\u0151szerepl\u0151i Parker Posey, John Malkovich, Sam Rockwell \u00e9s Steve Buscemi. Ez a film jelenti Martin McDonagh visszat\u00e9r\u00e9s\u00e9t a rendez\u00e9shez, miut\u00e1n 2022-ben nagy sikert aratott filmje, A sziget szellemei sz\u00e1mos Oscar-jel\u00f6l\u00e9st kapott. V\u00e1rhat\u00f3an november 6-\u00e1n ker\u00fcl a mozikba.<\/p>\n<p>        P\u00e1rja most nem tartott vele<\/p>\n<p>Sokan v\u00e1rt\u00e1k egy\u00e9bk\u00e9nt, hogy <a href=\"https:\/\/www.glamour.hu\/cimke\/kendall-jenner\" id=\"2d4ae668-feea-495a-8046-5eea267a3fa6\" rel=\"nofollow noopener\" target=\"_blank\">Kendall Jennert<\/a> elk\u00eds\u00e9ri p\u00e1rja, <a href=\"https:\/\/femina.hu\/vilagsztar\/jacob-elordi-frankenstein\/\" id=\"d87a51d9-9893-4265-bb05-b21dcc4a7069\" target=\"_blank\" rel=\"nofollow noopener\">Jacob Elordi<\/a>, \u00e1m a <a href=\"https:\/\/www.dailymail.com\/tvshowbiz\/article-16103201\/Kendall-Jenner-models-Wild-Horse-Nine-Venice-Film-Festival.html\" id=\"d158c7d2-dfbc-46f2-bb6a-28b5a81a3f8a\" target=\"_blank\" rel=\"nofollow noopener\">Daily Mail<\/a> azt \u00edrja, erre val\u00f3sz\u00edn\u0171leg nem fog sor ker\u00fclni. B\u00e1r a Frankenstein \u00e9s az \u00dcv\u00f6lt\u0151 szelek szt\u00e1rja tavaly r\u00e9szt vett a fesztiv\u00e1lon, id\u00e9n szinte biztosan nem fog megjelenni. \u00c1ll\u00edt\u00f3lag a mozgalmas \u00e9ve ut\u00e1n most egy kis pihen\u0151t tart a filmez\u00e9sben.<\/p>\n<p>A p\u00e1r \u00e1prilisban hozta nyilv\u00e1noss\u00e1gra kapcsolat\u00e1t, miut\u00e1n Kendall Jenner h\u00faga, Kylie \u00f6sszehozta \u0151ket, \u00e9s a Coachella Fesztiv\u00e1lon tartott Bieber-koncerten l\u00e1tt\u00e1k \u0151ket szenved\u00e9lyesen <a href=\"https:\/\/femina.hu\/vilagsztar\/jacob-elordi-kendall-jenner\/\" id=\"89f379e0-6865-4a2a-bc3d-4fa833abf322\" target=\"_blank\" rel=\"nofollow noopener\">cs\u00f3kol\u00f3zni<\/a>. Az\u00f3ta Londonban, Hollywoodban \u00e9s Ausztr\u00e1li\u00e1ban is k\u00e9sz\u00fcltek r\u00f3luk lesifot\u00f3k. S\u0151t az elm\u00falt h\u00f3napokban egy\u00fctt jelentek meg Hawaiin \u00e9s Jap\u00e1nban is. \u00c1ll\u00edt\u00f3lag a sz\u00edn\u00e9sz olyannyira od\u00e1ig van kedves\u00e9\u00e9rt, hogy Londonban lefoglalt kett\u0151j\u00fcknek egy m\u00e9regdr\u00e1ga lakoszt\u00e1lyt is, hogy ezzel ny\u0171g\u00f6zze le \u0151t.<\/p>\n","protected":false},"excerpt":{"rendered":"\u00c1lmaink ruhadarabj\u00e1t viselte a v\u00f6r\u00f6s sz\u0151nyegen Kendall Jenner. A 30 esztend\u0151s modell a Velencei Filmfesztiv\u00e1lon tette tisztelet\u00e9t \u00e9s&hellip;\n","protected":false},"author":2,"featured_media":233168,"comment_status":"","ping_status":"","sticky":false,"template":"","format":"standard","meta":{"footnotes":"","_share_on_mastodon":"0"},"categories":[16],"tags":[18433,137,44,42,40,8930,43,41,740,138,9652],"class_list":["post-233167","post","type-post","status-publish","format-standard","has-post-thumbnail","category-szorakozas","tag-armani","tag-entertainment","tag-hu","tag-hungarian","tag-hungary","tag-kendall-jenner","tag-magyar","tag-magyarorszag","tag-nemzetkozi-sztarok","tag-szorakozas","tag-velencei-filmfesztival"],"share_on_mastodon":{"url":"https:\/\/pubeurope.com\/@hu\/117214552424073766","error":""},"_links":{"self":[{"href":"https:\/\/www.europesays.com\/hu\/wp-json\/wp\/v2\/posts\/233167","targetHints":{"allow":["GET"]}}],"collection":[{"href":"https:\/\/www.europesays.com\/hu\/wp-json\/wp\/v2\/posts"}],"about":[{"href":"https:\/\/www.europesays.com\/hu\/wp-json\/wp\/v2\/types\/post"}],"author":[{"embeddable":true,"href":"https:\/\/www.europesays.com\/hu\/wp-json\/wp\/v2\/users\/2"}],"replies":[{"embeddable":true,"href":"https:\/\/www.europesays.com\/hu\/wp-json\/wp\/v2\/comments?post=233167"}],"version-history":[{"count":0,"href":"https:\/\/www.europesays.com\/hu\/wp-json\/wp\/v2\/posts\/233167\/revisions"}],"wp:featuredmedia":[{"embeddable":true,"href":"https:\/\/www.europesays.com\/hu\/wp-json\/wp\/v2\/media\/233168"}],"wp:attachment":[{"href":"https:\/\/www.europesays.com\/hu\/wp-json\/wp\/v2\/media?parent=233167"}],"wp:term":[{"taxonomy":"category","embeddable":true,"href":"https:\/\/www.europesays.com\/hu\/wp-json\/wp\/v2\/categories?post=233167"},{"taxonomy":"post_tag","embeddable":true,"href":"https:\/\/www.europesays.com\/hu\/wp-json\/wp\/v2\/tags?post=233167"}],"curies":[{"name":"wp","href":"https:\/\/api.w.org\/{rel}","templated":true}]}}