{"id":233185,"date":"2026-09-04T20:21:08","date_gmt":"2026-09-04T20:21:08","guid":{"rendered":"https:\/\/www.europesays.com\/hu\/233185\/"},"modified":"2026-09-04T20:21:08","modified_gmt":"2026-09-04T20:21:08","slug":"vitezy-76-milliard-forintot-takaritunk-meg-a-mohacsi-hid-kapcsan","status":"publish","type":"post","link":"https:\/\/www.europesays.com\/hu\/233185\/","title":{"rendered":"Vit\u00e9zy: 76 milli\u00e1rd forintot takar\u00edtunk meg a moh\u00e1csi h\u00edd kapcs\u00e1n"},"content":{"rendered":"<p><a target=\"_blank\" href=\"https:\/\/24.hu\/belfold\/2026\/09\/02\/titkos-kormanyhatarozatok-orban-kormany-penzosztas-24extra\/\" rel=\"nofollow noopener\">Szerd\u00e1n \u00edrtunk arr\u00f3l<\/a>, hogy egy \u00e9v eleji titkos korm\u00e1nyhat\u00e1rozatban 76 milli\u00e1rd forintot csoportos\u00edtott \u00e1t Orb\u00e1n Viktor akkori minisztereln\u00f6k a moh\u00e1csi Duna-h\u00eddhoz kapcsol\u00f3d\u00f3 \u00fath\u00e1l\u00f3zat fejleszt\u00e9s\u00e9re. Most Vit\u00e9zy D\u00e1vid k\u00f6zleked\u00e9si miniszter bejelentette, hogy a korm\u00e1ny fel\u00fclvizsg\u00e1lta a projektet, \u00e9s 76 milli\u00e1rd forintot spr\u00f3rolnak azon, hogy az alf\u00f6ldi szakaszon nem 2\u00d72 s\u00e1vos utat alak\u00edtanak ki.<\/p>\n<p>Mag\u00e1ra a moh\u00e1csi h\u00eddra sem lett volna sz\u00fcks\u00e9g, mert sem a forgalmi adatok, sem az eltitkolt hat\u00e1stanulm\u00e1nyok nem indokolt\u00e1k, hogy 300 milli\u00e1rd forint\u00e9rt egy 2\u00d72 s\u00e1vos hidat \u00e9p\u00edtsenek a Dun\u00e1ra, de ez m\u00e1r olyan k\u00e9sz\u00fclts\u00e9gben van, hogy \u00e9szszer\u0171en nem lehetett visszaford\u00edtani, sem pedig 2\u00d71 s\u00e1vra sz\u0171k\u00edteni, magyar\u00e1zta Vit\u00e9zy. A tanulm\u00e1ny szerint <a target=\"_blank\" href=\"https:\/\/24.hu\/fn\/gazdasag\/2025\/10\/07\/mohacs-duna-hid-varhato-forgalom-napi-600-auto\/\" rel=\"nofollow noopener\">\u00f3r\u00e1nk\u00e9nt \u00e1tlagosan 25 aut\u00f3t szolg\u00e1lhat majd ki az \u00faj h\u00edd<\/a>.<\/p>\n<p>Az ut\u00f3lag hozz\u00e1csapott projektet azonban le tudj\u00e1k \u00e1ll\u00edtani, mert azt szerencs\u00e9re m\u00e9g nem kezdt\u00e9k meg.<\/p>\n<p>A 2\u00d72 s\u00e1vos szakasz \u00e9p\u00edt\u00e9se m\u00e9g nem kezd\u0151d\u00f6tt meg, ez\u00e9rt ezt szakmailag \u00e9s beruh\u00e1z\u00e1si szempontb\u00f3l is j\u00f3val egyszer\u0171bb volt kivenni a projektb\u0151l. R\u00e1ad\u00e1sul a rendelkez\u00e9sre \u00e1ll\u00f3 forgalmi el\u0151rejelz\u00e9sek alapj\u00e1n ezen a szakaszon m\u00e9g 2050-ig sem indokolt a 2\u00d72 s\u00e1vos kialak\u00edt\u00e1s, a tervezett szerbiai k\u00f6zleked\u00e9si fejleszt\u00e9sek hat\u00e1sait, a Vajdas\u00e1g mosolya nev\u0171 k\u00f6z\u00fati fejleszt\u00e9s hat\u00e1sait figyelembe v\u00e9ve sem. Ez\u00e9rt az alf\u00f6ldi oldalon marad az eredetileg is tervezett, a v\u00e1rhat\u00f3 forgalomhoz igazod\u00f3 2\u00d71 s\u00e1vos kialak\u00edt\u00e1s<\/p>\n<p>\u2013 jelentette be a miniszter, hozz\u00e1t\u00e9ve, hogy ezzel 74-76 milli\u00e1rd forintot sp\u00f3rolnak meg, amit az orsz\u00e1gos k\u00f6z\u00fath\u00e1l\u00f3zat fel\u00faj\u00edt\u00e1s\u00e1ra ford\u00edtanak.<\/p>\n<p>\u201eSokkal t\u00f6bb \u00e9rtelme van ebb\u0151l a p\u00e9nzb\u0151l rossz \u00e1llapot\u00fa, naponta emberek t\u00edzezrei \u00e1ltal haszn\u00e1lt utakat rendbe tenni, mint olyan plusz s\u00e1vokat \u00e9p\u00edteni, amelyek sz\u00fcks\u00e9gess\u00e9g\u00e9t a forgalmi adatok sem igazolj\u00e1k\u201d \u2013 magyar\u00e1zta Vit\u00e9zy D\u00e1vid.<\/p>\n","protected":false},"excerpt":{"rendered":"Szerd\u00e1n \u00edrtunk arr\u00f3l, hogy egy \u00e9v eleji titkos korm\u00e1nyhat\u00e1rozatban 76 milli\u00e1rd forintot csoportos\u00edtott \u00e1t Orb\u00e1n Viktor akkori minisztereln\u00f6k&hellip;\n","protected":false},"author":2,"featured_media":233186,"comment_status":"","ping_status":"","sticky":false,"template":"","format":"standard","meta":{"footnotes":"","_share_on_mastodon":"0"},"categories":[6],"tags":[44,42,40,43,41,41389,5358,593],"class_list":["post-233185","post","type-post","status-publish","format-standard","has-post-thumbnail","category-magyarorszag","tag-hu","tag-hungarian","tag-hungary","tag-magyar","tag-magyarorszag","tag-mohacsi-hid","tag-sporolas","tag-vitezy-david"],"share_on_mastodon":{"url":"https:\/\/pubeurope.com\/@hu\/117214634736274002","error":""},"_links":{"self":[{"href":"https:\/\/www.europesays.com\/hu\/wp-json\/wp\/v2\/posts\/233185","targetHints":{"allow":["GET"]}}],"collection":[{"href":"https:\/\/www.europesays.com\/hu\/wp-json\/wp\/v2\/posts"}],"about":[{"href":"https:\/\/www.europesays.com\/hu\/wp-json\/wp\/v2\/types\/post"}],"author":[{"embeddable":true,"href":"https:\/\/www.europesays.com\/hu\/wp-json\/wp\/v2\/users\/2"}],"replies":[{"embeddable":true,"href":"https:\/\/www.europesays.com\/hu\/wp-json\/wp\/v2\/comments?post=233185"}],"version-history":[{"count":0,"href":"https:\/\/www.europesays.com\/hu\/wp-json\/wp\/v2\/posts\/233185\/revisions"}],"wp:featuredmedia":[{"embeddable":true,"href":"https:\/\/www.europesays.com\/hu\/wp-json\/wp\/v2\/media\/233186"}],"wp:attachment":[{"href":"https:\/\/www.europesays.com\/hu\/wp-json\/wp\/v2\/media?parent=233185"}],"wp:term":[{"taxonomy":"category","embeddable":true,"href":"https:\/\/www.europesays.com\/hu\/wp-json\/wp\/v2\/categories?post=233185"},{"taxonomy":"post_tag","embeddable":true,"href":"https:\/\/www.europesays.com\/hu\/wp-json\/wp\/v2\/tags?post=233185"}],"curies":[{"name":"wp","href":"https:\/\/api.w.org\/{rel}","templated":true}]}}