{"id":233203,"date":"2026-09-04T20:38:11","date_gmt":"2026-09-04T20:38:11","guid":{"rendered":"https:\/\/www.europesays.com\/hu\/233203\/"},"modified":"2026-09-04T20:38:11","modified_gmt":"2026-09-04T20:38:11","slug":"na-mi-benitotta-meg-a-forgalmat-budapest-belvarosaban-nem-eppen-hetkoznapi-latvany","status":"publish","type":"post","link":"https:\/\/www.europesays.com\/hu\/233203\/","title":{"rendered":"Na mi b\u00e9n\u00edtotta meg a forgalmat Budapest belv\u00e1ros\u00e1ban? Nem \u00e9ppen h\u00e9tk\u00f6znapi l\u00e1tv\u00e1ny"},"content":{"rendered":"<p>Budapest belv\u00e1ros\u00e1ban sok mindenre sz\u00e1m\u00edt az ember: turist\u00e1kra, dug\u00f3ra, taxisokra, villamosra, egy-egy tilosban parkol\u00f3 aut\u00f3ra, <a href=\"https:\/\/www.vezess.hu\/vezetunk\/2023\/02\/23\/a-buntetofekezos-10-legfontosabb-szabalya\/\" target=\"_blank\" rel=\"noopener nofollow\">esetleg n\u00e9h\u00e1ny b\u00fcntet\u0151f\u00e9kez\u0151re<\/a>. Arra viszont m\u00e1r j\u00f3val kev\u00e9sb\u00e9, hogy egyszer csak egy teh\u00e9n jelenik meg az \u00fattesten.<\/p>\n<p>Pedig cs\u00fct\u00f6rt\u00f6k d\u00e9lut\u00e1n pontosan ez t\u00f6rt\u00e9nt a De\u00e1k Ferenc t\u00e9ren. A <a rel=\"nofollow noopener\" href=\"https:\/\/444.hu\/2026\/09\/04\/sokan-kerdeztetek-miert-volt-tehen-a-deak-teren-csutortok-delutan\" target=\"_blank\">444.hu<\/a> besz\u00e1mol\u00f3ja szerint t\u00f6bb olvas\u00f3juk is fot\u00f3kat \u00e9s vide\u00f3kat k\u00e9sz\u00edtett a Budapest k\u00f6zep\u00e9n felt\u0171nt szarvasmarh\u00e1r\u00f3l.<\/p>\n<p><img aria-describedby=\"caption-attachment-2302930\" decoding=\"async\" loading=\"lazy\" class=\"wp-image-2302930 size-full\" alt=\"Na, mi b\u00e9n\u00edtotta meg a forgalmat Budapest belv\u00e1ros\u00e1ban? Nem \u00e9ppen h\u00e9tk\u00f6znapi l\u00e1tv\u00e1ny 1\" width=\"1080\" height=\"608\" src=\"https:\/\/www.europesays.com\/hu\/wp-content\/uploads\/2026\/09\/8o39utwddopwhq9os-700x394.jpeg\" src-mobile=\"https:\/\/www.europesays.com\/hu\/wp-content\/uploads\/2026\/09\/8o39utwddopwhq9os-700x394.jpeg\" title=\"Na, mi b\u00e9n\u00edtotta meg a forgalmat Budapest belv\u00e1ros\u00e1ban? Nem \u00e9ppen h\u00e9tk\u00f6znapi l\u00e1tv\u00e1ny 1\"\/><\/p>\n<p id=\"caption-attachment-2302930\" class=\"wp-caption-text\">Fot\u00f3: 444.hu<\/p>\n<p>Az egyik szemtan\u00fa szerint az \u00e1llat nagyj\u00e1b\u00f3l h\u00fasz percen kereszt\u00fcl akad\u00e1lyozta a k\u00f6zleked\u00e9st, a k\u00f6rny\u00e9ken pedig jelent\u0151sen lelassult, helyenk\u00e9nt meg is \u00e1llt a forgalom.<\/p>\n<p>A helysz\u00ednre v\u00e9g\u00fcl rend\u0151r\u00f6k \u00e9rkeztek. A h\u00edroldal megkereste a rend\u0151rs\u00e9get, hogy kider\u00fclj\u00f6n, m\u00e9gis hogyan ker\u00fclhetett egy teh\u00e9n Budapest egyik legforgalmasabb ter\u00e9re.<\/p>\n<p>A rend\u0151rs\u00e9g t\u00e1j\u00e9koztat\u00e1sa szerint a j\u00e1r\u0151r\u00f6k saj\u00e1t \u00e9szlel\u00e9s alapj\u00e1n kezdtek int\u00e9zkedni az \u00e1llat gazd\u00e1j\u00e1val szemben. A f\u00e9rfi a sz\u00e1ll\u00edt\u00f3j\u00e1rm\u0171 m\u0171szaki hib\u00e1j\u00e1ra hivatkozott, enn\u00e9l pontosabban azonban nem der\u00fclt ki, mi vezetett a szokatlan belv\u00e1rosi jelenethez.<\/p>\n<p>A rend\u0151r\u00f6k szab\u00e1lys\u00e9rt\u00e9si feljelent\u00e9st tettek a gazd\u00e1val szemben \u00e9s vizsg\u00e1latot ind\u00edtottak.<\/p>\n<p><a class=\"mobilbanner\" href=\"https:\/\/www.tixa.hu\/zsts-garage-supercarfest-20261006-vezesshu\" rel=\"nofollow noopener\" target=\"_blank\"><img decoding=\"async\" src=\"https:\/\/www.europesays.com\/hu\/wp-content\/uploads\/2026\/09\/1788554290_279_300x250-supercarfest.jpg\" alt=\"\"\/><\/a>&#13;<br \/>\n<a class=\"desktopbanner\" href=\"https:\/\/www.tixa.hu\/zsts-garage-supercarfest-20261006-vezesshu\" rel=\"nofollow noopener\" target=\"_blank\"><img decoding=\"async\" src=\"https:\/\/www.europesays.com\/hu\/wp-content\/uploads\/2026\/09\/1788554291_367_970x250-copy.jpg\" alt=\"\"\/><\/a>&#13;<\/p>\n","protected":false},"excerpt":{"rendered":"Budapest belv\u00e1ros\u00e1ban sok mindenre sz\u00e1m\u00edt az ember: turist\u00e1kra, dug\u00f3ra, taxisokra, villamosra, egy-egy tilosban parkol\u00f3 aut\u00f3ra, esetleg n\u00e9h\u00e1ny b\u00fcntet\u0151f\u00e9kez\u0151re.&hellip;\n","protected":false},"author":2,"featured_media":233204,"comment_status":"","ping_status":"","sticky":false,"template":"","format":"standard","meta":{"footnotes":"","_share_on_mastodon":"0"},"categories":[22],"tags":[61457,73,21980,37,44,42,40,43,41,28227,3738],"class_list":["post-233203","post","type-post","status-publish","format-standard","has-post-thumbnail","category-budapest","tag-boci","tag-budapest","tag-dugo","tag-hirek","tag-hu","tag-hungarian","tag-hungary","tag-magyar","tag-magyarorszag","tag-tehen","tag-torlodas"],"share_on_mastodon":{"url":"https:\/\/pubeurope.com\/@hu\/117214701943960313","error":""},"_links":{"self":[{"href":"https:\/\/www.europesays.com\/hu\/wp-json\/wp\/v2\/posts\/233203","targetHints":{"allow":["GET"]}}],"collection":[{"href":"https:\/\/www.europesays.com\/hu\/wp-json\/wp\/v2\/posts"}],"about":[{"href":"https:\/\/www.europesays.com\/hu\/wp-json\/wp\/v2\/types\/post"}],"author":[{"embeddable":true,"href":"https:\/\/www.europesays.com\/hu\/wp-json\/wp\/v2\/users\/2"}],"replies":[{"embeddable":true,"href":"https:\/\/www.europesays.com\/hu\/wp-json\/wp\/v2\/comments?post=233203"}],"version-history":[{"count":0,"href":"https:\/\/www.europesays.com\/hu\/wp-json\/wp\/v2\/posts\/233203\/revisions"}],"wp:featuredmedia":[{"embeddable":true,"href":"https:\/\/www.europesays.com\/hu\/wp-json\/wp\/v2\/media\/233204"}],"wp:attachment":[{"href":"https:\/\/www.europesays.com\/hu\/wp-json\/wp\/v2\/media?parent=233203"}],"wp:term":[{"taxonomy":"category","embeddable":true,"href":"https:\/\/www.europesays.com\/hu\/wp-json\/wp\/v2\/categories?post=233203"},{"taxonomy":"post_tag","embeddable":true,"href":"https:\/\/www.europesays.com\/hu\/wp-json\/wp\/v2\/tags?post=233203"}],"curies":[{"name":"wp","href":"https:\/\/api.w.org\/{rel}","templated":true}]}}