{"id":233211,"date":"2026-09-04T20:50:12","date_gmt":"2026-09-04T20:50:12","guid":{"rendered":"https:\/\/www.europesays.com\/hu\/233211\/"},"modified":"2026-09-04T20:50:12","modified_gmt":"2026-09-04T20:50:12","slug":"telex-tiborcz-istvan-otcsillagos-hoteleben-szallasoltak-el-szijjartoek-a-kulugy-vendegeit","status":"publish","type":"post","link":"https:\/\/www.europesays.com\/hu\/233211\/","title":{"rendered":"Telex: Tiborcz Istv\u00e1n \u00f6tcsillagos hotel\u00e9ben sz\u00e1ll\u00e1solt\u00e1k el Szijj\u00e1rt\u00f3\u00e9k a k\u00fcl\u00fcgy vend\u00e9geit"},"content":{"rendered":"<p><a href=\"https:\/\/telex.hu\/szerzo\/madzin-emilia\" class=\"author__avatar\" rel=\"nofollow noopener\" target=\"_blank\"><img decoding=\"async\" src=\"https:\/\/www.europesays.com\/hu\/wp-content\/uploads\/2026\/09\/1788555012_131_1752846975-temp-fAFKLa_avatar@4x.jpg\" alt=\"Madzin Em\u00edlia\" class=\"avatar\" loading=\"lazy\"\/><\/a><\/p>\n<p>\u00c1ll\u00edtsd be a Telexet megb\u00edzhat\u00f3 forr\u00e1snak!<\/p>\n<p>T\u00f6bb alkalommal is a Tiborcz Istv\u00e1n \u00e9rdekelts\u00e9g\u00e9be tartoz\u00f3 Dorothea Hotelben sz\u00e1ll\u00e1solt\u00e1k el a K\u00fclgazdas\u00e1gi \u00e9s K\u00fcl\u00fcgyminiszt\u00e9rium vend\u00e9geit Szijj\u00e1rt\u00f3 P\u00e9ter miniszters\u00e9ge alatt, <a href=\"https:\/\/rtl.hu\/hirado\/2026\/09\/04\/szijjarto-peter-tiborcz-istvan-hotel-kulugy-kozpenz-vendegek\" target=\"_blank\" rel=\"nofollow noopener\">sz\u00e1molt be az RTL H\u00edrad\u00f3.<\/a> Az RTL inform\u00e1ci\u00f3i szerint ezeket a miniszt\u00e9rium fizette.<\/p>\n<p>A Budapest belv\u00e1ros\u00e1ban tal\u00e1lhat\u00f3 hotel a Tiborcz Istv\u00e1n-f\u00e9le BDPST-csoporthoz tartozik. A Dorothea Hotel 2024 tavasz\u00e1n ny\u00edlt meg, az RTL inform\u00e1ci\u00f3i szerint h\u00e1rom h\u00f3nappal k\u00e9s\u0151bb m\u00e1r fogadta is a k\u00fcl\u00fcgy vend\u00e9geit. A hotel els\u0151 k\u00fcl\u00fcgyes vend\u00e9ge Oroszorsz\u00e1g eg\u00e9szs\u00e9g\u00fcgyi minisztere, Mihail Murasko volt, aki 2024 szeptember\u00e9ben t\u00e1rgyalt Szijj\u00e1rt\u00f3 P\u00e9terrel Budapesten. Ezut\u00e1n Afrika egyik legkisebb \u00e1llam\u00e1nak vezet\u0151je, Bissau-Guinea kor\u00e1bbi eln\u00f6ke is a Dorothe\u00e1ban kapott sz\u00e1ll\u00e1st, de itt sz\u00e1llt meg a kolumbiai eln\u00f6k \u00e9s feles\u00e9ge, valamint a t\u00fcrk \u00e1llamok szervezet\u00e9nek f\u0151titk\u00e1ra is. Ut\u00f3bbi elsz\u00e1ll\u00e1sol\u00e1sa t\u00f6bb mint 15 milli\u00f3 forintba ker\u00fclt.<\/p>\n<p>2026-ban a cseh minisztereln\u00f6knek, Andrej Babi\u0161nak is itt foglaltak szob\u00e1t, aki a jobboldali konferenci\u00e1ra, <a href=\"https:\/\/telex.hu\/belfold\/2026\/03\/21\/cpac-hungary-orban-viktor-beszed-valasztas-2026\" class=\"\" rel=\"nofollow noopener\" target=\"_blank\">a CPAC Hungaryre \u00e9rkezett volna Budapestre.<\/a> Az RTL szerint Babi\u0161 sz\u00e1ll\u00e1s\u00e1t is a K\u00fclgazdas\u00e1gi \u00e9s K\u00fcl\u00fcgyminiszt\u00e9rium fedezte volna, pedig a rendezv\u00e9nyt nem a miniszt\u00e9rium, hanem a korm\u00e1nyk\u00f6zeli Alapjogok\u00e9rt K\u00f6zpont szervezte. Babi\u0161 <a href=\"https:\/\/telex.hu\/kulfold\/2026\/03\/20\/andrej-babis-csehorszag-terrortamadas-cpac-budapest\" class=\"\" rel=\"nofollow noopener\" target=\"_blank\">v\u00e9g\u00fcl egy csehorsz\u00e1gi rakt\u00e1rt\u0171z<\/a> miatt nem vett r\u00e9szt a konferenci\u00e1n.<\/p>\n<p>A Dorothea volt az a hotel, ahol az Orb\u00e1n R\u00e1hel-f\u00e9le influenszertrip r\u00e9sztvev\u0151inek egy r\u00e9sze is megsz\u00e1llt. Nemr\u00e9g der\u00fclt ki, hogy a Budapest Influencer Trip projekt <a href=\"https:\/\/telex.hu\/belfold\/2026\/08\/31\/orban-rahel-budapest-influenszer-trip-adatigenyles-koltseg-mtu\" class=\"\" rel=\"nofollow noopener\" target=\"_blank\">teljes k\u00f6lts\u00e9ge nett\u00f3 3,1809 milli\u00e1rd forint volt.<\/a> A hotel \u00e9p\u00fclet\u00e9ben \u00fczemel t\u00f6bbek k\u00f6z\u00f6tt <a href=\"https:\/\/telex.hu\/gazdasag\/2026\/05\/30\/kozel-felmilliardos-veszteseg-orban-rahel-korabbi-uzlete-odu-store-tiborcz-istvan\" class=\"\" rel=\"nofollow noopener\" target=\"_blank\">Orb\u00e1n R\u00e1hel bababoltja, az Odu Store is.<\/a><\/p>\n<p>Az utaz\u00e1sok k\u00f6lts\u00e9geir\u0151l k\u00e9rd\u00e9seket k\u00fcldt\u00fcnk a K\u00fcl\u00fcgyminiszt\u00e9riumnak, amennyiben \u00e9rdemben v\u00e1laszolnak, friss\u00edteni fogjuk a cikket.<\/p>\n<p>Partnereinkt\u0151l<\/p>\n<p>\u00c1ll\u00edtsd be a Telexet megb\u00edzhat\u00f3 forr\u00e1snak!<\/p>\n<p>K\u00f6vess minket Facebookon is!<\/p>\n<p> Tov\u00e1bbi \u00e9l\u0151 \u00e1rfolyamok! <\/p>\n","protected":false},"excerpt":{"rendered":"\u00c1ll\u00edtsd be a Telexet megb\u00edzhat\u00f3 forr\u00e1snak! T\u00f6bb alkalommal is a Tiborcz Istv\u00e1n \u00e9rdekelts\u00e9g\u00e9be tartoz\u00f3 Dorothea Hotelben sz\u00e1ll\u00e1solt\u00e1k el&hellip;\n","protected":false},"author":2,"featured_media":233212,"comment_status":"","ping_status":"","sticky":false,"template":"","format":"standard","meta":{"footnotes":"","_share_on_mastodon":"0"},"categories":[6],"tags":[4182,80,73,15681,35199,44,42,40,7666,43,41,57,3326],"class_list":["post-233211","post","type-post","status-publish","format-standard","has-post-thumbnail","category-magyarorszag","tag-andrej-babis","tag-belfold","tag-budapest","tag-cpac-hungary","tag-dorothea-hotel","tag-hu","tag-hungarian","tag-hungary","tag-kulgazdasagi-es-kulugyminiszterium","tag-magyar","tag-magyarorszag","tag-szijjarto-peter","tag-tiborcz-istvan"],"share_on_mastodon":{"url":"https:\/\/pubeurope.com\/@hu\/117214748885322148","error":""},"_links":{"self":[{"href":"https:\/\/www.europesays.com\/hu\/wp-json\/wp\/v2\/posts\/233211","targetHints":{"allow":["GET"]}}],"collection":[{"href":"https:\/\/www.europesays.com\/hu\/wp-json\/wp\/v2\/posts"}],"about":[{"href":"https:\/\/www.europesays.com\/hu\/wp-json\/wp\/v2\/types\/post"}],"author":[{"embeddable":true,"href":"https:\/\/www.europesays.com\/hu\/wp-json\/wp\/v2\/users\/2"}],"replies":[{"embeddable":true,"href":"https:\/\/www.europesays.com\/hu\/wp-json\/wp\/v2\/comments?post=233211"}],"version-history":[{"count":0,"href":"https:\/\/www.europesays.com\/hu\/wp-json\/wp\/v2\/posts\/233211\/revisions"}],"wp:featuredmedia":[{"embeddable":true,"href":"https:\/\/www.europesays.com\/hu\/wp-json\/wp\/v2\/media\/233212"}],"wp:attachment":[{"href":"https:\/\/www.europesays.com\/hu\/wp-json\/wp\/v2\/media?parent=233211"}],"wp:term":[{"taxonomy":"category","embeddable":true,"href":"https:\/\/www.europesays.com\/hu\/wp-json\/wp\/v2\/categories?post=233211"},{"taxonomy":"post_tag","embeddable":true,"href":"https:\/\/www.europesays.com\/hu\/wp-json\/wp\/v2\/tags?post=233211"}],"curies":[{"name":"wp","href":"https:\/\/api.w.org\/{rel}","templated":true}]}}