{"id":233260,"date":"2026-09-04T21:47:08","date_gmt":"2026-09-04T21:47:08","guid":{"rendered":"https:\/\/www.europesays.com\/hu\/233260\/"},"modified":"2026-09-04T21:47:08","modified_gmt":"2026-09-04T21:47:08","slug":"vallalkozas-magzatkarosito-oldoszer-kerult-a-talajba-az-ivancsai-akkumulatorgyarban","status":"publish","type":"post","link":"https:\/\/www.europesays.com\/hu\/233260\/","title":{"rendered":"V\u00e1llalkoz\u00e1s: Magzatk\u00e1ros\u00edt\u00f3 old\u00f3szer ker\u00fclt a talajba az iv\u00e1ncsai akkumul\u00e1torgy\u00e1rban"},"content":{"rendered":"<p>Az Sk On akkumul\u00e1torgy\u00e1r arr\u00f3l t\u00e1j\u00e9koztatta Iv\u00e1ncsa k\u00f6zs\u00e9g \u00f6nkorm\u00e1nyzat\u00e1t, hogy az \u00fczem bels\u0151 ter\u00fclet\u00e9n tal\u00e1lhat\u00f3 monitoring k\u00fatban NMP (n-metil-2-pirrolidon) szennyez\u00e9st mutatott ki a gy\u00e1r \u00f6nellen\u0151rz\u0151 m\u00e9r\u00e9se \u2013 \u00edrja az MTI.<\/p>\n<p class=\"highlighted\">Az NMP olyan old\u00f3szer, amely a szervezetbe ker\u00fclve fejti ki k\u00e1ros, p\u00e9ld\u00e1ul magzatk\u00e1ros\u00edt\u00f3 hat\u00e1s\u00e1t.<\/p>\n<p>S\u00e1f\u00e1r Gabriella jegyz\u0151 elmondta: a gy\u00e1r cs\u00fct\u00f6rt\u00f6k\u00f6n k\u00f6z\u00f6lte az \u00f6nkorm\u00e1nyzattal, hogy augusztus 28-\u00e1n fedezt\u00e9k fel a szennyez\u00e9st, \u00e9s azonnal \u00e9rtes\u00edtett\u00e9k a hat\u00f3s\u00e1gokat, amelyek a vizsg\u00e1latokat megkezdt\u00e9k. Hozz\u00e1tette: enn\u00e9l t\u00f6bb inform\u00e1ci\u00f3t a vizsg\u00e1latokr\u00f3l nem tudnak, a gy\u00e1r m\u00e9g annyit jelzett fel\u00e9j\u00fck, hogy a szennyez\u0151 forr\u00e1st megsz\u00fcntett\u00e9k, minden olyan folyamatot le\u00e1ll\u00edtottak, amely tov\u00e1bbi szennyez\u00e9st okozhatna.<\/p>\n<p>A jegyz\u0151 besz\u00e1molt arr\u00f3l, hogy Moln\u00e1r Tibor polg\u00e1rmester halad\u00e9ktalanul elrendelte a falu valamennyi utc\u00e1j\u00e1ban egy-egy f\u00fart vagy \u00e1sott k\u00fat viz\u00e9nek bevizsg\u00e1l\u00e1s\u00e1t. A mintav\u00e9telt \u00e9s a vizsg\u00e1latot f\u00fcggetlen, akkredit\u00e1lt c\u00e9gk\u00e9nt a B\u00e1lint Analitika Kft. fogja elv\u00e9gezni, annak teljes k\u00f6lts\u00e9g\u00e9t az \u00f6nkorm\u00e1nyzat fizeti.<\/p>\n<p>\u201eA gyorsas\u00e1g \u00e9s a helybeli lakosok eg\u00e9szs\u00e9ge fontosabb, mint a p\u00e9nz\u201d \u2013 jegyezte meg a jegyz\u0151, aki azt is elmondta, hogy a v\u00edzmint\u00e1k vizsg\u00e1lat\u00e1t, f\u00fcggetlen\u00fcl a j\u00f6v\u0151 heti m\u00e9r\u00e9sek eredm\u00e9ny\u00e9t\u0151l, meg fogj\u00e1k ism\u00e9telni egy h\u00f3napon bel\u00fcl.<\/p>\n<p>A k\u00f6z\u00f6ss\u00e9gi oldalon tal\u00e1lhat\u00f3 bejegyz\u00e9s szerint az akkumul\u00e1torgy\u00e1r folyamatos t\u00e1j\u00e9koztat\u00e1st \u00edg\u00e9rt az \u00f6nkorm\u00e1nyzatnak a kialakult helyzettel kapcsolatban, a telep\u00fcl\u00e9svezet\u0151 ugyanakkor a k\u00f6rnyezetv\u00e9delmi hat\u00f3s\u00e1gt\u00f3l is k\u00e9rt inform\u00e1ci\u00f3kat a vizsg\u00e1lat eredm\u00e9ny\u00e9r\u0151l. Mint \u00edrt\u00e1k, a vezet\u00e9kes iv\u00f3v\u00edz Ercsi fel\u0151l \u00e9rkezik cs\u0151vezet\u00e9ken, azzal nem lehet probl\u00e9ma.<\/p>\n<p>P\u00e9ntek d\u00e9lut\u00e1n az SK On Hungary azt k\u00f6z\u00f6lte, hogy meghozt\u00e1k a sz\u00fcks\u00e9ges\u00a0\u00f3vint\u00e9zked\u00e9seket, t\u00f6bbek k\u00f6z\u00f6tt a vonatkoz\u00f3 berendez\u00e9sek \u00fczemeltet\u00e9s\u00e9nek felf\u00fcggeszt\u00e9s\u00e9t. \u201eTeljes m\u00e9rt\u00e9kben egy\u00fcttm\u0171k\u00f6d\u00fcnk az illet\u00e9kes hat\u00f3s\u00e1gok vizsg\u00e1lat\u00e1ban \u00e9s az esetleges tov\u00e1bbi int\u00e9zked\u00e9sekben\u201d \u2013 \u00edrt\u00e1k.<\/p>\n<p>P\u00e1r hete az akkumul\u00e1torgy\u00e1r sz\u00e1zmilli\u00f3s b\u00fcntet\u00e9st kapott. A munkav\u00e9delmi hat\u00f3s\u00e1g az\u00e9rt szabta ki a b\u00edrs\u00e1got, mert \u201e65 munkav\u00e1llal\u00f3 eg\u00e9szs\u00e9g\u00e9t \u00e9s testi \u00e9ps\u00e9g\u00e9t s\u00falyosan \u00e9s k\u00f6zvetlen\u00fcl vesz\u00e9lyeztett\u00e9k az SK On Hungary iv\u00e1ncsai \u00fczem\u00e9ben\u201d.<\/p>\n<p> <a href=\"https:\/\/hvg.hu\/kkv\/20260819_ivancsai-akkumulatorgyar-100-millio-forintos-birsag\" target=\"_self\" rel=\"nofollow noopener\"> <\/p>\n<p>https:\/\/hvg.hu\/kkv\/20260819_ivancsai-akkumulatorgyar-100-millio-forintos-birsag<\/p>\n<p>Nagy Ervin kult\u00far\u00e1\u00e9rt felel\u0151s \u00e1llamtitk\u00e1r, illetve a k\u00f6rzet orsz\u00e1ggy\u0171l\u00e9si k\u00e9pvisel\u0151je \u00edrt arr\u00f3l 16 napja, hogy a gy\u00e1rban 2024 augusztusa \u00f3ta nem v\u00e9gezt\u00e9k el az el\u0151\u00edrt munkahelyi leveg\u0151szennyezetts\u00e9g-m\u00e9r\u00e9st az \u00f6sszeszerel\u0151 \u00fczemr\u00e9szben (Assembly), ezen utols\u00f3 m\u00e9r\u00e9sn\u00e9l r\u00e1ad\u00e1sul t\u00f6bb munkav\u00e1llal\u00f3n\u00e1l a nikkel koncentr\u00e1ci\u00f3ja jelent\u0151sen meghaladta a hat\u00e1r\u00e9rt\u00e9ket. Emellett nem biztos\u00edtott\u00e1k a megfelel\u0151 v\u00e9d\u0151eszk\u00f6z\u00f6ket sem: a vesz\u00e9lyes kever\u00e9kek kezel\u00e9se sor\u00e1n P3-as l\u00e9gz\u00e9sv\u00e9d\u0151 \u00e9s vegyi hat\u00e1sok ellen megfelel\u0151 v\u00e9d\u0151keszty\u0171 lett volna sz\u00fcks\u00e9ges, ehhez k\u00e9pest FFP2 szint\u0171 maszkot \u00e9s latexkeszty\u0171t \u00edrtak el\u0151 a dolgoz\u00f3knak.<\/p>\n<p>Az iv\u00e1ncsai gy\u00e1r kor\u00e1bban t\u00f6bbsz\u00f6r is azzal ker\u00fclt be a h\u00edrekbe, hogy a dolgoz\u00f3knak orvoshoz kellett menni\u00fck, p\u00e9ld\u00e1ul 2023-ban t\u00f6bben rosszul lettek,\u00a0miut\u00e1n <a href=\"https:\/\/hvg.hu\/gazdasag\/20230607_Ivancsa_akkumulatorgyar_munkasok_rosszulletek\" target=\"_self\" rel=\"nofollow noopener\">ismeretlen anyag ker\u00fclt a leveg\u0151be<\/a>. Az anyagot bel\u00e9legz\u0151 munk\u00e1sok h\u00e1nytak, hasmen\u00e9s\u00fck volt, t\u00f6bbeknek ki\u00fct\u00e9s\u00fck is lett. Legut\u00f3bb pedig id\u00e9n \u00e1prilis v\u00e9g\u00e9n \u00edrtunk arr\u00f3l, hogy <a href=\"https:\/\/hvg.hu\/itthon\/20260422_nagy-ervin-hetfo-este-tuz-utott-ki-az-ivancsai-akkumulatorgyarban\" target=\"_self\" rel=\"nofollow noopener\">t\u0171z \u00fct\u00f6tt ki a gy\u00e1r ter\u00fclet\u00e9n<\/a>, ami ut\u00e1n t\u00f6bb dolgoz\u00f3 f\u00fcstm\u00e9rgez\u00e9s gyan\u00faj\u00e1val ker\u00fclt k\u00f3rh\u00e1zba, a c\u00e9g pedig bels\u0151 vizsg\u00e1latot ind\u00edtott.<\/p>\n<p>Nyit\u00f3k\u00e9p\u00fcnk\u00f6n az Sk On iv\u00e1ncsai \u00fczeme. Fot\u00f3: Vaszk\u00f3 Ang\u00e9la<\/p>\n","protected":false},"excerpt":{"rendered":"Az Sk On akkumul\u00e1torgy\u00e1r arr\u00f3l t\u00e1j\u00e9koztatta Iv\u00e1ncsa k\u00f6zs\u00e9g \u00f6nkorm\u00e1nyzat\u00e1t, hogy az \u00fczem bels\u0151 ter\u00fclet\u00e9n tal\u00e1lhat\u00f3 monitoring k\u00fatban NMP&hellip;\n","protected":false},"author":2,"featured_media":233261,"comment_status":"","ping_status":"","sticky":false,"template":"","format":"standard","meta":{"footnotes":"","_share_on_mastodon":"0"},"categories":[6],"tags":[63,44,42,40,12617,43,41,4702,5066,26773,4700],"class_list":["post-233260","post","type-post","status-publish","format-standard","has-post-thumbnail","category-magyarorszag","tag-gazdasag","tag-hu","tag-hungarian","tag-hungary","tag-ivancsa","tag-magyar","tag-magyarorszag","tag-nmp","tag-oldoszer","tag-sk-on","tag-szennyezes"],"share_on_mastodon":{"url":"https:\/\/pubeurope.com\/@hu\/117214973120080232","error":""},"_links":{"self":[{"href":"https:\/\/www.europesays.com\/hu\/wp-json\/wp\/v2\/posts\/233260","targetHints":{"allow":["GET"]}}],"collection":[{"href":"https:\/\/www.europesays.com\/hu\/wp-json\/wp\/v2\/posts"}],"about":[{"href":"https:\/\/www.europesays.com\/hu\/wp-json\/wp\/v2\/types\/post"}],"author":[{"embeddable":true,"href":"https:\/\/www.europesays.com\/hu\/wp-json\/wp\/v2\/users\/2"}],"replies":[{"embeddable":true,"href":"https:\/\/www.europesays.com\/hu\/wp-json\/wp\/v2\/comments?post=233260"}],"version-history":[{"count":0,"href":"https:\/\/www.europesays.com\/hu\/wp-json\/wp\/v2\/posts\/233260\/revisions"}],"wp:featuredmedia":[{"embeddable":true,"href":"https:\/\/www.europesays.com\/hu\/wp-json\/wp\/v2\/media\/233261"}],"wp:attachment":[{"href":"https:\/\/www.europesays.com\/hu\/wp-json\/wp\/v2\/media?parent=233260"}],"wp:term":[{"taxonomy":"category","embeddable":true,"href":"https:\/\/www.europesays.com\/hu\/wp-json\/wp\/v2\/categories?post=233260"},{"taxonomy":"post_tag","embeddable":true,"href":"https:\/\/www.europesays.com\/hu\/wp-json\/wp\/v2\/tags?post=233260"}],"curies":[{"name":"wp","href":"https:\/\/api.w.org\/{rel}","templated":true}]}}