{"id":233294,"date":"2026-09-04T22:24:12","date_gmt":"2026-09-04T22:24:12","guid":{"rendered":"https:\/\/www.europesays.com\/hu\/233294\/"},"modified":"2026-09-04T22:24:12","modified_gmt":"2026-09-04T22:24:12","slug":"egyszerre-szallt-bele-szoboszlaiba-es-kerkezbe-az-mu-legendaja-meg-a-labdahoz-sincs-igazan-erzekuk","status":"publish","type":"post","link":"https:\/\/www.europesays.com\/hu\/233294\/","title":{"rendered":"Egyszerre sz\u00e1llt bele Szoboszlaiba \u00e9s Kerkezbe az MU legend\u00e1ja: &#8222;M\u00e9g a labd\u00e1hoz sincs igaz\u00e1n \u00e9rz\u00e9k\u00fck&#8221;"},"content":{"rendered":"<p>                    <a href=\"https:\/\/news.google.com\/publications\/CAAqJQgKIh9DQklTRVFnTWFnMEtDMk56WVd0bWIyTnBMbWgxS0FBUAE\" target=\"_blank\" class=\"google-news\" rel=\"nofollow noopener\">A legfrissebb h\u00edrek\u00e9rt k\u00f6vess minket a Csakfoci Google News oldal\u00e1n is!<\/a><\/p>\n<p>Mint ismeretes, a Liverpool k\u00e9t els\u0151 bajnokij\u00e1t 2-2-vel z\u00e1rta, el\u0151bb a Newcastle United, majd a Nottingham Forest ellen. A Poolnak a helyzetek kialak\u00edt\u00e1s\u00e1val egyik m\u00e9rk\u0151z\u00e9sen sem akadt k\u00fcl\u00f6n\u00f6sebb probl\u00e9m\u00e1ja, v\u00e9dekez\u00e9sben azonban sebezhet\u0151nek t\u0171nt. A kritik\u00e1k keresztt\u00fcz\u00e9be els\u0151sorban a k\u00e9t sz\u00e9ls\u0151h\u00e1tv\u00e9d, Jeremie Frimpong \u00e9s Kerkez Milos ker\u00fclt.<\/p>\n<p>A Manchester United egykori legend\u00e1s k\u00f6z\u00e9pp\u00e1ly\u00e1sa, az \u00edr Roy Keane ugyan elismerte, hogy Frimpong \u00e9s Kerkez is r\u00e9sze a probl\u00e9m\u00e1nak, ugyanakkor Alissont, valamint Alexis Mac Allistert, Szoboszlai Dominikot \u00e9s Ryan Gravenberchet is kiemelte. Szerinte a k\u00f6z\u00e9pp\u00e1ly\u00e1soknak \u00e9s a csapat t\u00f6bbi tagj\u00e1nak nagyobb seg\u00edts\u00e9get kellene ny\u00fajtania a sz\u00e9ls\u0151h\u00e1tv\u00e9deknek.<\/p>\n<p>Keane a &#8222;The Overlap&#8221; c. futballpodcast legut\u00f3bbi ad\u00e1s\u00e1ban \u00edgy fogalmazott:<\/p>\n<p>Nem is tudom, hol kezdjem vagy hol fejezzem be a Liverpoollal kapcsolatban&#8230; Ha megn\u00e9zem a Liverpool k\u00e9t sz\u00e9ls\u0151h\u00e1tv\u00e9dj\u00e9t&#8230; \u00c9n a futball alapjair\u00f3l besz\u00e9lek. Arr\u00f3l, ahogy fejelni kellene a labd\u00e1t, vagy olyan labd\u00e1k\u00e9rt pr\u00f3b\u00e1lnak megindulni, amelyeket egyszer\u0171en nem tudnak megszerezni. M\u00e9g a labd\u00e1hoz sincs igaz\u00e1n \u00e9rz\u00e9k\u00fck, csak beemelgetik a v\u00e9d\u0151k m\u00f6g\u00e9, vagy k\u00e9nyszer\u00edt\u0151znek. Trentet (Trent Alexander-Arnold &#8211; a szerk.) rengeteget kritiz\u00e1ltuk, de legal\u00e1bb \u0151 tudott passzolni, hossz\u00fa labd\u00e1kat adni \u00e9s oldalv\u00e1lt\u00e1sokkal oper\u00e1lni.<\/p>\n<p>Az Arsenalt dics\u00e9rj\u00fck, besz\u00e9lt\u00fcnk a t\u00e1mad\u00f3j\u00e1t\u00e9kukr\u00f3l&#8230; de n\u00e9zz\u00fck meg, mi t\u00f6rt\u00e9nik n\u00e1luk, amikor elvesz\u00edtik a labd\u00e1t. Apr\u00f3 r\u00e9szletekr\u0151l van sz\u00f3 \u2013 mindenki beh\u00faz\u00f3dik \u00e9s seg\u00edt a m\u00e1siknak. Csapatk\u00e9nt t\u00e1madsz, csapatk\u00e9nt v\u00e9dekezel. A Liverpooln\u00e1l ez egy\u00e1ltal\u00e1n nincs \u00edgy. N\u00e9gy kapott g\u00f3l k\u00e9t m\u00e9rk\u0151z\u00e9sen \u2013 ezek nem j\u00f3 jelek. Mindez csak a sz\u00e9ls\u0151h\u00e1tv\u00e9dek miatt van? Hogy igazs\u00e1gosak legy\u00fcnk, val\u00f3sz\u00edn\u0171leg nem. Az eg\u00e9sz csapat sz\u00e9tesett teljesen. V\u00e9dekez\u00e9sben sz\u00fcks\u00e9ged van egy kis seg\u00edts\u00e9gre. \u0150k pedig nem kapj\u00e1k meg ezt a seg\u00edts\u00e9get a k\u00f6z\u00e9pp\u00e1ly\u00e1saikt\u00f3l, senkit\u0151l el\u0151tt\u00fck, senkit\u0151l m\u00f6g\u00f6tt\u00fck, s\u0151t m\u00e9g a kapusukt\u00f3l sem &#8211; fogalmazott az egykori pokr\u00f3ckem\u00e9ny j\u00e1t\u00e9kos.<\/p>\n<p><a href=\"https:\/\/www.csakfoci.hu\/kulfoldi-foci\/dontott-szoboszlai-uj-posztjarol-a-liverpool-edzoje-ott-is-tud-jatszani\" class=\"embed-article\" rel=\"nofollow noopener\" target=\"_blank\"><\/p>\n<p>Olvastad m\u00e1r?<\/p>\n<p>            <img loading=\"lazy\" decoding=\"async\" class=\"lazy-img\" src=\"https:\/\/www.europesays.com\/hu\/wp-content\/uploads\/2026\/09\/1788560652_567_szoboszlai_iraola-768x432.jpg\" width=\"768\" height=\"432\" alt=\"\"\/><\/p>\n<p>D\u00f6nt\u00f6tt Szoboszlai \u00faj posztj\u00e1r\u00f3l a Liverpool edz\u0151je: &#8222;Ott is tud j\u00e1tszani&#8221;<\/p>\n<p>Andoni Iraola, a Liverpool vezet\u0151edz\u0151je szerint Szoboszlai Dominik jobbh\u00e1tv\u00e9dk\u00e9nt is bevethet\u0151, amire Conor Bradley hi\u00e1nya miatt sz\u00fcks\u00e9g is lehet. A magyar v\u00e1logatott j\u00e1t\u00e9kos sokoldal\u00fas\u00e1g\u00e1t k\u00fcl\u00f6n is kiemelte a p\u00e9nteki, Ipswich Town elleni bajnoki el\u0151tt.<\/p>\n<p>Elolvasom<\/p>\n<p><\/a><\/p>\n","protected":false},"excerpt":{"rendered":"A legfrissebb h\u00edrek\u00e9rt k\u00f6vess minket a Csakfoci Google News oldal\u00e1n is! Mint ismeretes, a Liverpool k\u00e9t els\u0151 bajnokij\u00e1t&hellip;\n","protected":false},"author":2,"featured_media":233295,"comment_status":"","ping_status":"","sticky":false,"template":"","format":"standard","meta":{"footnotes":"","_share_on_mastodon":"0"},"categories":[14],"tags":[4539,44,42,40,3138,3209,1028,43,41,61464,45,131,1811],"class_list":["post-233294","post","type-post","status-publish","format-standard","has-post-thumbnail","category-sport","tag-angol-foci","tag-hu","tag-hungarian","tag-hungary","tag-kerkez-milos","tag-legiosok","tag-liverpool","tag-magyar","tag-magyarorszag","tag-roy-keane","tag-sport","tag-sports","tag-szoboszlai-dominik"],"share_on_mastodon":{"url":"https:\/\/pubeurope.com\/@hu\/117215118437386157","error":""},"_links":{"self":[{"href":"https:\/\/www.europesays.com\/hu\/wp-json\/wp\/v2\/posts\/233294","targetHints":{"allow":["GET"]}}],"collection":[{"href":"https:\/\/www.europesays.com\/hu\/wp-json\/wp\/v2\/posts"}],"about":[{"href":"https:\/\/www.europesays.com\/hu\/wp-json\/wp\/v2\/types\/post"}],"author":[{"embeddable":true,"href":"https:\/\/www.europesays.com\/hu\/wp-json\/wp\/v2\/users\/2"}],"replies":[{"embeddable":true,"href":"https:\/\/www.europesays.com\/hu\/wp-json\/wp\/v2\/comments?post=233294"}],"version-history":[{"count":0,"href":"https:\/\/www.europesays.com\/hu\/wp-json\/wp\/v2\/posts\/233294\/revisions"}],"wp:featuredmedia":[{"embeddable":true,"href":"https:\/\/www.europesays.com\/hu\/wp-json\/wp\/v2\/media\/233295"}],"wp:attachment":[{"href":"https:\/\/www.europesays.com\/hu\/wp-json\/wp\/v2\/media?parent=233294"}],"wp:term":[{"taxonomy":"category","embeddable":true,"href":"https:\/\/www.europesays.com\/hu\/wp-json\/wp\/v2\/categories?post=233294"},{"taxonomy":"post_tag","embeddable":true,"href":"https:\/\/www.europesays.com\/hu\/wp-json\/wp\/v2\/tags?post=233294"}],"curies":[{"name":"wp","href":"https:\/\/api.w.org\/{rel}","templated":true}]}}