{"id":233298,"date":"2026-09-04T22:28:15","date_gmt":"2026-09-04T22:28:15","guid":{"rendered":"https:\/\/www.europesays.com\/hu\/233298\/"},"modified":"2026-09-04T22:28:15","modified_gmt":"2026-09-04T22:28:15","slug":"telex-elvezik-a-pihenest-a-haditengereszek-mikozben-a-vilag-a-rozsdamarta-repulogep-hordozojukon-huledezik","status":"publish","type":"post","link":"https:\/\/www.europesays.com\/hu\/233298\/","title":{"rendered":"Telex: \u00c9lvezik a pihen\u00e9st a haditenger\u00e9szek, mik\u00f6zben a vil\u00e1g a rozsdamarta rep\u00fcl\u0151g\u00e9p-hordoz\u00f3jukon h\u00fcledezik"},"content":{"rendered":"<p>Az amerikai haditenger\u00e9szet USS Abraham Lincoln rep\u00fcl\u0151g\u00e9p-hordoz\u00f3ja 286 napot t\u00f6lt\u00f6tt egyhuzamban a tengeren, mindezt eddig a h\u00e9tig mind\u00f6ssze k\u00e9t nap kik\u00f6t\u00e9ssel. A k\u00fclvil\u00e1gt\u00f3l elszak\u00edtott haditenger\u00e9szeket nagyon megviselte az elm\u00falt kilenc \u00e9s f\u00e9l h\u00f3nap. Az viszont meglepet\u00e9sk\u00e9nt \u00e9rte a vil\u00e1got, hogy a tekint\u00e9lyes m\u00e9ret\u0171 hadihaj\u00f3t is cs\u00fany\u00e1n megviselte ez az elh\u00faz\u00f3d\u00f3 k\u00fcldet\u00e9s.<\/p>\n<p>A 335 m\u00e9teres hordoz\u00f3 tavaly novemberben hagyta el San Diego kik\u00f6t\u0151j\u00e9t, j\u00e1rt Venezuel\u00e1n\u00e1l, majd az ir\u00e1ni h\u00e1bor\u00fa sor\u00e1n h\u00f3napokon kereszt\u00fcl k\u00fcl\u00f6nb\u00f6z\u0151 m\u0171veletekben vett r\u00e9szt a K\u00f6zel-Keleten. A Thaif\u00f6ldn\u00e9l most r\u00f6vid pihen\u0151t tart\u00f3, tet\u0151t\u0151l talpig rozsdamarta haj\u00f3 laikus szemmel els\u0151re jobban hasonl\u00edt egy m\u00fazeumi darabra, mint a vil\u00e1g leger\u0151sebb hadsereg\u00e9nek egyik strat\u00e9giai fontoss\u00e1g\u00fa csap\u00e1sm\u00e9r\u0151 eszk\u00f6z\u00e9re.<\/p>\n<p>Most a K\u00f6zel-Keletr\u0151l az Egyes\u00fclt \u00c1llamok fel\u00e9 f\u00e9l\u00faton olyan helyen k\u00f6t\u00f6ttek ki, ami m\u00e1r nem ismeretlen az amerikai hadseregnek. De mit keres egy nem \u00e9ppen Ir\u00e1n szomsz\u00e9dj\u00e1ban fekv\u0151 thai telep\u00fcl\u00e9sen az \u00f6tezer f\u0151s szem\u00e9lyzet? \u00c9s norm\u00e1lis az, hogy egy ekkora haj\u00f3 ennyire legaty\u00e1sodik a k\u00fcldet\u00e9se alatt?<\/p>\n<p>Kilenc \u00e9s f\u00e9l nagyon hossz\u00fa h\u00f3nap a tengeren<\/p>\n<p>A Lincoln leg\u00e9nys\u00e9ge tavaly novemberben abban a tudatban hagyta el San Dieg\u00f3t, hogy egy hat h\u00f3napos csendes-\u00f3ce\u00e1ni, illetve egy d\u00e9l-k\u00ednai-tengeri k\u00fcldet\u00e9sre mennek. A rep\u00fcl\u0151g\u00e9p-hordoz\u00f3t v\u00e9g\u00fcl azonban a Perzsa-\u00f6b\u00f6lbe k\u00fcldt\u00e9k, mert mint kider\u00fclt: az Egyes\u00fclt \u00c1llamok \u00e9s Izrael febru\u00e1r v\u00e9g\u00e9n h\u00e1bor\u00fat ind\u00edtott Ir\u00e1n ellen. Ez a h\u00e1bor\u00fa kisebb megszak\u00edt\u00e1sokkal, k\u00fcl\u00f6nb\u00f6z\u0151 intenzit\u00e1s\u00fa harcokkal, de m\u00e1ig tart, \u00edgy a hadihaj\u00f3 is k\u00e9nytelen volt a t\u00e9rs\u00e9gben maradni.<\/p>\n<p>Az ut\u00f3bbi id\u0151ben Amerik\u00e1ban t\u00f6bb kongresszusi k\u00e9pvisel\u0151 is aggodalm\u00e1t fejezte ki, arr\u00f3l sz\u00e1moltak be, hogy aggaszt\u00f3 h\u00edrek \u00e9rkeznek a haj\u00f3 fed\u00e9lzet\u00e9r\u0151l. A kialakult helyzet egyeseknek komoly lelki terhet jelent, r\u00e1ad\u00e1sul egyes besz\u00e1mol\u00f3k szerint a tenger\u00e9szek ell\u00e1t\u00e1sa is pocs\u00e9k, rettenetesek az \u00e9letk\u00f6r\u00fclm\u00e9nyek, \u00e9s a koszt is. Csal\u00e1dtagok szerint egyre t\u00f6bb haditenger\u00e9sznek voltak \u00f6nmag\u00e1ra k\u00e1ros gondolatai, valamint \u00fagy \u00e9rzik, hogy megt\u00f6rt a bizalom a haditenger\u00e9szet \u00e9s a katonai vezet\u00e9s k\u00f6z\u00f6tt. A helyzet od\u00e1ig fajult, hogy t\u00f6bben is megpr\u00f3b\u00e1ltak leugrani a haj\u00f3r\u00f3l.<\/p>\n<p>Mindek\u00f6zben az Egyes\u00fclt \u00c1llamok v\u00e9delmi miniszt\u00e9riuma tagadta, hogy megszaporodtak volna az \u00f6ngyilkoss\u00e1gi k\u00eds\u00e9rletek, vagy hogy v\u00e1ls\u00e1ghelyzet \u00e1llt volna el\u0151. Pete Hegseth v\u00e9delmi miniszter <a href=\"https:\/\/www.bbc.com\/news\/articles\/cyvl2d5j52lo\" target=\"_blank\" rel=\"nofollow noopener\">szerint<\/a> \u201eteljesen f\u00e9lremagyar\u00e1zt\u00e1k\u201d a val\u00f3s \u00e1llapotokat a lapokban megjelent besz\u00e1mol\u00f3kban. Donald Trump amerikai eln\u00f6k <a href=\"https:\/\/telex.hu\/kulfold\/2026\/08\/15\/hormuzi-szoros-donald-trump-uss-abraham-lincoln-hadihajo-haditengereszet-egyesult-allamok\" class=\"\" rel=\"nofollow noopener\" target=\"_blank\">elhessegette azokat a h\u00edreket<\/a>, hogy csal\u00e1dok panaszkodtak volna a bevet\u00e9s hossza miatt, szerinte rekordhossz\u00fa tengeri szolg\u00e1lat k\u00f6zel sem el\u00e9g hossz\u00fa. B\u00e1r elismerte, hogy az amerikai hadsereget \u201ekicsit t\u00f6bbet\u201d vette ig\u00e9nybe, mint szerette volna.<\/p>\n<p>Az\u00e9rt jelezte, hogy <a href=\"https:\/\/www.reuters.com\/world\/us\/trump-urges-americans-accept-higher-gas-prices-he-escalates-iran-rhetoric-2026-08-14\/\" target=\"_blank\" rel=\"nofollow noopener\">a haj\u00f3 a k\u00f6zelj\u00f6v\u0151ben el fog indulni<\/a>, \u00e9s hely\u00e9re egy m\u00e1sik, nagyon hasonl\u00f3 \u00e9rkezik majd a k\u00f6zel-keleti t\u00e9rs\u00e9gbe. Szeptember elej\u00e9n ki is der\u00fclt, hogy a Lincoln m\u00e1r Thaif\u00f6ldh\u00f6z k\u00f6zeledik, \u00e9s <a href=\"https:\/\/telex.hu\/kulfold\/2026\/09\/01\/egy-thaifoldi-udulohelyen-szallnak-meg-egy-ejszakara-a-270-napja-hajozo-amerikai-haditengereszek\" class=\"\" rel=\"nofollow noopener\" target=\"_blank\">ki fog k\u00f6tni Pattaj\u00e1ban<\/a>. A USS Abraham Lincolnon a kik\u00f6t\u00e9s el\u0151tt kialakult neh\u00e9z helyzetet <a href=\"https:\/\/telex.hu\/kulfold\/2026\/08\/16\/uss-abraham-lincoln-hadihajo-kikotes-szarazfold-bevetes-mentalis-egeszseg-tengereszet-vizsgalat\" class=\"\" rel=\"nofollow noopener\" target=\"_blank\">ebben a cikk\u00fcnkben mutattuk be<\/a>.<\/p>\n<p>Nemcsak a tenger\u00e9szeket viselte meg a szokatlanul hossz\u00fa k\u00fcldet\u00e9s<\/p>\n<p>Ahogy a sz\u00e1razf\u00f6ldh\u00f6z k\u00f6zel haj\u00f3zott az amerikaiak hatalmas rep\u00fcl\u0151g\u00e9p-hordoz\u00f3ja, nyilv\u00e1nval\u00f3v\u00e1 v\u00e1lt, hogy a hossz\u00fa k\u00fcldet\u00e9s a haj\u00f3testen is komoly nyomokat hagyott. A rozsdafoltok nem itt-ott, hanem a haj\u00f3 orr\u00e1t\u00f3l a tatig, szinte mindenhol megjelentek. B\u00e1r szokatlannak t\u0171nhet, hogy egy ilyen monstrumot \u00edgy megvisel kilenc h\u00f3nap, <a href=\"https:\/\/edition.cnn.com\/2026\/09\/03\/asia\/aircraft-carrier-abraham-lincoln-rust-intl-hnk-ml\" target=\"_blank\" rel=\"nofollow noopener\">a CNN-nek<\/a> megsz\u00f3lal\u00f3<\/p>\n<p>szak\u00e9rt\u0151k szerint ebben nincs semmi k\u00fcl\u00f6n\u00f6s, a foltok nem felt\u00e9tlen\u00fcl jelentik, hogy a rep\u00fcl\u0151g\u00e9p-hordoz\u00f3 harci k\u00e9pess\u00e9gei cs\u00f6kkentek volna.<\/p>\n<p>K\u00f6zel 300 nap az otthoni kik\u00f6t\u0151t\u0151l t\u00e1vol nem mondhat\u00f3 szokv\u00e1nyosnak, k\u00fcl\u00f6n\u00f6sen, hogy a haj\u00f3 r\u00e9szt vett rengeteg hadi \u00e9s blok\u00e1dm\u0171veletben is a K\u00f6zel-Keleten. \u201eA v\u00edzvonal k\u00f6rny\u00e9k\u00e9n megjelen\u0151 rozsda nem rendellenes egy olyan haj\u00f3n\u00e1l, ami 60 vagy t\u00f6bb napot t\u00f6lt\u00f6tt folytonos szolg\u00e1latban a ny\u00edlt v\u00edzen\u201d \u2013 mondta Carl Schuster, a haditenger\u00e9szet nyugalmazott kapit\u00e1nya a CNN-nek. \u0150 h\u00e1rom hosszabb szolg\u00e1latot is teljes\u00edtett a Lincolnhoz hasonl\u00f3 rep\u00fcl\u0151g\u00e9p-hordoz\u00f3kon. A rozsd\u00e1sod\u00e1st a ny\u00edlt v\u00edzen nem tudj\u00e1k kezelni, akkor meg f\u0151leg nem, ha akt\u00edv harci m\u0171veletek is zajlanak, magyar\u00e1zta.<\/p>\n<p>A kor\u00e1bbi kapit\u00e1ny szerint a rozsd\u00e1s r\u00e9szekhez a v\u00edzszintig munk\u00e1sokat engednek le, akik el\u0151sz\u00f6r lecsiszolj\u00e1k a rozsd\u00e1t. Ezek ut\u00e1n k\u00e9t r\u00e9teg rozsdag\u00e1tl\u00f3 alapoz\u00f3val, majd \u00fajabb k\u00e9t r\u00e9teg sz\u00fcrke fest\u00e9kkel l\u00e1tj\u00e1k el a fel\u00fcletet. \u201eEls\u0151k\u00e9nt az orr-r\u00e9szen \u00e9s a haj\u00f3test el\u00fcls\u0151 szakasz\u00e1n tal\u00e1lhat\u00f3 rozsd\u00e1t kezelik, mivel ezek a r\u00e9szek vannak kit\u00e9ve a legnagyobb ig\u00e9nybev\u00e9telnek menet k\u00f6zben. Ezeket \u00e9ri legink\u00e1bb a s\u00f3s v\u00edz, k\u00fcl\u00f6n\u00f6sen a hull\u00e1mz\u00f3 tenger okozta korroz\u00edv hat\u00e1sok\u201d \u2013 mondta. A fels\u0151bb szinteken tal\u00e1lhat\u00f3 rozsda menet k\u00f6zben is kezelhet\u0151, de a v\u00edzvonal menti jav\u00edt\u00e1sokhoz a haj\u00f3nak mozdulatlannak kell lennie.<\/p>\n<p>Carl Schuster szerint n\u00e9h\u00e1ny kritikus fontoss\u00e1g\u00fa ponton kisebb munk\u00e1latokat m\u00e1r a thaif\u00f6ldi pihen\u0151 alatt is meg tudnak csin\u00e1lni. Ugyanakkor a mostani \u00e1llapotok alapj\u00e1n \u00f6sszess\u00e9g\u00e9ben egy k\u00f6r\u00fclbel\u00fcl 30 napos \u00e1llagmeg\u00f3v\u00e1si munk\u00e1ra lehet sz\u00fcks\u00e9g ahhoz, hogy a sok rozsd\u00e1s folt mind elt\u0171nj\u00f6n.<\/p>\n<p>\u201eT\u00fcntess\u00e9tek el azt a rohadt rozsd\u00e1t!\u201d<\/p>\n<p>Hi\u00e1ba norm\u00e1lis egy haj\u00f3 rozsd\u00e1sod\u00e1sa, m\u00e9gis olyan jelens\u00e9gr\u0151l van sz\u00f3, amit nem lehet figyelmen k\u00edv\u00fcl hagyni. A rozsda gyakorlatilag fert\u0151z\u0151 betegs\u00e9gk\u00e9nt terjed, min\u00e9l k\u00e9s\u0151bb \u00e1llj\u00e1k \u00fatj\u00e1t, ann\u00e1l nagyobb probl\u00e9m\u00e1t tud okozni a haj\u00f3testen. A sok rozsda ugyanis id\u0151vel meggyeng\u00edti a hatalmas haj\u00f3 ac\u00e9lszerkezet\u00e9t. Sz\u00e9ls\u0151s\u00e9ges esetben a rozsd\u00e1sod\u00e1snak v\u00e9gzetes k\u00f6vetkezm\u00e9nyei is lehetnek.<\/p>\n<p><img decoding=\"async\" src=\"https:\/\/www.europesays.com\/hu\/wp-content\/uploads\/2026\/09\/1788532137-temp-r9v7bh58qchi8addhhn_cikktorzs:xl.jpg\"  loading=\"lazy\" alt=\"Fot\u00f3: Chalinee Thirasupa \/ Reuters\" class=\"placeholder_\"\/><img decoding=\"async\" src=\"https:\/\/www.europesays.com\/hu\/wp-content\/uploads\/2026\/09\/1788532090-temp-a2d2f83v4feofekhlje_cikktorzs:xl.jpg\"  loading=\"lazy\" alt=\"Fot\u00f3: Chalinee Thirasupa \/ Reuters\" class=\"placeholder_\"\/><img decoding=\"async\" src=\"https:\/\/www.europesays.com\/hu\/wp-content\/uploads\/2026\/09\/1788532160-temp-9oh9pel3bvgk5dgbahk_cikktorzs:xl.jpg\"  loading=\"lazy\" alt=\"Fot\u00f3: Chalinee Thirasupa \/ Reuters\" class=\"placeholder_\"\/><\/p>\n<p>Fot\u00f3: Chalinee Thirasupa \/ Reuters<\/p>\n<p>Trump nem komment\u00e1lta a haj\u00f3 \u00e1llapot\u00e1t, azonban kor\u00e1bban m\u00e1r k\u00e9rte a haditenger\u00e9szett\u0151l, hogy tegy\u00e9k rendbe a hadihaj\u00f3kat, mert azok hosszabb k\u00fcldet\u00e9sekben is r\u00e9szt vehetnek majd. Egy\u00e9bk\u00e9nt az amerikai eln\u00f6k\u00f6t is zavarta a rozsda, illetve a haj\u00f3k megjelen\u00e9se. John Phelan kor\u00e1bbi haditenger\u00e9szet\u00e9rt felel\u0151s miniszter <a href=\"https:\/\/www.businessinsider.com\/navy-secretary-nominee-trump-texts-in-night-about-rusty-warships-2025-2\" target=\"_blank\" rel=\"nofollow noopener\">tavaly arr\u00f3l besz\u00e9lt<\/a>, hogy Trump egyszer az \u00e9jszaka k\u00f6zep\u00e9n felh\u00edvta a rozsd\u00e1sod\u00e1s miatt.<\/p>\n<p>\u201eHaj\u00f3\u00e9p\u00edt\u00e9s, haj\u00f3\u00e9p\u00edt\u00e9s, haj\u00f3\u00e9p\u00edt\u00e9s. Hozz\u00e1tok ki azokat a haj\u00f3kat a karbantart\u00f3 dokkokb\u00f3l. \u00c9s t\u00fcntess\u00e9tek el azt a rohadt rozsd\u00e1t!\u201d<\/p>\n<p>\u2013 id\u00e9zte fel az eln\u00f6k szavait Phelan. A volt haditenger\u00e9szeti kapit\u00e1ny, Carl Schuster szerint a rozsda elleni k\u00fczdelem az egyik leggy\u0171l\u00f6ltebb munka a haditenger\u00e9szetn\u00e9l. Ezt elvileg pont annyira ut\u00e1lja a leg\u00e9nys\u00e9g, mint b\u00e1rmit, ami a v\u00edzvezet\u00e9k-szerel\u00e9ssel kapcsolatos.<\/p>\n<p>A rozsd\u00e1val belepett Lincolnnal \u00e9ppen akkor szembes\u00fclt a nyilv\u00e1noss\u00e1g, amikor az amerikai haditenger\u00e9szet igyekezett felp\u00f6rgetni a flott\u00e1j\u00e1t \u00e9rint\u0151 korr\u00f3zi\u00f3s probl\u00e9m\u00e1k kezel\u00e9s\u00e9t. Colton Jones had\u00e1szati szak\u00e9rt\u0151, az amerikai l\u00e9gier\u0151 kor\u00e1bbi tagja <a href=\"https:\/\/defence-blog.com\/u-s-navy-launches-new-push-to-address-corrosion-risks\/\" target=\"_blank\" rel=\"nofollow noopener\">blogj\u00e1n kor\u00e1bban \u00edrt<\/a> a haditenger\u00e9szet partra sz\u00e1ll\u00edt\u00f3 haj\u00f3inak rozsdamentes\u00edt\u00e9si programj\u00e1r\u00f3l. A korr\u00f3zi\u00f3v\u00e9delmi program minden haj\u00f3hoz karbantart\u00e1si id\u0151szakokat fog megjel\u00f6lni, mindig figyelembe v\u00e9ve, hogy a haditenger\u00e9szet mikor tudja n\u00e9lk\u00fcl\u00f6zni az adott haj\u00f3t. Emellett keresik az \u00faj, hat\u00e9konyabb korr\u00f3zi\u00f3g\u00e1tl\u00f3 anyagokat is.<\/p>\n<p>A USS Abraham Lincolnt a USS George Washington rep\u00fcl\u0151g\u00e9p-hordoz\u00f3 v\u00e1ltotta a K\u00f6zel-Keleten. A Lincoln a r\u00f6vid thaif\u00f6ldi tart\u00f3zkod\u00e1sa ut\u00e1n visszat\u00e9r San Dieg\u00f3ba, \u00edgy most lesz id\u0151 rendbe hozni az \u00f3ri\u00e1si rep\u00fcl\u0151g\u00e9p-hordoz\u00f3t.<\/p>\n<p>A thaif\u00f6ldi pihen\u0151hely, ahol rengeteg amerikai katona j\u00e1rt m\u00e1r<\/p>\n<p>K\u00edn\u00e1val \u00e1polt szoros kapcsolatai ellen\u00e9re Thaif\u00f6ld az Egyes\u00fclt \u00c1llamok szerz\u0151d\u00e9ses sz\u00f6vets\u00e9gese, \u00edgy nem meglep\u0151 l\u00e1tv\u00e1ny, ha az amerikai haditenger\u00e9szet haj\u00f3i ott horgonyoznak. A USS Abraham Lincoln a r\u00f6vid pihen\u0151j\u00e9hez az egykor \u00e9ppen az amerikai haditenger\u00e9szek \u00e1ltal felfuttatott <a href=\"https:\/\/telex.hu\/kulfold\/2026\/09\/01\/egy-thaifoldi-udulohelyen-szallnak-meg-egy-ejszakara-a-270-napja-hajozo-amerikai-haditengereszek\" class=\"\" rel=\"nofollow noopener\" target=\"_blank\">Pattaj\u00e1t v\u00e1lasztotta<\/a>.<\/p>\n<p><a href=\"https:\/\/www.bbc.com\/news\/articles\/cg7k09z4lj9o\" target=\"_blank\" rel=\"nofollow noopener\">A BBC azt \u00edrta<\/a>, hogy mostans\u00e1g a n\u00e9pszer\u0171 \u00fcd\u00fcl\u0151hely tengerpartra vezet\u0151, neonf\u00e9nyekkel d\u00edsz\u00edtett sik\u00e1torai j\u00f3val csendesebbek a megszokottn\u00e1l, mik\u00f6zben a v\u00e1ros h\u00edres s\u00e9t\u00e1l\u00f3utc\u00e1j\u00e1nak b\u00e1rjai tov\u00e1bbra is r\u00fadt\u00e1ncosn\u0151k vide\u00f3it vet\u00edtik a falakra, hogy becsalogass\u00e1k a turist\u00e1kat. A turizmus nincs t\u00fal j\u00f3 helyzetben, az ir\u00e1ni h\u00e1bor\u00fa k\u00f6vetkezm\u00e9nyei durv\u00e1n \u00e9rintett\u00e9k az itteni v\u00e1llalkoz\u00e1sokat. A t\u00f6bb ezer amerikai tenger\u00e9sz megjelen\u00e9se viszont j\u00f3 h\u00edr a verg\u0151d\u0151 nyaral\u00f3helynek, k\u00fcl\u00f6n\u00f6sen, hogy majd kilenc h\u00f3napnyi el nem k\u00f6lt\u00f6tt fizet\u00e9ssel a sz\u00e1ml\u00e1jukon \u00e9rkeztek.<\/p>\n<p>Azonban az amerikai haditenger\u00e9szet aligha az\u00e9rt d\u00f6nt\u00f6tt Pattaja mellett, mert szerett\u00e9k volna gaty\u00e1ba r\u00e1zni a telep\u00fcl\u00e9s turizmus\u00e1t.<\/p>\n<p>Amikor a kimer\u00fclt tenger\u00e9szek megjelentek az ismert nyaral\u00f3hely b\u00e1rjaiban \u00e9s \u00e9ttermeiben, akkor t\u00f6bb sz\u00e1zezer amerikai katona nyomdokaiba is l\u00e9ptek. A ny\u00fczsg\u0151 \u00e9jszakai \u00e9let\u00e9r\u0151l \u00e9s szexturizmus\u00e1r\u00f3l is ismert Pattaja a 20. sz\u00e1zad k\u00f6zep\u00e9ig egyszer\u0171 hal\u00e1szfalu volt, turizmusa azt\u00e1n a vietn\u00e1mi h\u00e1bor\u00fa idej\u00e9n kezdett vir\u00e1gozni. A frontr\u00f3l pihenni \u00e9rkez\u0151 katon\u00e1k k\u00f6z\u00fcl ugyanis rengetegen t\u0171ntek fel a telep\u00fcl\u00e9sen a \u201860-as \u00e9s a \u201970-es \u00e9vekben is.<\/p>\n<p><img decoding=\"async\" src=\"https:\/\/www.europesays.com\/hu\/wp-content\/uploads\/2026\/09\/1788532223-temp-3c5fpikhg4r49eoaibe_cikktorzs:xl.jpg\"  loading=\"lazy\" alt=\"A rep\u00fcl\u0151g\u00e9p-hordoz\u00f3 fed\u00e9lzet\u00e9n szolg\u00e1l\u00f3 amerikai katon\u00e1kat \u00fcdv\u00f6zl\u0151 \u00fczenet egy LED-kijelz\u0151n Pattaj\u00e1ban \u2013 Fot\u00f3: Chalinee Thirasupa \/ Reuters\" class=\"placeholder_\"\/><\/p>\n<p>A rep\u00fcl\u0151g\u00e9p-hordoz\u00f3 fed\u00e9lzet\u00e9n szolg\u00e1l\u00f3 amerikai katon\u00e1kat \u00fcdv\u00f6zl\u0151 \u00fczenet egy LED-kijelz\u0151n Pattaj\u00e1ban \u2013 Fot\u00f3: Chalinee Thirasupa \/ Reuters<\/p>\n<p>1975, azaz a vietn\u00e1mi h\u00e1bor\u00fa lez\u00e1r\u00e1sa \u00f3ta t\u00f6bb mint val\u00f3sz\u00edn\u0171, hogy ez a legt\u00f6bb amerikai katonai, aki egyenesen h\u00e1bor\u00fas \u00f6vezetb\u0151l \u00e9rkezett a thaif\u00f6ldi telep\u00fcl\u00e9sre. A helyi hat\u00f3s\u00e1gok 600 f\u0151vel biztos\u00edtott\u00e1k a tenger\u00e9szek biztons\u00e1g\u00e1t, emellett pedig el\u0151re figyelmeztett\u00e9k a helyieket: b\u00e1rmilyen h\u00edvogat\u00f3 is, ne sz\u00e1m\u00edtsanak fel nagyobb k\u00f6lts\u00e9geket a leg\u00e9nys\u00e9gnek. A helyiek val\u00f3ban nagy \u00f6r\u00f6mmel fogadt\u00e1k az amerikaiakat.<\/p>\n<p>\u201eEz a l\u00e1togat\u00e1s lehet a legnagyobb rem\u00e9ny\u00fcnk\u201d \u2013 mondta Anon Saiteer, aki dr\u00e1gak\u00f6veket \u00e1rul a helyi s\u00e9t\u00e1l\u00f3utc\u00e1hoz k\u00f6zel. Itt egy nagy t\u00e1bl\u00e1t is kitettek, amin \u00fcdv\u00f6z\u00f6lt\u00e9k az amerikai tenger\u00e9szeket \u00e9s tenger\u00e9szgyalogosokat, \u00e9s k\u00fcl\u00f6nleges kedvezm\u00e9nyt is k\u00edn\u00e1ltak nekik.<\/p>\n<p>\u201eAz amerikai katon\u00e1k 50-60 \u00e9vvel ezel\u0151tti l\u00e1togat\u00e1sai ismertett\u00e9k meg a vil\u00e1ggal Pattaj\u00e1t, \u00e9s tett\u00e9k turisztikai c\u00e9lpontt\u00e1\u201d \u2013 mondta Poramase Ngampiches, a v\u00e1ros polg\u00e1rmestere. Szerinte fontos, hogy \u0151szint\u00e9k legyenek: a v\u00e1ros h\u00edres a b\u00e1rokban dolgoz\u00f3 l\u00e1nyokr\u00f3l. \u201eMeg\u00e9rtj\u00fck a sztereot\u00edpi\u00e1kat, ez ellen nem tudunk semmit tenni\u201d \u2013 mondta. Szerinte annyit viszont tehetnek, hogy most megmutatj\u00e1k mindenkinek, Pattaja megv\u00e1ltozott, m\u00e1st is lehet csin\u00e1lni a telep\u00fcl\u00e9sen.<\/p>\n<p>Pedik\u0171r\u00f6ztet\u0151 tenger\u00e9szek, alkohol \u00e9s pl\u00fcss\u00e1llat<\/p>\n<p>A thai rend\u0151rs\u00e9g el\u0151re figyelmeztette az amerikaiakat, hogy a prostit\u00faci\u00f3 illeg\u00e1lisnak sz\u00e1m\u00edt az orsz\u00e1gban. Azonban ezt neh\u00e9z ellen\u0151rizni, k\u00fcl\u00f6n\u00f6sen, hogy 25-50 ezer szexmunk\u00e1s \u00e9lhet csak ezen a telep\u00fcl\u00e9sen. Sokan a k\u00f6zponti helyen tal\u00e1lhat\u00f3 Soi 6 nev\u0171 k\u00f6rny\u00e9ken dolgoznak, ide a thai hat\u00f3s\u00e1gok az amerikai katon\u00e1kat be sem engedt\u00e9k. A haditenger\u00e9szet elvileg m\u00e1st is megtiltott a leg\u00e9nys\u00e9gnek, \u00edgy a kannabiszboltokat \u00e9s az olyan v\u00edzi sportokat, mint a jetski. A haditenger\u00e9szet sz\u00f3viv\u0151je, Kristopher Robinson viszont nem reag\u00e1lt a BBC tilt\u00e1sokkal kapcsolatos k\u00e9rd\u00e9seire, annyit k\u00f6z\u00f6lt, hogy katon\u00e1iknak az amerikai t\u00f6rv\u00e9nyek \u00e9s a haditenger\u00e9szet szab\u00e1lyai szerint kell elj\u00e1rniuk.<\/p>\n<p>A haditenger\u00e9szek szeptember 2-\u00e1n, szerd\u00e1n \u00e9rkeztek meg a thaif\u00f6ldi v\u00e1rosba, ahol a vil\u00e1gsajt\u00f3ban megjelent k\u00e9pek alapj\u00e1n mindent megtesznek, hogy ki\u00e9lvezz\u00e9k v\u00e1rva v\u00e1rt minipihen\u00e9s\u00fcket.<\/p>\n<p><a href=\"https:\/\/telex.hu\/kulfold\/2026\/09\/03\/pattaja-uss-ambraham-lincoln-tengereszek\" class=\"\" rel=\"nofollow noopener\" target=\"_blank\">Cs\u00fct\u00f6rt\u00f6ki besz\u00e1mol\u00f3k szerint<\/a> a leg\u00e9nys\u00e9g el\u0151sz\u00f6r v\u00e1s\u00e1rl\u00e1ssal ind\u00edtott, majd est\u00e9re a fiatalabbak annyira ler\u00e9szegedtek, hogy egym\u00e1st t\u00e1masztva j\u00e1rt\u00e1k a v\u00e1ros utc\u00e1it. \u00c9s persze akadtak olyanok is, akik go-go b\u00e1rokba, azaz olyan sz\u00f3rakoz\u00f3helyekre pr\u00f3b\u00e1ltak beosonni, ahol az italok mellett t\u00e1ncosok is biztos\u00edtj\u00e1k a sz\u00f3rakoz\u00e1st.<\/p>\n<p><img decoding=\"async\" src=\"https:\/\/www.europesays.com\/hu\/wp-content\/uploads\/2026\/09\/1788532411-temp-nljcgnpppo554kbljkp_cikktorzs:xl.jpg\"  loading=\"lazy\" alt=\"A haj\u00f3n szolg\u00e1l\u00f3 katon\u00e1k Pattaja egyik s\u00e9t\u00e1l\u00f3utc\u00e1j\u00e1n 2026. szeptember 3-\u00e1n \u2013 Fot\u00f3: Chalinee Thirasupa \/ Reuters\" class=\"placeholder_\"\/><\/p>\n<p>A haj\u00f3n szolg\u00e1l\u00f3 katon\u00e1k Pattaja egyik s\u00e9t\u00e1l\u00f3utc\u00e1j\u00e1n 2026. szeptember 3-\u00e1n \u2013 Fot\u00f3: Chalinee Thirasupa \/ Reuters<\/p>\n<p>A leg\u00e9nys\u00e9g mozg\u00e1s\u00e1t k\u00f6vet\u0151 <a href=\"https:\/\/www.theguardian.com\/world\/2026\/sep\/04\/uss-abraham-lincoln-sailors-party-resort-pattaya-thailand\" target=\"_blank\" rel=\"nofollow noopener\">Guardian<\/a> szerint sokan az egyszer\u0171bb dolgokat v\u00e1lasztj\u00e1k. A Pattaya Colour Nail szalon bord\u00f3 sz\u00e9kei k\u00f6z\u00fcl p\u00e9ld\u00e1ul egy sem maradt \u00fcresen, miut\u00e1n n\u0151k \u00e9s f\u00e9rfiak egyar\u00e1nt pedik\u0171r\u00f6ztet\u00e9ssel pihent\u00e9k ki f\u00e1radalmaikat. Nev\u00fck elhallgat\u00e1sa mellett n\u00e9h\u00e1ny haditenger\u00e9sz itt felid\u00e9zte az elm\u00falt h\u00f3napok megpr\u00f3b\u00e1ltat\u00e1sait. A lakhat\u00e1si k\u00f6r\u00fclm\u00e9nyek egyik\u00fck szerint olyanok voltak, mintha egy szob\u00e1ban ragadt volna az eg\u00e9sz csal\u00e1dj\u00e1val.<\/p>\n<p>M\u00e1s az \u00e9telek min\u0151s\u00e9g\u00e9t szidta, \u00e1ll\u00edt\u00e1sa szerint f\u00e9lig nyers marhah\u00fast \u00e9s felszeletelt nyers krumplit ettek. \u201eAlig tudtam lenyelni, majdnem megfulladtam t\u0151le.\u201d<\/p>\n<p>A tenger\u00e9szek egy\u00e9bk\u00e9nt a pedik\u0171r\u00f6s mellett bej\u00e1rt\u00e1k a telep\u00fcl\u00e9s \u00fczleteit: el\u0151fordult olyan, aki \u00faj zoknij\u00e1r\u00f3l sz\u00e1molt be b\u00fcszk\u00e9n, m\u00edg egy m\u00e1sik katona a r\u00e9g l\u00e1tott feles\u00e9g\u00e9nek v\u00e1s\u00e1rolt pl\u00fcssr\u0151l. \u00c9jszaka az\u00e9rt a b\u00e1rok sem maradtak \u00fcresek: Pattana Prasomsup, aki az M&#8217;s Mojito b\u00e1rban dolgozik, azt mondta, hogy a b\u00e1rj\u00e1ba l\u00e1togat\u00f3 10 f\u0151s csapat j\u00f3l megdobta forgalmukat, de megjegyezte, hogy a leg\u00e9nys\u00e9g tagjai meglehet\u0151sen \u00f3vatosak voltak a pultos l\u00e1nyokkal.<\/p>\n<p>Azt mind az amerikaiak, mind a thaiok rem\u00e9lik, hogy valamelyest felfriss\u00fclt \u00e9s kipihent leg\u00e9nys\u00e9g \u00e9rkezik majd vissza a fed\u00e9lzetre, mire a USS Abraham Lincoln szeptember 6-\u00e1n, vas\u00e1rnap megkezdi hosszas \u00fatj\u00e1t a Csendes-\u00f3ce\u00e1non kereszt\u00fcl hazafel\u00e9, Amerik\u00e1ba.<\/p>\n","protected":false},"excerpt":{"rendered":"Az amerikai haditenger\u00e9szet USS Abraham Lincoln rep\u00fcl\u0151g\u00e9p-hordoz\u00f3ja 286 napot t\u00f6lt\u00f6tt egyhuzamban a tengeren, mindezt eddig a h\u00e9tig mind\u00f6ssze&hellip;\n","protected":false},"author":2,"featured_media":233299,"comment_status":"","ping_status":"","sticky":false,"template":"","format":"standard","meta":{"footnotes":"","_share_on_mastodon":"0"},"categories":[8],"tags":[3935,17970,61465,65,303,8302,42,304,26917,727,64,43,34,60883,29345,701,56672,61466,94,93,92],"class_list":["post-233298","post","type-post","status-publish","format-standard","has-post-thumbnail","category-vilag","tag-amerikai-haditengereszet","tag-bbc","tag-carl-schuster","tag-donald-trump","tag-egyesult-allamok","tag-guardian","tag-hungarian","tag-iran","tag-john-phelan","tag-kozel-kelet","tag-kulfold","tag-magyar","tag-news","tag-pattaja","tag-san-diego","tag-thaifold","tag-uss-abraham-lincoln","tag-uss-lincoln","tag-vilag","tag-world","tag-world-news"],"share_on_mastodon":{"url":"https:\/\/pubeurope.com\/@hu\/117215133997596555","error":""},"_links":{"self":[{"href":"https:\/\/www.europesays.com\/hu\/wp-json\/wp\/v2\/posts\/233298","targetHints":{"allow":["GET"]}}],"collection":[{"href":"https:\/\/www.europesays.com\/hu\/wp-json\/wp\/v2\/posts"}],"about":[{"href":"https:\/\/www.europesays.com\/hu\/wp-json\/wp\/v2\/types\/post"}],"author":[{"embeddable":true,"href":"https:\/\/www.europesays.com\/hu\/wp-json\/wp\/v2\/users\/2"}],"replies":[{"embeddable":true,"href":"https:\/\/www.europesays.com\/hu\/wp-json\/wp\/v2\/comments?post=233298"}],"version-history":[{"count":0,"href":"https:\/\/www.europesays.com\/hu\/wp-json\/wp\/v2\/posts\/233298\/revisions"}],"wp:featuredmedia":[{"embeddable":true,"href":"https:\/\/www.europesays.com\/hu\/wp-json\/wp\/v2\/media\/233299"}],"wp:attachment":[{"href":"https:\/\/www.europesays.com\/hu\/wp-json\/wp\/v2\/media?parent=233298"}],"wp:term":[{"taxonomy":"category","embeddable":true,"href":"https:\/\/www.europesays.com\/hu\/wp-json\/wp\/v2\/categories?post=233298"},{"taxonomy":"post_tag","embeddable":true,"href":"https:\/\/www.europesays.com\/hu\/wp-json\/wp\/v2\/tags?post=233298"}],"curies":[{"name":"wp","href":"https:\/\/api.w.org\/{rel}","templated":true}]}}