{"id":233308,"date":"2026-09-04T22:43:13","date_gmt":"2026-09-04T22:43:13","guid":{"rendered":"https:\/\/www.europesays.com\/hu\/233308\/"},"modified":"2026-09-04T22:43:13","modified_gmt":"2026-09-04T22:43:13","slug":"valaki-annyira-vagyott-az-ingyen-sorre-hogy-ellopott-33-ezer-liter-guinnesst","status":"publish","type":"post","link":"https:\/\/www.europesays.com\/hu\/233308\/","title":{"rendered":"Valaki annyira v\u00e1gyott az ingyen s\u00f6rre, hogy ellopott 33 ezer liter Guinnesst"},"content":{"rendered":"<p class=\"\">\n    Elloptak nagyj\u00e1b\u00f3l 70 ezer pintnyi, azaz 33 122 liter Guinness s\u00f6rt egy liverpooli rakt\u00e1rb\u00f3l, \u00edrja <a href=\"https:\/\/apnews.com\/article\/guinness-heist-stout-stolen-truck-depot-pabst-pbr-88b7745450be79af57d35fd8dbd9c4c9\" target=\"_blank\" rel=\"nofollow noopener\">az AP h\u00edr\u00fcgyn\u00f6ks\u00e9g <\/a>a helyi rend\u0151rs\u00e9g inform\u00e1ci\u00f3i alapj\u00e1n. A lopott \u00e1ru \u00f6sszesen 115 ezer font, azaz nagyj\u00e1b\u00f3l 56 milli\u00f3 forint \u00e9rt\u00e9k\u0171.\n  <\/p>\n<p>    <a href=\"https:\/\/www.europesays.com\/hu\/wp-content\/uploads\/2026\/09\/6mfSICGcNa1oKeDls.jpeg\" class=\"uwwrama _1chu0ywg _8b6bx65\" rel=\"nofollow\"><\/p>\n<p>  <img decoding=\"async\" loading=\"lazy\" src=\"https:\/\/www.europesays.com\/hu\/wp-content\/uploads\/2026\/09\/6mfSICGcNa1oKeDls.jpeg\"   class=\"_672m2jd _1chu0ywo ta3a4c1ey ta3a4c1aa he2knv4 ta3a4c1ey ta3a4czs\" style=\"--_672m2j6:1.50;--_672m2j5:1280px 853px\" alt=\"\"\/><\/p>\n<p>      <\/a><\/p>\n<p class=\"\">\n    A s\u00f6rt eredetileg kocsm\u00e1kba sz\u00e1ll\u00edtott\u00e1k volna a rakt\u00e1rb\u00f3l k\u00e9t tehervontat\u00f3val, \u00e1m h\u00e9tf\u0151 \u00e9jjel k\u00e9t sof\u0151r jelent meg a v\u00e1roshoz k\u00f6zeli Runcorn ipari parkban, \u00e9s egyszer\u0171en elvontatt\u00e1k a 800 hord\u00f3nyi sz\u00e1ll\u00edtm\u00e1nyt. A hat\u00f3s\u00e1gok nemcsak a s\u00f6rt, hanem az \u00f6sszesen 50 ezer font (kb. 21 milli\u00f3 forint) \u00e9rt\u00e9k\u0171 j\u00e1rm\u0171veket is keresi. Ebben <a href=\"https:\/\/www.cheshire.police.uk\/news\/cheshire\/news\/appeals\/2026\/9\/appeal-for-information-following-theft-of-guinness-stock\/\" target=\"_blank\" rel=\"nofollow noopener\">a lakoss\u00e1g seg\u00edts\u00e9g\u00e9t k\u00e9rt\u00e9k<\/a>.\n  <\/p>\n<p class=\"\">\n    A rend\u0151rs\u00e9g sz\u00f3viv\u0151je azt nyilatkozta:\n  <\/p>\n<p>H\u00edres mond\u00e1s az, hogy \u00bb<a href=\"https:\/\/www.rcp.ac.uk\/news-and-media\/news-and-opinion\/guinness-is-good-for-you\/\" target=\"_blank\" rel=\"nofollow noopener\">a Guinness j\u00f3t tesz neked<\/a>\u00ab, de ez csak akkor \u00e9rv\u00e9nyes, amikor megvetted, \u00e9s fizett\u00e9l \u00e9rte. Nem \u00e9rj\u00fck be kevesebbel, mint az ellopott sz\u00e1ll\u00edtm\u00e1ny hi\u00e1nytalan visszaszerz\u00e9s\u00e9vel.<\/p>\n","protected":false},"excerpt":{"rendered":"Elloptak nagyj\u00e1b\u00f3l 70 ezer pintnyi, azaz 33 122 liter Guinness s\u00f6rt egy liverpooli rakt\u00e1rb\u00f3l, \u00edrja az AP h\u00edr\u00fcgyn\u00f6ks\u00e9g&hellip;\n","protected":false},"author":2,"featured_media":233309,"comment_status":"","ping_status":"","sticky":false,"template":"","format":"standard","meta":{"footnotes":"","_share_on_mastodon":"0"},"categories":[8],"tags":[1078,61468,42,1028,5075,43,34,1511,269,5852,94,93,92],"class_list":["post-233308","post","type-post","status-publish","format-standard","has-post-thumbnail","category-vilag","tag-bunugy","tag-guinness","tag-hungarian","tag-liverpool","tag-lopas","tag-magyar","tag-news","tag-nyomozas","tag-rendorseg","tag-sor","tag-vilag","tag-world","tag-world-news"],"share_on_mastodon":{"url":"https:\/\/pubeurope.com\/@hu\/117215193557027694","error":""},"_links":{"self":[{"href":"https:\/\/www.europesays.com\/hu\/wp-json\/wp\/v2\/posts\/233308","targetHints":{"allow":["GET"]}}],"collection":[{"href":"https:\/\/www.europesays.com\/hu\/wp-json\/wp\/v2\/posts"}],"about":[{"href":"https:\/\/www.europesays.com\/hu\/wp-json\/wp\/v2\/types\/post"}],"author":[{"embeddable":true,"href":"https:\/\/www.europesays.com\/hu\/wp-json\/wp\/v2\/users\/2"}],"replies":[{"embeddable":true,"href":"https:\/\/www.europesays.com\/hu\/wp-json\/wp\/v2\/comments?post=233308"}],"version-history":[{"count":0,"href":"https:\/\/www.europesays.com\/hu\/wp-json\/wp\/v2\/posts\/233308\/revisions"}],"wp:featuredmedia":[{"embeddable":true,"href":"https:\/\/www.europesays.com\/hu\/wp-json\/wp\/v2\/media\/233309"}],"wp:attachment":[{"href":"https:\/\/www.europesays.com\/hu\/wp-json\/wp\/v2\/media?parent=233308"}],"wp:term":[{"taxonomy":"category","embeddable":true,"href":"https:\/\/www.europesays.com\/hu\/wp-json\/wp\/v2\/categories?post=233308"},{"taxonomy":"post_tag","embeddable":true,"href":"https:\/\/www.europesays.com\/hu\/wp-json\/wp\/v2\/tags?post=233308"}],"curies":[{"name":"wp","href":"https:\/\/api.w.org\/{rel}","templated":true}]}}