{"id":233325,"date":"2026-09-04T22:59:13","date_gmt":"2026-09-04T22:59:13","guid":{"rendered":"https:\/\/www.europesays.com\/hu\/233325\/"},"modified":"2026-09-04T22:59:13","modified_gmt":"2026-09-04T22:59:13","slug":"elarasztottak-az-utakat-a-tesla-robotok","status":"publish","type":"post","link":"https:\/\/www.europesays.com\/hu\/233325\/","title":{"rendered":"El\u00e1rasztott\u00e1k az utakat a Tesla robotok"},"content":{"rendered":"<p>Mik\u00f6zben Eur\u00f3pa szavaz\u00e1sra k\u00e9sz\u00fcl, hogy Uni\u00f3s szinten enged\u00e9lyezi-e a teljes \u00f6nvezet\u0151 k\u00f3d haszn\u00e1lat\u00e1t a Tesla j\u00e1rm\u0171vekben emberi fel\u00fcgyelettel, addig az Egyes\u00fclt \u00c1llamok t\u00f6bb v\u00e1ros\u00e1ban futtat az aut\u00f3gy\u00e1rt\u00f3 \u00f6nvezet\u0151 taxiszolg\u00e1ltat\u00e1st, jellemz\u0151en egy olyan fel\u00fcgyel\u0151 szem\u00e9llyel a vol\u00e1n m\u00f6g\u00f6tt vagy az any\u00f3s\u00fcl\u00e9sen, ahonnan hiba eset\u00e9n azonnal be tud avatkozni, de k\u00fcl\u00f6nben a k\u00f3d ir\u00e1ny\u00edtja a j\u00e1rm\u0171vet.<\/p>\n<p>A Waymo \u00e9s t\u00e1rsaik viszont egy ideje teljesen emberi fel\u00fcgyelet n\u00e9lk\u00fcl m\u0171k\u00f6dnek, sz\u00fcks\u00e9g eset\u00e9n t\u00e1voli beavatkoz\u00e1ssal, \u00e1m mivel megl\u00e9v\u0151 szem\u00e9lyg\u00e9pkocsikat kell ehhez \u00e1talak\u00edtani, a sof\u0151r\u00fcl\u00e9s \u201efoglalt\u201d, az \u00f6nvezet\u0151 k\u00f3d ugyanis a korm\u00e1nyt \u00e9s a ped\u00e1lokat vez\u00e9rli. A Tesla viszont eleve \u00faj fejlesztette a k\u00e9t\u00fcl\u00e9ses Robotaxit, hogy a tesztk\u00f6rnyezetet lesz\u00e1m\u00edtva soha ne legyen benne korm\u00e1ny \u00e9s ped\u00e1l, \u00edgy a sof\u0151r\u00fcl\u00e9sre is \u00fclhet utas ny\u00fajtott l\u00e1bakkal, a tavaszi pr\u00f3bagy\u00e1rt\u00e1s ut\u00e1n pedig felp\u00f6rg\u00f6tt a Cybercabnek is nevezett j\u00e1rm\u0171 el\u0151\u00e1ll\u00edt\u00e1sa.<\/p>\n<p dir=\"ltr\" lang=\"en\">Robotaxi now runs 6am to 10pm, 7 days\/week<\/p>\n<p>Unsupervised fleet is a lot bigger<\/p>\n<p>Also, upgraded intelligence in vehicle distribution &amp; routing means you wait less <a href=\"https:\/\/t.co\/UFZ4bqg2dZ\" rel=\"nofollow\">pic.twitter.com\/UFZ4bqg2dZ<\/a><\/p>\n<p>\u2014 Tesla Robotaxi (@robotaxi) <a href=\"https:\/\/x.com\/robotaxi\/status\/2092655287501308296?ref_src=twsrc%5Etfw\" rel=\"nofollow\">August 26, 2026<\/a><\/p>\n<p>Mivel ezek k\u00f6z\u00fcl m\u00e1r tucatnyi r\u00f3tta a tesztutakat sof\u0151r n\u00e9lk\u00fcl, de m\u00e9g utasokat nem sz\u00e1ll\u00edtva, a k\u00f6z\u00f6ns\u00e9g arra v\u00e1rt, hogy a k\u00e9t\u00fcl\u00e9ses j\u00e1rm\u0171 v\u00e9gre munk\u00e1ba \u00e1lljon, \u00e9s p\u00e1r tucat tegnap csatlakozott is az utasok \u00e1ltal h\u00edvhat\u00f3\u00a0 flott\u00e1hoz Austin v\u00e1ros\u00e1ban, m\u00edg f\u00e9ltucat m\u00e1sik v\u00e1rosban m\u00e1r bels\u0151 tesztel\u00e9s folyik a bevezet\u00e9shez. Mindez az\u00e9rt fontos, mert az elemz\u0151k \u00e9s a Tesla r\u00e9szv\u00e9nyesek a magas \u00e9rt\u00e9kel\u00e9st pont a j\u00f6v\u0151be mutat\u00f3 technol\u00f3gi\u00e1kkal magyar\u00e1zz\u00e1k, \u00e1m hi\u00e1ba \u00edg\u00e9ri \u00e9vek \u00f3ta Elon Musk a fel\u00fcgyelet n\u00e9lk\u00fcli \u00f6nvezet\u00e9st a tulajdonosok j\u00e1rm\u0171v\u00e9ben, ennek a startd\u00e1tuma egyre csak tol\u00f3dik.<\/p>\n<p>A Cybercab k\u00fcl\u00f6nlegess\u00e9ge az, hogy mivel eleve \u00f6nvezet\u0151 szem\u00e9lysz\u00e1ll\u00edt\u00e1sra tervezt\u00e9k, a korm\u00e1nyz\u00e1s \u00e9s a f\u00e9kez\u00e9s teljes m\u00e9rt\u00e9kben elektronikusan vez\u00e9relt, teh\u00e1t nem sz\u00fcks\u00e9ges a g\u00e9pnek a korm\u00e1nyt \u00e9s a ped\u00e1lokat m\u0171k\u00f6dtetnie. Ezek n\u00e9lk\u00fcl a bels\u0151 t\u00e9r t\u00e1gasabb, a Robotaxi pedig apr\u00f3bb, k\u00f6nnyebb \u00e9s hat\u00e9konyabb \u00fagy, hogy k\u00e9t nagy b\u0151r\u00f6nd\u00f6t, k\u00e9t kisebb t\u00e1sk\u00e1t \u00e9s egy tol\u00f3kocsit befogad. Az alacsony \u00fcl\u00e9smagass\u00e1g \u00e9s a felfele ny\u00edl\u00f3 ajt\u00f3k kifejezetten megk\u00f6nny\u00edtik a besz\u00e1ll\u00e1st a tol\u00f3kocsib\u00f3l a mozg\u00e1ss\u00e9r\u00fclteknek.<\/p>\n<p>Aki rendelkezik saj\u00e1t Tesla profillal a j\u00e1rm\u0171 rendel\u00e9sekor, annak az \u00e9rkez\u0151 j\u00e1rg\u00e1ny el\u0151re be\u00e1ll\u00edtja a prefer\u00e1lt h\u0151m\u00e9rs\u00e9kletet a kl\u00edm\u00e1n, \u00e9s bet\u00f6lti az Netflix, a YouTube \u00e9s a t\u00f6bbi szem\u00e9lyes fi\u00f3kot, hogy az utaz\u00e1s sor\u00e1n a tartalomfogyaszt\u00e1s saj\u00e1t \u00edzl\u00e9s alapj\u00e1n folytat\u00f3djon. Grokkal is el lehet csevegni az \u00fatvonal, a kl\u00edmabe\u00e1ll\u00edt\u00e1sok \u00e9s a lej\u00e1tsz\u00e1s kapcs\u00e1n, \u00e9s b\u00e1r meger\u0151s\u00edteni nem tudta, a SpaceXAI asszisztense szerint a tegnap taxiszolg\u00e1latba fogott k\u00e9t\u00fcl\u00e9sesek elk\u00e9pzelhet\u0151, hogy m\u00e1r FSD 15 b\u00e9ta k\u00f3dot futtatnak. Ugyanerre a k\u00f3dra f\u00e1j a foga a Tesla tulajdonosoknak, mert most \u00e9ppen az Musk \u00edg\u00e9rete, hogy ez hozza el sz\u00e1mukra a fel\u00fcgyelet n\u00e9lk\u00fcli \u00f6nvezet\u00e9st.<\/p>\n<p>Az persze tov\u00e1bbra is a k\u00f6vetkez\u0151 hetek \u00e9s h\u00f3napok k\u00e9rd\u00e9se, hogy a Waymo nagy flott\u00e1ja mellet a Tesla h\u00e1ny Cybercabet \u00e9s fel\u00fcgyelet n\u00e9lk\u00fcli Model Y-t tud taxisorba \u00e1ll\u00edtani, h\u00e1ny amerikai v\u00e1rosban, lesznek-e balesetek \u00e9s biztons\u00e1gi incidensek, illetve belefut-e a Tesla j\u00e1rm\u0171sz\u00e1m-korl\u00e1toz\u00e1sokba, amit kiker\u00fclne azzal, hogy bizonyos flottasz\u00e1m-limites el\u0151\u00edr\u00e1sok az\u00e9rt nem vonatkoznak a k\u00e9t\u00fcl\u00e9ses Robotaxira, mert az nem rendelkezik mechanikailag m\u0171k\u00f6dtetett korm\u00e1nnyal \u00e9s ped\u00e1lokkal. Ehhez persze a helyi szerveknek m\u00e9g lehet egy k\u00e9t szava.<\/p>\n<p dir=\"ltr\" lang=\"en\">Cybercab is engineered to be the safest car on the road <a href=\"https:\/\/t.co\/EQMROaMk2E\" rel=\"nofollow\">pic.twitter.com\/EQMROaMk2E<\/a><\/p>\n<p>\u2014 Tesla (@Tesla) <a href=\"https:\/\/x.com\/Tesla\/status\/2095647989637263684?ref_src=twsrc%5Etfw\" rel=\"nofollow\">September 3, 2026<\/a><\/p>\n<p>Ha viszont t\u00f6bb robotaxi szolg\u00e1ltat\u00f3 nagy sz\u00e1m\u00fa flott\u00e1t \u00e9p\u00edt ki a k\u00f6vetkez\u0151 \u00e9vekben, azzal \u00f3ri\u00e1si \u00faj piac ny\u00edlhat a tech szektorban, hiszen egy olcs\u00f3n el\u0151\u00e1ll\u00edtott, alacsony fogyaszt\u00e1s\u00fa, tiszt\u00e1n elektromos k\u00e9tszem\u00e9lyes j\u00e1rm\u0171, amely ak\u00e1r a nap 24 \u00f3r\u00e1j\u00e1ban r\u00f3hatja az utakat, rengeteg bev\u00e9telt hozhat, \u00e9s nincs sof\u0151r plusz biztos\u00edt\u00e1s, amit ki kellene fizetni. \u00cdgy jelent\u0151sen olcs\u00f3bb lehet a fuvard\u00edj, mint nagy t\u00f6meg\u0171 \u00e9s fogyaszt\u00e1s\u00fa, sof\u0151rrel rendelkez\u0151 j\u00e1rm\u0171vek eset\u00e9ben, ahol sokkal nagyobb a fenntart\u00e1si k\u00f6lts\u00e9g.<\/p>\n<p>Az <a href=\"https:\/\/www.ark-invest.com\/articles\/analyst-research\/tesla-launched-its-robotaxi-now-what\" rel=\"nofollow noopener\" target=\"_blank\">Ark Invest<\/a> az \u00f6nvezet\u0151 szem\u00e9lysz\u00e1ll\u00edt\u00f3 piac \u00e9rt\u00e9k\u00e9t t\u00edzbilli\u00f3 doll\u00e1rra becs\u00fcli, \u00e9s ez is megsokszoroz\u00f3dhat a 2030-as \u00e9vekre, ha a fuvard\u00edjon siker\u00fcl annyit faragni, hogy \u00e9szszer\u0171bb legyen mindig Robotaxit h\u00edvni, mint saj\u00e1t j\u00e1rm\u0171vet v\u00e1s\u00e1rolni \u00e9s fenntartani minden ny\u0171ggel \u00e9s t\u00f6bbletk\u00f6lts\u00e9ggel. A szem\u00e9lyi sof\u0151r\u00f6k piac\u00e1t is megrengethetik a sof\u0151r n\u00e9lk\u00fcli j\u00e1rm\u0171vek, persze ezeknek is biztons\u00e1gosnak \u00e9s megb\u00edzhat\u00f3nak kell lenni\u00fck minden id\u0151j\u00e1r\u00e1si k\u00f6r\u00fclm\u00e9ny k\u00f6z\u00f6tt.<\/p>\n<p>\t<script async src=\"https:\/\/platform.twitter.com\/widgets.js\" charset=\"utf-8\"><\/script><\/p>\n","protected":false},"excerpt":{"rendered":"Mik\u00f6zben Eur\u00f3pa szavaz\u00e1sra k\u00e9sz\u00fcl, hogy Uni\u00f3s szinten enged\u00e9lyezi-e a teljes \u00f6nvezet\u0151 k\u00f3d haszn\u00e1lat\u00e1t a Tesla j\u00e1rm\u0171vekben emberi fel\u00fcgyelettel,&hellip;\n","protected":false},"author":2,"featured_media":233326,"comment_status":"","ping_status":"","sticky":false,"template":"","format":"standard","meta":{"footnotes":"","_share_on_mastodon":"0"},"categories":[33],"tags":[27211,43163,1490,38,13248,61472,35,37,44,42,40,43,41,34,12838,629,482,426,36,39],"class_list":["post-233325","post","type-post","status-publish","format-standard","has-post-thumbnail","category-hirek","tag-automobil","tag-cybercab","tag-elon-musk","tag-focimek","tag-fsd","tag-fsd-15","tag-headlines","tag-hirek","tag-hu","tag-hungarian","tag-hungary","tag-magyar","tag-magyarorszag","tag-news","tag-robotaxi","tag-tech","tag-tesla","tag-teszt","tag-top-stories","tag-vezeto-hirek"],"share_on_mastodon":{"url":"https:\/\/pubeurope.com\/@hu\/117215255782063899","error":""},"_links":{"self":[{"href":"https:\/\/www.europesays.com\/hu\/wp-json\/wp\/v2\/posts\/233325","targetHints":{"allow":["GET"]}}],"collection":[{"href":"https:\/\/www.europesays.com\/hu\/wp-json\/wp\/v2\/posts"}],"about":[{"href":"https:\/\/www.europesays.com\/hu\/wp-json\/wp\/v2\/types\/post"}],"author":[{"embeddable":true,"href":"https:\/\/www.europesays.com\/hu\/wp-json\/wp\/v2\/users\/2"}],"replies":[{"embeddable":true,"href":"https:\/\/www.europesays.com\/hu\/wp-json\/wp\/v2\/comments?post=233325"}],"version-history":[{"count":0,"href":"https:\/\/www.europesays.com\/hu\/wp-json\/wp\/v2\/posts\/233325\/revisions"}],"wp:featuredmedia":[{"embeddable":true,"href":"https:\/\/www.europesays.com\/hu\/wp-json\/wp\/v2\/media\/233326"}],"wp:attachment":[{"href":"https:\/\/www.europesays.com\/hu\/wp-json\/wp\/v2\/media?parent=233325"}],"wp:term":[{"taxonomy":"category","embeddable":true,"href":"https:\/\/www.europesays.com\/hu\/wp-json\/wp\/v2\/categories?post=233325"},{"taxonomy":"post_tag","embeddable":true,"href":"https:\/\/www.europesays.com\/hu\/wp-json\/wp\/v2\/tags?post=233325"}],"curies":[{"name":"wp","href":"https:\/\/api.w.org\/{rel}","templated":true}]}}