{"id":233329,"date":"2026-09-04T23:11:10","date_gmt":"2026-09-04T23:11:10","guid":{"rendered":"https:\/\/www.europesays.com\/hu\/233329\/"},"modified":"2026-09-04T23:11:10","modified_gmt":"2026-09-04T23:11:10","slug":"oroszorszag-es-gronland-osszemegy-afrika-megno-ha-a-vilag-eleget-tesz-egy-uj-ensz-hatarozatnak","status":"publish","type":"post","link":"https:\/\/www.europesays.com\/hu\/233329\/","title":{"rendered":"Oroszorsz\u00e1g \u00e9s Gr\u00f6nland \u00f6sszemegy, Afrika megn\u0151, ha a vil\u00e1g eleget tesz egy \u00faj ENSZ-hat\u00e1rozatnak"},"content":{"rendered":"<p class=\"\">\n    Az orsz\u00e1gok val\u00f3s m\u00e9ret\u00e9t pontosabban \u00e1br\u00e1zol\u00f3 vil\u00e1gt\u00e9rk\u00e9p haszn\u00e1lat\u00e1nak el\u0151mozd\u00edt\u00e1s\u00e1t szavazta meg p\u00e9nteken az ENSZ K\u00f6zgy\u0171l\u00e9s\u00e9n 164 tag\u00e1llam. Az afrikai kezdem\u00e9nyez\u00e9sre megszavazott hat\u00e1rozat \u00e9rtelm\u00e9ben szorgalmazz\u00e1k, hogy az orsz\u00e1gok hagyj\u00e1k el a 16. sz\u00e1zadi, Mercator-t\u00edpus\u00fa vil\u00e1gt\u00e9rk\u00e9pet, \u00e9s helyette az \u00fagynevezett Equal Earth-vet\u00fcletet helyezz\u00e9k el\u0151t\u00e9rbe.\n  <\/p>\n<p class=\"\">\n    A Mercator-vet\u00fclet a 16. sz\u00e1zad \u00f3ta haszn\u00e1lt t\u00e9rk\u00e9p\u00e9szeti \u00e1br\u00e1zol\u00e1s, amely haj\u00f3z\u00e1shoz j\u00f3l alkalmazhat\u00f3, de az Egyenl\u00edt\u0151t\u0151l a sarkok fel\u00e9 haladva er\u0151sen torz\u00edtja a ter\u00fcletek ar\u00e1ny\u00e1t. A sarkok fel\u00e9 a sz\u00e1razf\u00f6ldek m\u00e9rete \u00f3ri\u00e1sira n\u0151: Gr\u00f6nland p\u00e9ld\u00e1ul akkor\u00e1nak l\u00e1tszik rajta, mint Afrika, holott a val\u00f3s\u00e1gban csak a t\u00f6red\u00e9ke. Ezen \u00edgy n\u00e9z ki a F\u00f6ld:\n  <\/p>\n<p>    <a href=\"https:\/\/www.europesays.com\/hu\/wp-content\/uploads\/2026\/09\/8O4BSzXBGNPSJMAAs.jpeg\" class=\"uwwrama _1chu0ywg _8b6bx65\" rel=\"nofollow\"><\/p>\n<p>  <img decoding=\"async\" loading=\"lazy\" src=\"https:\/\/www.europesays.com\/hu\/wp-content\/uploads\/2026\/09\/8O4BSzXBGNPSJMAAs.jpeg\"   class=\"_672m2jd _1chu0ywo ta3a4c1ey ta3a4c1aa he2knv4 ta3a4c1ey ta3a4czs\" style=\"--_672m2j6:1.90;--_672m2j5:1200px 630px\" alt=\"\"\/><\/p>\n<p>      <\/a><\/p>\n<p class=\"\">\n    A sokkal val\u00f3s\u00e1gh\u0171bb ar\u00e1nyokat \u00e1br\u00e1zol\u00f3 t\u00e9rk\u00e9pen viszont \u00edgy:\n  <\/p>\n<p>    <a href=\"https:\/\/www.europesays.com\/hu\/wp-content\/uploads\/2026\/09\/8O4BS7JcDq93XEGGs.jpeg\" class=\"uwwrama _1chu0ywg _8b6bx65\" rel=\"nofollow\"><\/p>\n<p>  <img decoding=\"async\" loading=\"lazy\" src=\"https:\/\/www.europesays.com\/hu\/wp-content\/uploads\/2026\/09\/8O4BS7JcDq93XEGGs.jpeg\"   class=\"_672m2jd _1chu0ywo ta3a4c1ey ta3a4c1aa he2knv4 ta3a4c1ey ta3a4czs\" style=\"--_672m2j6:2.05;--_672m2j5:2060px 1008px\" alt=\"\"\/><\/p>\n<p>      <\/a><\/p>\n<p class=\"\">\n     Togo \u00e1llt a kezdem\u00e9nyez\u00e9s \u00e9l\u00e9re, hogy magasabb szintre emelj\u00e9k az Afrikai Uni\u00f3 arra ir\u00e1nyul\u00f3 kamp\u00e1ny\u00e1t, hogy korl\u00e1tozz\u00e1k az \u00fagynevezett Mercator-vet\u00fclet haszn\u00e1lat\u00e1t. \u201eEgy igazs\u00e1gos vil\u00e1g alapja az igazs\u00e1gos t\u00e9rk\u00e9p\u201d \u2013 jelentette ki Robert Dussey tog\u00f3i k\u00fcl\u00fcgyminiszter, aki szerint a Mercator-vet\u00fclet sz\u00e9les k\u00f6r\u0171 haszn\u00e1lata m\u00e9g a gyarmatos\u00edt\u00e1s \u00f6r\u00f6ks\u00e9ge.\n  <\/p>\n<p class=\"\">\n    Togo k\u00f6zlem\u00e9nye szerint az ENSZ-hat\u00e1rozat jogilag nem k\u00f6telez\u0151, \u00e9s semmilyen form\u00e1ban nem k\u00e9rd\u0151jelezi meg a Mercator-vet\u00fclet haszn\u00e1lat\u00e1t a tengeri \u00e9s a l\u00e9gi k\u00f6zleked\u00e9sben.\n  <\/p>\n<p class=\"\">\n    Hat tart\u00f3zkod\u00e1s mellett egyed\u00fcl az Egyes\u00fclt \u00c1llamok szavazott a javaslat ellen, arra hivatkozva, hogy azt szerinte \u201eideol\u00f3giai t\u00f6rekv\u00e9sek inspir\u00e1lt\u00e1k\u201d, \u00e9s csak eltereli a figyelmet a nemzetk\u00f6zi b\u00e9ke, j\u00f3l\u00e9t \u00e9s j\u00f3 kapcsolatok val\u00f3di probl\u00e9m\u00e1ir\u00f3l.\n  <\/p>\n<p class=\"\">\n    A Mercator-vil\u00e1gt\u00e9rk\u00e9pet haszn\u00e1lj\u00e1k vil\u00e1gszerte az oktat\u00e1sban is. Tog\u00f3ban azonban az \u00e9v v\u00e9g\u00e9ig lecser\u00e9lik a vil\u00e1gt\u00e9rk\u00e9peket az iskol\u00e1kban \u00e9s a f\u00f6ldrajz tank\u00f6nyvekben, hogy ezzel is p\u00e9ld\u00e1t mutassanak m\u00e1s orsz\u00e1goknak &#8211; mondta el Robert Dussey. A k\u00f6vetkez\u0151 l\u00e9p\u00e9sben a geoinformatikai \u00e9s helymeghat\u00e1roz\u00e1si technol\u00f3gi\u00e1kat haszn\u00e1l\u00f3 v\u00e1llalatokat szeretn\u00e9k bevonni a reformba. (MTI)\n  <\/p>\n","protected":false},"excerpt":{"rendered":"Az orsz\u00e1gok val\u00f3s m\u00e9ret\u00e9t pontosabban \u00e1br\u00e1zol\u00f3 vil\u00e1gt\u00e9rk\u00e9p haszn\u00e1lat\u00e1nak el\u0151mozd\u00edt\u00e1s\u00e1t szavazta meg p\u00e9nteken az ENSZ K\u00f6zgy\u0171l\u00e9s\u00e9n 164 tag\u00e1llam. Az&hellip;\n","protected":false},"author":2,"featured_media":233330,"comment_status":"","ping_status":"","sticky":false,"template":"","format":"standard","meta":{"footnotes":"","_share_on_mastodon":"0"},"categories":[8],"tags":[61475,303,52853,61474,42,43,61477,34,61476,61478,124,94,93,92],"class_list":["post-233329","post","type-post","status-publish","format-standard","has-post-thumbnail","category-vilag","tag-afrikai-unio","tag-egyesult-allamok","tag-ensz-kozgyules","tag-equal-earth-vetulet","tag-hungarian","tag-magyar","tag-mercator-vetulet","tag-news","tag-robert-dussey","tag-togo","tag-tudomany","tag-vilag","tag-world","tag-world-news"],"share_on_mastodon":{"url":"https:\/\/pubeurope.com\/@hu\/117215303361923479","error":""},"_links":{"self":[{"href":"https:\/\/www.europesays.com\/hu\/wp-json\/wp\/v2\/posts\/233329","targetHints":{"allow":["GET"]}}],"collection":[{"href":"https:\/\/www.europesays.com\/hu\/wp-json\/wp\/v2\/posts"}],"about":[{"href":"https:\/\/www.europesays.com\/hu\/wp-json\/wp\/v2\/types\/post"}],"author":[{"embeddable":true,"href":"https:\/\/www.europesays.com\/hu\/wp-json\/wp\/v2\/users\/2"}],"replies":[{"embeddable":true,"href":"https:\/\/www.europesays.com\/hu\/wp-json\/wp\/v2\/comments?post=233329"}],"version-history":[{"count":0,"href":"https:\/\/www.europesays.com\/hu\/wp-json\/wp\/v2\/posts\/233329\/revisions"}],"wp:featuredmedia":[{"embeddable":true,"href":"https:\/\/www.europesays.com\/hu\/wp-json\/wp\/v2\/media\/233330"}],"wp:attachment":[{"href":"https:\/\/www.europesays.com\/hu\/wp-json\/wp\/v2\/media?parent=233329"}],"wp:term":[{"taxonomy":"category","embeddable":true,"href":"https:\/\/www.europesays.com\/hu\/wp-json\/wp\/v2\/categories?post=233329"},{"taxonomy":"post_tag","embeddable":true,"href":"https:\/\/www.europesays.com\/hu\/wp-json\/wp\/v2\/tags?post=233329"}],"curies":[{"name":"wp","href":"https:\/\/api.w.org\/{rel}","templated":true}]}}