{"id":233341,"date":"2026-09-04T23:35:16","date_gmt":"2026-09-04T23:35:16","guid":{"rendered":"https:\/\/www.europesays.com\/hu\/233341\/"},"modified":"2026-09-04T23:35:16","modified_gmt":"2026-09-04T23:35:16","slug":"hogyan-lett-a-tul-europai-messibol-argentina-legnagyobb-balvanya","status":"publish","type":"post","link":"https:\/\/www.europesays.com\/hu\/233341\/","title":{"rendered":"Hogyan lett a &#8222;t\u00fal eur\u00f3pai&#8221; Messib\u0151l Argent\u00edna legnagyobb b\u00e1lv\u00e1nya?"},"content":{"rendered":"<p>Tudtuk is, sejtett\u00fck is, a bejelent\u00e9s teh\u00e1t aligha volt v\u00e1ratlan vagy sokkszer\u0171, m\u00e9gis mellbe v\u00e1gott minket a h\u00edr: Lionel Messi <a target=\"_blank\" href=\"https:\/\/24.hu\/sport\/foci\/2026\/08\/31\/visszavonult-a-valogatottsagtol-lionel-messi\/\" rel=\"nofollow noopener\">nem j\u00e1tszik t\u00f6bb\u00e9 az argentin v\u00e1logatottban<\/a>.<\/p>\n<p>Nem annyira a h\u00edr rengette meg h\u00e1t a k\u00f6zv\u00e9lem\u00e9nyt, sokkal ink\u00e1bb a gondolat, ami r\u00f6gvest ut\u00e1na k\u00f6vette. Hogy k\u00f6zeleg annak a vil\u00e1gnak az els\u0151 napja, amelyben Lionel Messit m\u00e1r nem l\u00e1thatjuk a futballp\u00e1ly\u00e1n. Az elm\u00falt hetek j\u00f3t\u00e9kony cs\u00f6ndben teltek, a vil\u00e1gbajnoks\u00e1g forgataga ut\u00e1n a figyelem m\u00e1sfel\u00e9 fordult, az \u00e1tigazol\u00e1si piac k\u00f6vethetetlen kavalk\u00e1dja k\u00f6zepette pedig k\u00f6nny\u0171 volt \u00fagy tenni, mintha az elker\u00fclhetetlen elker\u00fclhet\u0151 volna. Komfortoss\u00e1 v\u00e1lt a tagad\u00e1s.<\/p>\n<p>Messi hozz\u00e1 ill\u0151, visszafogott, m\u00e1r-m\u00e1r sztoikus bejelent\u00e9se ezt az idillinek tetsz\u0151 \u00e1llapotot z\u00fazta sz\u00e9t. S b\u00e1r a tagad\u00e1s m\u00e1mor\u00e1t k\u00e9ts\u00e9gtelen\u00fcl elvette t\u0151l\u00fcnk, lehet\u0151s\u00e9get adott m\u00e1sra, t\u00f6bbre. P\u00e9ld\u00e1ul arra, hogy v\u00e9giggondoljuk: mit jelentett minden id\u0151k egyik legnagyobb futballist\u00e1j\u00e1nak v\u00e1logatott karrierje a haz\u00e1ja sz\u00e1m\u00e1ra. Hogy mik\u00e9nt lett valaki pontr\u00f3l pontra, \u00e9vr\u0151l \u00e9vre, torn\u00e1r\u00f3l torn\u00e1ra egyre ink\u00e1bb argentinn\u00e1, s mik\u00e9pp szeretett bele egy olyan orsz\u00e1g, amely kor\u00e1bban \u00e9veken \u00e1t vonakodott \u0151t saj\u00e1tj\u00e1nak elismerni.<\/p>\n<p><img loading=\"lazy\" decoding=\"async\" class=\"size-large wp-image-4810573\" src=\"https:\/\/www.europesays.com\/hu\/wp-content\/uploads\/2026\/09\/gettyimages-2287293496-e1788361871362-1024x575.jpg\" alt=\"Lionel Messi a vb-d\u00f6nt\u0151 ut\u00e1n.\" width=\"1024\" height=\"575\" title=\"Hogyan lett a \u201et\u00fal eur\u00f3pai\u201d Messib\u0151l Argent\u00edna legnagyobb b\u00e1lv\u00e1nya? 1\"  \/>Richard Sellers\/Sportsphoto\/Allstar via Getty Images Lionel Messi a vb-d\u00f6nt\u0151 ut\u00e1n.<\/p>\n<p>Messit ugyanis saj\u00e1t haz\u00e1j\u00e1ban kor\u00e1ntsem \u00f6vezte mindig olyan felt\u00e9tlen szeretet, mint mostans\u00e1g. Argent\u00edna elvileg ugyan a D10S-ok f\u00f6ldje (a legend\u00e1s 10-es mezsz\u00e1m \u00e9s az Isten sz\u00f3 spanyol megfelel\u0151j\u00e9b\u0151l, a Dios-b\u00f3l k\u00e9pzett \u00f6sszevon\u00e1s), \u00e1m Messi kezdetben sokkal ink\u00e1bb volt sz\u00e9ls\u0151s\u00e9ges vit\u00e1k \u00e9s kifejezetten ellens\u00e9ges indulatok t\u00e1rgya a haz\u00e1j\u00e1ban, mintsem isteni rangra emelt ir\u00e1ny\u00edt\u00f3. Nem v\u00e9letlen\u00fcl \u2013 a r\u00e9gi id\u0151k sz\u00e1mos m\u00e1s legend\u00e1s argentin futballszt\u00e1rj\u00e1val ellent\u00e9tben ugyanis Messi nem az orsz\u00e1g klubrendszer\u00e9nek rangl\u00e9tr\u00e1j\u00e1t v\u00e9gigj\u00e1rva jutott el a cs\u00facsra.<\/p>\n","protected":false},"excerpt":{"rendered":"Tudtuk is, sejtett\u00fck is, a bejelent\u00e9s teh\u00e1t aligha volt v\u00e1ratlan vagy sokkszer\u0171, m\u00e9gis mellbe v\u00e1gott minket a h\u00edr:&hellip;\n","protected":false},"author":2,"featured_media":233342,"comment_status":"","ping_status":"","sticky":false,"template":"","format":"standard","meta":{"footnotes":"","_share_on_mastodon":"0"},"categories":[14],"tags":[9414,378,44,42,40,502,1981,43,41,45,131],"class_list":["post-233341","post","type-post","status-publish","format-standard","has-post-thumbnail","category-sport","tag-argentin-valogatott","tag-foci","tag-hu","tag-hungarian","tag-hungary","tag-labdarugas","tag-lionel-messi","tag-magyar","tag-magyarorszag","tag-sport","tag-sports"],"share_on_mastodon":{"url":"https:\/\/pubeurope.com\/@hu\/117215397631304819","error":""},"_links":{"self":[{"href":"https:\/\/www.europesays.com\/hu\/wp-json\/wp\/v2\/posts\/233341","targetHints":{"allow":["GET"]}}],"collection":[{"href":"https:\/\/www.europesays.com\/hu\/wp-json\/wp\/v2\/posts"}],"about":[{"href":"https:\/\/www.europesays.com\/hu\/wp-json\/wp\/v2\/types\/post"}],"author":[{"embeddable":true,"href":"https:\/\/www.europesays.com\/hu\/wp-json\/wp\/v2\/users\/2"}],"replies":[{"embeddable":true,"href":"https:\/\/www.europesays.com\/hu\/wp-json\/wp\/v2\/comments?post=233341"}],"version-history":[{"count":0,"href":"https:\/\/www.europesays.com\/hu\/wp-json\/wp\/v2\/posts\/233341\/revisions"}],"wp:featuredmedia":[{"embeddable":true,"href":"https:\/\/www.europesays.com\/hu\/wp-json\/wp\/v2\/media\/233342"}],"wp:attachment":[{"href":"https:\/\/www.europesays.com\/hu\/wp-json\/wp\/v2\/media?parent=233341"}],"wp:term":[{"taxonomy":"category","embeddable":true,"href":"https:\/\/www.europesays.com\/hu\/wp-json\/wp\/v2\/categories?post=233341"},{"taxonomy":"post_tag","embeddable":true,"href":"https:\/\/www.europesays.com\/hu\/wp-json\/wp\/v2\/tags?post=233341"}],"curies":[{"name":"wp","href":"https:\/\/api.w.org\/{rel}","templated":true}]}}