{"id":233395,"date":"2026-09-05T01:46:13","date_gmt":"2026-09-05T01:46:13","guid":{"rendered":"https:\/\/www.europesays.com\/hu\/233395\/"},"modified":"2026-09-05T01:46:13","modified_gmt":"2026-09-05T01:46:13","slug":"fontos-feladatot-kap-baka-andras-kiugroan-magas-lesz-az-augusztusi-koltsegvetesi-hiany","status":"publish","type":"post","link":"https:\/\/www.europesays.com\/hu\/233395\/","title":{"rendered":"Fontos feladatot kap Baka Andr\u00e1s, kiugr\u00f3an magas lesz az augusztusi k\u00f6lts\u00e9gvet\u00e9si hi\u00e1ny"},"content":{"rendered":"<p>Magyar P\u00e9ter <a href=\"https:\/\/www.facebook.com\/reel\/2985651548442418\" target=\"_blank\" rel=\"nofollow noopener\">elmondta<\/a>, hogy Baka Andr\u00e1s k\u00f6zt\u00e1rsas\u00e1gi eln\u00f6k k\u00e9pviseli majd Magyarorsz\u00e1got az ENSZ hamarosan kezd\u0151d\u0151, New York-i k\u00f6zgy\u0171l\u00e9s\u00e9n.<\/p>\n<p>\t\t\t\t<img decoding=\"async\" src=\"https:\/\/www.europesays.com\/hu\/wp-content\/uploads\/2026\/09\/az-unios-gigabirsagrol-es-az-uj-koltsegvetesrol-is-targyalt-magyar-peter_th.jpg\" alt=\"Az uni\u00f3s gigab\u00edrs\u00e1gr\u00f3l \u00e9s az \u00faj k\u00f6lts\u00e9gvet\u00e9sr\u0151l is t\u00e1rgyalt Magyar P\u00e9ter\" class=\"cikkajanlo-kep img-fluid mb-0\"\/><\/p>\n<p>A minisztereln\u00f6k kit\u00e9rt az eur\u00f3pai uni\u00f3s forr\u00e1sokra, amelyek az RRF-alapb\u00f3l a politikai meg\u00e1llapod\u00e1snak \u00e9s az el\u0151\u00edrt krit\u00e9riumok teljes\u00edt\u00e9s\u00e9nek k\u00f6sz\u00f6nhet\u0151en Magyarorsz\u00e1gra \u00e9rkezhetnek (mintegy 10 milli\u00e1rd eur\u00f3r\u00f3l van sz\u00f3, ebb\u0151l 6,5 milli\u00e1rd eur\u00f3 a vissza nem t\u00e9r\u00edtend\u0151 t\u00e1mogat\u00e1s \u00e9s mintegy 3,5 milli\u00e1rd eur\u00f3 a hitel) az \u0151sz folyam\u00e1n.<\/p>\n<p>Most zajlik g\u0151zer\u0151vel a gazdas\u00e1gfejleszt\u00e9si programok kidolgoz\u00e1sa, a v\u00e1llalatokat \u00e9s a lakoss\u00e1got t\u00e1mogat\u00f3 p\u00e1ly\u00e1zatok ki\u00edr\u00e1sa, valamint az eg\u00e9szs\u00e9g\u00fcgyet, oktat\u00e1st \u00e9s k\u00f6zleked\u00e9st fejleszt\u0151 programok elind\u00edt\u00e1sa.<\/p>\n<p>&#13;<\/p>\n<p>Magyar P\u00e9ter elmondta, hogy augusztusban t\u00f6bb ter\u00fcleten is a magyar k\u00f6lts\u00e9gvet\u00e9snek kellett megel\u0151legeznie az uni\u00f3s forr\u00e1sokat, ez\u00e9rt \u201ekiugr\u00f3an magas\u201d lesz az augusztusi \u00e1llamh\u00e1ztart\u00e1si hi\u00e1ny. \u0150sszel viszont meg\u00e9rkeznek az \u00e1llamkincst\u00e1r sz\u00e1ml\u00e1ira az Eur\u00f3pai Uni\u00f3t\u00f3l v\u00e1rt \u00f6sszegek, \u00e9s a k\u00f6lts\u00e9gvet\u00e9s is vissza\u00e1ll a tervezett p\u00e1ly\u00e1ra.<\/p>\n<p>&#13;<\/p>\n<p>15 \u00f3r\u00e1t\u00f3l a korm\u00e1nyf\u0151 sajt\u00f3t\u00e1j\u00e9koztat\u00f3n sz\u00e1mol be a szerdai korm\u00e1ny\u00fcl\u00e9sen hozott d\u00f6nt\u00e9sekr\u0151l. N\u00e9h\u00e1ny r\u00e9szletet m\u00e1r el\u0151tte megosztott. Elmondta, hogy a j\u00f6v\u0151 h\u00e9ten v\u00e1rhat\u00f3an \u00fajabb 10 milli\u00e1rd forintot csoportos\u00edtanak \u00e1t a gyermekv\u00e9delem t\u00e1mogat\u00e1s\u00e1ra \u00e9s fejleszt\u00e9s\u00e9re, az \u00e1llami gondoz\u00e1sban \u00e9l\u0151 gyermekek helyzet\u00e9nek jav\u00edt\u00e1s\u00e1ra.<\/p>\n<p>&#13;<br \/>\n\tEmellett a korm\u00e1ny d\u00f6nt\u00f6tt a kaszin\u00f3koncesszi\u00f3k \u00fcgy\u00e9ben, \u00e9s a doh\u00e1nykoncesszi\u00f3 teljes \u00e1talak\u00edt\u00e1sa is elindul.&#13;<br \/>\n\tAz \u00e1llami erd\u0151gazdas\u00e1gokn\u00e1l a 2026. janu\u00e1r 1-jei szinten befagyasztj\u00e1k a t\u0171zifa \u00e1r\u00e1t a lakoss\u00e1gi vev\u0151k sz\u00e1m\u00e1ra.&#13;<br \/>\n\t2027. janu\u00e1r 1-j\u00e9t\u0151l pedig megemelik a megv\u00e1ltozott munkak\u00e9pess\u00e9g\u0171 \u00e1llampolg\u00e1rok ell\u00e1t\u00e1s\u00e1t.&#13;<\/p>\n<p>\t\t\t\t<img decoding=\"async\" src=\"https:\/\/www.europesays.com\/hu\/wp-content\/uploads\/2026\/09\/megelegelte-a-kormany-a-panaszokat-teljes-koru-felulvizsgalatot-rendelt-el_th.jpg\" alt=\"Megel\u00e9gelte a korm\u00e1ny a panaszokat, teljes k\u00f6r\u0171 fel\u00fclvizsg\u00e1latot rendelt el\" class=\"cikkajanlo-kep img-fluid mb-0\"\/><\/p>\n<p>Magyar P\u00e9ter kit\u00e9rt arra is, hogy \u201ea paksi fen\u00e9kk\u00fcsz\u00f6b a tervek szerint, hib\u00e1tlanul l\u00e1tja el a feladat\u00e1t\u201d. A minisztereln\u00f6k szerint term\u00e9szetes \u00e9s el\u0151re l\u00e1that\u00f3 volt, hogy a felgyorsul\u00f3 \u00e1raml\u00e1s miatt m\u00e9ly\u00fclni fog a Duna medre, de a helysz\u00ednen dolgoz\u00f3 szakemberek sz\u00fcks\u00e9g eset\u00e9n p\u00f3tolj\u00e1k a k\u0151mennyis\u00e9get. \u201eA Paksi Atomer\u0151m\u0171 teljes kapacit\u00e1ssal \u00e9s biztons\u00e1gosan m\u0171k\u00f6dik.\u201d<\/p>\n<p>\t\t\t\t<img decoding=\"async\" src=\"https:\/\/www.europesays.com\/hu\/wp-content\/uploads\/2026\/09\/oriasi-kuzdelmet-vivnak-romaniaban-az-egyetlen-atomeromuvukert_th.jpg\" alt=\"\u00d3ri\u00e1si k\u00fczdelmet v\u00edvnak Rom\u00e1ni\u00e1ban az egyetlen atomer\u0151m\u0171v\u00fck\u00e9rt\" class=\"cikkajanlo-kep img-fluid mb-0\"\/><\/p>\n<p>\u00a0<\/p>\n","protected":false},"excerpt":{"rendered":"Magyar P\u00e9ter elmondta, hogy Baka Andr\u00e1s k\u00f6zt\u00e1rsas\u00e1gi eln\u00f6k k\u00e9pviseli majd Magyarorsz\u00e1got az ENSZ hamarosan kezd\u0151d\u0151, New York-i k\u00f6zgy\u0171l\u00e9s\u00e9n.&hellip;\n","protected":false},"author":2,"featured_media":233396,"comment_status":"","ping_status":"","sticky":false,"template":"","format":"standard","meta":{"footnotes":"","_share_on_mastodon":"0"},"categories":[6],"tags":[44082,2306,429,44,42,40,1220,43,944,41],"class_list":["post-233395","post","type-post","status-publish","format-standard","has-post-thumbnail","category-magyarorszag","tag-baka-andras","tag-ensz","tag-europai-unio","tag-hu","tag-hungarian","tag-hungary","tag-kozerdeku","tag-magyar","tag-magyar-peter","tag-magyarorszag"],"share_on_mastodon":{"url":"https:\/\/pubeurope.com\/@hu\/117215913102776139","error":""},"_links":{"self":[{"href":"https:\/\/www.europesays.com\/hu\/wp-json\/wp\/v2\/posts\/233395","targetHints":{"allow":["GET"]}}],"collection":[{"href":"https:\/\/www.europesays.com\/hu\/wp-json\/wp\/v2\/posts"}],"about":[{"href":"https:\/\/www.europesays.com\/hu\/wp-json\/wp\/v2\/types\/post"}],"author":[{"embeddable":true,"href":"https:\/\/www.europesays.com\/hu\/wp-json\/wp\/v2\/users\/2"}],"replies":[{"embeddable":true,"href":"https:\/\/www.europesays.com\/hu\/wp-json\/wp\/v2\/comments?post=233395"}],"version-history":[{"count":0,"href":"https:\/\/www.europesays.com\/hu\/wp-json\/wp\/v2\/posts\/233395\/revisions"}],"wp:featuredmedia":[{"embeddable":true,"href":"https:\/\/www.europesays.com\/hu\/wp-json\/wp\/v2\/media\/233396"}],"wp:attachment":[{"href":"https:\/\/www.europesays.com\/hu\/wp-json\/wp\/v2\/media?parent=233395"}],"wp:term":[{"taxonomy":"category","embeddable":true,"href":"https:\/\/www.europesays.com\/hu\/wp-json\/wp\/v2\/categories?post=233395"},{"taxonomy":"post_tag","embeddable":true,"href":"https:\/\/www.europesays.com\/hu\/wp-json\/wp\/v2\/tags?post=233395"}],"curies":[{"name":"wp","href":"https:\/\/api.w.org\/{rel}","templated":true}]}}