{"id":233427,"date":"2026-09-05T03:23:51","date_gmt":"2026-09-05T03:23:51","guid":{"rendered":"https:\/\/www.europesays.com\/hu\/233427\/"},"modified":"2026-09-05T03:23:51","modified_gmt":"2026-09-05T03:23:51","slug":"gazdasag-az-egyesult-allamok-szankcioval-sujtotta-raul-castro-unokajat","status":"publish","type":"post","link":"https:\/\/www.europesays.com\/hu\/233427\/","title":{"rendered":"Gazdas\u00e1g: Az Egyes\u00fclt \u00c1llamok szankci\u00f3val s\u00fajtotta Ra\u00fal Castro unok\u00e1j\u00e1t"},"content":{"rendered":"<p>Szankci\u00f3s list\u00e1ra vette az Egyes\u00fclt \u00c1llamok Fidel Ernesto Castro Calist, Ra\u00fal Castro egykori kubai eln\u00f6k unok\u00e1j\u00e1t \u00e9s t\u00f6bb kubai \u00e1llami v\u00e1llalatot \u2013 k\u00f6z\u00f6lte az amerikai k\u00fcl\u00fcgyminiszt\u00e9rium cs\u00fct\u00f6rt\u00f6k\u00f6n.<\/p>\n<p>Marco Rubio k\u00fcl\u00fcgyminiszter k\u00f6zlem\u00e9ny\u00e9ben eml\u00e9keztetett arra, hogy az amerikai korm\u00e1nyzat ny\u00e1ron m\u00e1r a Castro csal\u00e1d t\u00f6bb tagj\u00e1t b\u00fcntet\u0151int\u00e9zked\u00e9s al\u00e1 helyezte.<\/p>\n<p>A bejelent\u00e9s szerint friss amerikai szankci\u00f3 al\u00e1 ker\u00fclt a kubai \u00e1llami k\u00fclkereskedelmi bank is. Szint\u00e9n b\u00fcntet\u0151int\u00e9zked\u00e9ssel s\u00fajtottak t\u00f6bb \u00e1llami tulajdon\u00fa b\u00e1ny\u00e1szati \u00e9s energetikai v\u00e1llalatot, azzal az indokl\u00e1ssal, hogy Kuba gazdas\u00e1gi er\u0151forr\u00e1sainak kiakn\u00e1z\u00e1s\u00e1ra ir\u00e1nyul\u00f3 m\u0171k\u00f6d\u00e9s\u00fckkel azok az orsz\u00e1g korm\u00e1ny\u00e1nak haszn\u00e1t szolg\u00e1lj\u00e1k.<\/p>\n<p>\u201eA kommunista kubai rezsim tov\u00e1bbra is m\u00e9ly \u00e9s t\u00f6bbr\u00e9t\u0171 fenyeget\u00e9st jelent az Egyes\u00fclt \u00c1llamok nemzetbiztons\u00e1g\u00e1ra \u00e9s a f\u00f6ldr\u00e9sz stabilit\u00e1s\u00e1ra\u201d \u2013 \u00e1ll a k\u00f6zlem\u00e9nyben.<\/p>\n<p>\u201eMik\u00f6zben a kubai emberek szenvednek, a Castro csal\u00e1d \u00e9s kiszolg\u00e1l\u00f3ik Kuba elnyom\u00f3 bel\u00fcgyminiszt\u00e9rium\u00e1ban v\u00e1ltozatlanul teljes ellen\u0151rz\u00e9st gyakorolnak a sziget gazdas\u00e1ga felett, \u00e9s az er\u0151forr\u00e1sokat a rezsim elitj\u00e9nek kis csoportja jav\u00e1ra halmozz\u00e1k fel\u201d \u2013 fogalmazott a miniszter.<\/p>\n<p> <a href=\"https:\/\/hvg.hu\/360\/20260704_tortenelmi-reformok-kubaban-sajat-modell-hianypotlas-kifeszitett-ajto-hvg\" target=\"_self\" rel=\"nofollow noopener\"> <\/p>\n<p>https:\/\/hvg.hu\/360\/20260704_tortenelmi-reformok-kubaban-sajat-modell-hianypotlas-kifeszitett-ajto-hvg<\/p>\n<p>Nyit\u00f3k\u00e9p\u00fcnk\u00f6n Marco Rubio. Fot\u00f3: AFP \/ Alex Brandon.<\/p>\n","protected":false},"excerpt":{"rendered":"Szankci\u00f3s list\u00e1ra vette az Egyes\u00fclt \u00c1llamok Fidel Ernesto Castro Calist, Ra\u00fal Castro egykori kubai eln\u00f6k unok\u00e1j\u00e1t \u00e9s t\u00f6bb&hellip;\n","protected":false},"author":2,"featured_media":233428,"comment_status":"","ping_status":"","sticky":false,"template":"","format":"standard","meta":{"footnotes":"","_share_on_mastodon":"0"},"categories":[8],"tags":[303,42,5330,43,987,34,11312,3761,94,93,92],"class_list":["post-233427","post","type-post","status-publish","format-standard","has-post-thumbnail","category-vilag","tag-egyesult-allamok","tag-hungarian","tag-kuba","tag-magyar","tag-marco-rubio","tag-news","tag-raul-castro","tag-szankcio","tag-vilag","tag-world","tag-world-news"],"share_on_mastodon":{"url":"https:\/\/pubeurope.com\/@hu\/117216298007649953","error":""},"_links":{"self":[{"href":"https:\/\/www.europesays.com\/hu\/wp-json\/wp\/v2\/posts\/233427","targetHints":{"allow":["GET"]}}],"collection":[{"href":"https:\/\/www.europesays.com\/hu\/wp-json\/wp\/v2\/posts"}],"about":[{"href":"https:\/\/www.europesays.com\/hu\/wp-json\/wp\/v2\/types\/post"}],"author":[{"embeddable":true,"href":"https:\/\/www.europesays.com\/hu\/wp-json\/wp\/v2\/users\/2"}],"replies":[{"embeddable":true,"href":"https:\/\/www.europesays.com\/hu\/wp-json\/wp\/v2\/comments?post=233427"}],"version-history":[{"count":0,"href":"https:\/\/www.europesays.com\/hu\/wp-json\/wp\/v2\/posts\/233427\/revisions"}],"wp:featuredmedia":[{"embeddable":true,"href":"https:\/\/www.europesays.com\/hu\/wp-json\/wp\/v2\/media\/233428"}],"wp:attachment":[{"href":"https:\/\/www.europesays.com\/hu\/wp-json\/wp\/v2\/media?parent=233427"}],"wp:term":[{"taxonomy":"category","embeddable":true,"href":"https:\/\/www.europesays.com\/hu\/wp-json\/wp\/v2\/categories?post=233427"},{"taxonomy":"post_tag","embeddable":true,"href":"https:\/\/www.europesays.com\/hu\/wp-json\/wp\/v2\/tags?post=233427"}],"curies":[{"name":"wp","href":"https:\/\/api.w.org\/{rel}","templated":true}]}}